{"id":148761,"date":"2017-02-02T19:34:37","date_gmt":"2017-02-02T16:34:37","guid":{"rendered":"https:\/\/analyse.optim.biz\/?p=148761"},"modified":"2017-02-02T19:34:37","modified_gmt":"2017-02-02T16:34:37","slug":"proteste-in-toata-tara-mesajele-romanilor-pentru-euronews","status":"publish","type":"post","link":"https:\/\/analyse.optim.biz\/?p=148761","title":{"rendered":"Proteste \u00een toat\u0103 \u021bara. Mesajele rom\u00e2nilor pentru Euronews"},"content":{"rendered":"<div class=\"entry data-app-meta data-app-meta-article\" data-embed-base-url-canonical=\"https:\/\/www.digi24.ro\/embed\/stiri\/externe\/ue\/proteste-in-toata-tara-mesajele-romanilor-pentru-euronews-662035\">\n<p data-index=\"1\"><strong>Mai mul\u0163i rom\u00e2ni le-au scris jurnali\u015ftilor de la Euronews pentru a-\u015fi exprima p\u0103rerea \u00een leg\u0103tur\u0103 cu protestele din \u0163ar\u0103, relateaz\u0103 <a href=\"http:\/\/www.news.ro\/externe\/euronews-publica-marturiile-mai-multor-romani-care-au-scris-pe-adresa-redactiei-pentru-a-se-pronunta-asupra-crizei-din-tara-1922404902232017021816613371\" target=\"_blank\" data-skip-linkfix=\"1\" rel=\"noopener\">News.ro.<\/a><\/strong><\/p>\n<figure class=\"article-thumb\"><img decoding=\"async\" src=\"https:\/\/analyse.optim.biz\/wp-content\/uploads\/2024\/09\/yxnopweyzdgwzwzizdy3mtgwzmflzgq2ymq4nwe0mdlkmwi2-thumb_.jpg\" alt=\"FOTO PROTESTE BOGDAN BUDA 2\" data-skip-htmlfix=\"1\" title=\"yxnopweyzdgwzwzizdy3mtgwzmflzgq2ymq4nwe0mdlkmwi2-thumb_\"><figcaption> BOGDAN BUDA PHOTOGRAPHY <\/figcaption><\/figure>\n<p data-index=\"2\"><strong>Ion Sava, 35 de ani, inginer constructor:<\/strong> \u201eProtestele provin din modul meschin \u015fi abuziv \u00een care au procedat, peste capul Parlamentului \u015fi interfer\u00e2nd cu puterea judec\u0103toreasc\u0103, pentru a-\u015fi putea salva \u015feful, pe Dragnea, de la \u00eenchisoare. Mul\u0163i cred c\u0103 trebuie s\u0103 ac\u0163ioneze cu toat\u0103 for\u0163a, acum, \u00eenainte s\u0103 decid\u0103 s\u0103 interzic\u0103 mitingurile, re\u0163elele de socializare \u015fi libertatea de exprimare. Pentru c\u0103 tocmai ne-au ar\u0103tat c\u0103 pot \u015fi c\u0103 nu se vor opri p\u00e2n\u0103 c\u00e2nd nu vor ob\u0163ine puterea total\u0103. Sper\u0103m c\u0103 UE ar putea interveni \u015fi lua o pozi\u0163ie ferm\u0103, pentru c\u0103 exist\u0103 deja zvonuri c\u0103 Guvernul va \u00eencerca s\u0103 \u00eendep\u0103rteze \u0163ara de UE, pentru a sc\u0103pa de monitorizarea privind\u00a0 corup\u0163ia\u201d.<\/p>\n<p data-index=\"3\"><strong>Diana Rusu, consilier al politicianului rom\u00e2n Valeriu Steriu<\/strong>, \u00eens\u0103 vorbind \u00een nume personal \u201eProtestele antiguvernamentale de amploare din Rom\u00e2nia au fost privite de popula\u0163ia din zona urban\u0103 ca un semn al responsabilit\u0103\u0163ii civile, c\u00e2nd liderii politici par s\u0103 nu respecte interesul popula\u0163iei. Merit\u0103 men\u0163ionat c\u0103 protestele masive din noiembrie 2015, care au dus la demisia Guvernului social-democrat, au stabilit un precedent potrivit c\u0103ruia manifesta\u0163iile pa\u015fnice pot aduce o schimbare. Cred c\u0103 aceasta este o motiva\u0163ie foarte important\u0103 pentru to\u0163i cei care protesteaz\u0103. Lupta anticorup\u0163ie a avut \u00eentotdeauna o sus\u0163inere popular\u0103 foarte mare, \u00een special de c\u00e2nd s-a intensificat \u00een ultimii patru ani, dobor\u00e2nd zeci de oficiali \u015fi politicieni corup\u0163i. O parte semnificativ\u0103 a popula\u0163iei, \u00een special cea urban\u0103, care nu sus\u0163ine, de regul\u0103, social-democra\u0163ii, a v\u0103zut o \u00eembun\u0103t\u0103\u0163ire a standarului de via\u0163\u0103 dup\u0103 ce Rom\u00e2nia a aderat la UE \u015fi consider\u0103 lupta anticorup\u0163ie drept un pas obligatoriu \u00een transformarea \u0163\u0103rii\u201d.<\/p>\n<p data-index=\"4\"><strong>Mihai Picu, 49 de ani, din Bucure\u015fti:<\/strong> \u201eCriza economic\u0103 a sugrumat economia Rom\u00e2niei din 2009. Din 2012 p\u00e2n\u0103 \u00een 2015, Guvernul PSD a decis s\u0103 taie investi\u0163iile, iar multe proiecte au disp\u0103rut. Cred c\u0103 acest aspect economic a creat grupuri de presiune \u015fi o mi\u015fcare \u00eempotriva corup\u0163iei\u201d.<\/p>\n<p data-index=\"5\"><strong>Michael Iakab:<\/strong> \u201eNu sus\u0163in schimb\u0103rile pe care le-a f\u0103cut Parlamentul rom\u00e2n, mi-e ru\u015fine c\u0103 sunt cet\u0103\u0163ean rom\u00e2n\u201d.<\/p>\n<p data-index=\"6\"><strong>Vasile Br\u0103ileanu, 49 de ani, inginer IT din Bucure\u015fti:<\/strong> \u201eSuntem s\u0103tuli de ace\u015fti politicieni care cred c\u0103 sunt ale\u015fi pentru totdeauna. \u015eeful PSD a fost condamnat la doi ani de \u00eenchisoare pentru fraud\u0103 electoral\u0103, un al doilea proces de corup\u0163ie este \u00een curs, iar aceste schimb\u0103ri ale legii \u00eel vor face iertat, pentru ca apoi s\u0103 poat\u0103 fi premier, fiinc\u0103 nu mai este infractor. Totul este explicat de ministrul Justi\u0163iei drept nevoia de mai mult spa\u0163iu \u00een \u00eenchisori, pentru c\u0103 sunt supraaglomerate. Dup\u0103 Revolu\u0163ia s\u00e2ngeroas\u0103, nu a mai fost construit\u0103 nicio \u00eenchisoare, de\u015fi mini\u015ftrii Justi\u0163iei anun\u0163\u0103 \u00een fiecare an c\u0103 \u00eenchisorile sunt supraaglomerate, iar condi\u0163iile sunt mizerabile\u201d<\/p>\n<p data-index=\"7\"><strong>Ovidiu Ursachi, rom\u00e2n care locuie\u015fte \u00een Germania:<\/strong> \u201eC\u00e2nd un partid politic ce are r\u0103d\u0103cini comuniste ad\u00e2nci ajunge la putere \u015fi, ca prim\u0103 m\u0103sur\u0103, dau o ordonan\u0163\u0103 de urgen\u0163\u0103 (folosit\u0103 \u00een mod normal pentru situa\u0163ii de urgen\u0163\u0103 adev\u0103rate, precum r\u0103zboiul, dezastrele naturale, etc&#8230;) \u00een privin\u0163a legilor \u00eempotriva corup\u0163iei, atunci aceast\u0103 \u0163ar\u0103 are o mare problem\u0103. \u00centr-o \u0163ar\u0103 \u00een care corup\u0163ia puternic\u0103 este peste tot \u00een sistemul politic \u015fi cel administrativ \u015fi unde investi\u0163iile ajung \u00een buzunarele politicienilor, \u00een loc de educa\u0163ie, s\u0103n\u0103tate, transport sau sisteme de ap\u0103rare, atunci oamenii nu mai au speran\u0163\u0103. Trei milioane de oameni au p\u0103r\u0103sit deja \u0163ara (inclusiv eu), pentru c\u0103 ace\u015fti politicieni nu ne-au l\u0103sat niciun viitor luminos posibil. Mul\u0163i sper\u0103 \u00eenc\u0103, dar acum sunt la limit\u0103 \u015fi devin f\u0103r\u0103 speran\u0163\u0103. Astfel, Rom\u00e2nia nu va mai fi, \u00een cur\u00e2nd, un pol de stabilitate \u00een Europa de Est. Dup\u0103 Polonia, Ungaria \u015fi Bulgaria, se pare c\u0103 Rom\u00e2nia \u00ee\u015fi deschide calea c\u0103tre instabilitate politic\u0103. \u00cen aceste condi\u0163ii, to\u0163i politicienii occidentali trebuie s\u0103 ne sus\u0163in\u0103 \u00een eforturile noastre de a anula aceste amendamente\u201d.<\/p>\n<p data-index=\"8\"><strong>Valentina Dimulescu, cercet\u0103tor \u00een domeniul politicilor publice:<\/strong> \u201eOamenii simt, cu siguran\u0163\u0103, c\u0103 vocile lor au fost ignorate grosier \u015fi c\u0103 au fost min\u0163i\u0163i de c\u00e2nd Guvernul i-a promis pre\u015fedintelui c\u0103 aceste modific\u0103ri vor trece printr-o dezbatere public\u0103 adecvat\u0103. Faptul c\u0103 aproximativ 12.000 de oameni s-au gr\u0103bit la protest mar\u0163i noapte, inclusiv \u00een alte ora\u015fe importante (dec\u00e2t \u00een Bucure\u015fti \u2013 n.r.), arat\u0103 c\u0103 aceste proteste vor continua, probabil, \u015fi chiar vor cre\u015fte. Unele companii locale au anun\u0163at c\u0103 vor oferi m\u00e2ncare \u015fi b\u0103utur\u0103 gratuit\u0103 manifestan\u0163ilor, iar unii cet\u0103\u0163eni priva\u0163i le ofer\u0103 apartamentele lor protestatarilor din afara Bucure\u015ftiului\u201d.<\/p>\n<p data-index=\"9\"><strong>Micu Alexandru, 24 de ani, din Cluj:<\/strong> \u201eM-am s\u0103turat de oamenii care sunt acum la putere. Fac lucrurile numai \u00een beneficiul lor, chiar dac\u0103 acest lucru \u00eenseamn\u0103 s\u0103 \u2018p\u00e2rjoleasc\u0103\u2019 \u0163ara. Noaptea trecut\u0103 (miercuri spre joi \u2013 n.r.), circa 300.000 de rom\u00e2ni din toat\u0103 lumea au protestat \u00eempotriva Guvernului \u015fi \u00eempotriva decretelor de mar\u0163i. Aceasta a fost, probabil, cea mai mare manifesta\u0163ie dup\u0103 Revolu\u0163ie \u015fi nici m\u0103car nu le pas\u0103. Voi fi \u00een strad\u0103 c\u00e2t este nevoie pentru a schimba acest lucru. Iar c\u00e2nd se va termina totul, dac\u0103 vor fi \u00een continuare la putere, m\u0103 g\u00e2ndesc serios s\u0103 plec din \u0163ar\u0103\u201d.<\/p>\n<\/div>\n<p> Source URL: https:\/\/www.digi24.ro\/stiri\/externe\/ue\/proteste-in-toata-tara-mesajele-romanilor-pentru-euronews-662035<\/p>\n","protected":false},"excerpt":{"rendered":"<p>Mai mul\u0163i rom\u00e2ni le-au scris jurnali\u015ftilor de la Euronews pentru a-\u015fi exprima p\u0103rerea \u00een leg\u0103tur\u0103 cu protestele din \u0163ar\u0103, relateaz\u0103 News.ro. BOGDAN BUDA PHOTOGRAPHY Ion Sava, 35 de ani, inginer constructor: \u201eProtestele provin din modul meschin \u015fi abuziv \u00een care au procedat, peste capul Parlamentului \u015fi interfer\u00e2nd cu puterea judec\u0103toreasc\u0103, pentru a-\u015fi putea salva \u015feful, [&hellip;]<\/p>\n","protected":false},"author":1,"featured_media":148762,"comment_status":"open","ping_status":"","sticky":false,"template":"","format":"standard","meta":{"footnotes":""},"categories":[2],"tags":[11],"class_list":["post-148761","post","type-post","status-publish","format-standard","has-post-thumbnail","hentry","category-politics","tag-digi24"],"_links":{"self":[{"href":"https:\/\/analyse.optim.biz\/index.php?rest_route=\/wp\/v2\/posts\/148761","targetHints":{"allow":["GET"]}}],"collection":[{"href":"https:\/\/analyse.optim.biz\/index.php?rest_route=\/wp\/v2\/posts"}],"about":[{"href":"https:\/\/analyse.optim.biz\/index.php?rest_route=\/wp\/v2\/types\/post"}],"author":[{"embeddable":true,"href":"https:\/\/analyse.optim.biz\/index.php?rest_route=\/wp\/v2\/users\/1"}],"replies":[{"embeddable":true,"href":"https:\/\/analyse.optim.biz\/index.php?rest_route=%2Fwp%2Fv2%2Fcomments&post=148761"}],"version-history":[{"count":0,"href":"https:\/\/analyse.optim.biz\/index.php?rest_route=\/wp\/v2\/posts\/148761\/revisions"}],"wp:featuredmedia":[{"embeddable":true,"href":"https:\/\/analyse.optim.biz\/index.php?rest_route=\/wp\/v2\/media\/148762"}],"wp:attachment":[{"href":"https:\/\/analyse.optim.biz\/index.php?rest_route=%2Fwp%2Fv2%2Fmedia&parent=148761"}],"wp:term":[{"taxonomy":"category","embeddable":true,"href":"https:\/\/analyse.optim.biz\/index.php?rest_route=%2Fwp%2Fv2%2Fcategories&post=148761"},{"taxonomy":"post_tag","embeddable":true,"href":"https:\/\/analyse.optim.biz\/index.php?rest_route=%2Fwp%2Fv2%2Ftags&post=148761"}],"curies":[{"name":"wp","href":"https:\/\/api.w.org\/{rel}","templated":true}]}}