{"id":1485855,"date":"2015-03-01T17:55:04","date_gmt":"2015-03-01T14:55:04","guid":{"rendered":"https:\/\/analyse.optim.biz\/?p=1485855"},"modified":"2015-03-01T17:55:04","modified_gmt":"2015-03-01T14:55:04","slug":"eroii-nu-mor-mii-de-rusi-au-marsaluit-in-memoria-lui-boris-nemtov-ucis-vineri-noaptea","status":"publish","type":"post","link":"https:\/\/analyse.optim.biz\/?p=1485855","title":{"rendered":"Eroii nu mor! Mii de ru\u015fi au m\u0103r\u015f\u0103luit \u00een memoria lui Boris Nem\u0163ov, ucis vineri noaptea"},"content":{"rendered":"<div class=\"post-content-bd\">\n<p>C\u00e2teva mii de ru\u015fi s-au str\u00e2ns duminic\u0103 \u00een Pia\u0163a Slavianskaia din centrul Moscovei pentru a participa la un mar\u015f organizat pentru a-l comemora pe fostul vicepremier Boris Nem\u0163ov, ucis vineri noapte \u00een apropierea Palatului Kremlin.<\/p>\n<p>Mar\u015ful organizat ast\u0103zi \u00een centrul Moscovei trebuia s\u0103 fie unul antiguvernamental, condus de Boris Nem\u0163ov. Dup\u0103 ce acesta a fost ucis, \u00een noaptea vineri spre s\u00e2mb\u0103t\u0103, mii de ru\u015fi s-au str\u00e2ns pentru a participa la manifesta\u0163ia care, acum, este de comemorare pentru politicianul asasinat \u00een condi\u0163ii \u00eenc\u0103 neelucidate. Nem\u0163ov, unul dintre cei mai aprigi critici ai pre\u015fedintelui rus Vladimir Putin, a fost \u00eempu\u015fcat de patru ori \u00een spate, pe un pod din apropierea Kremlinului, \u00een timp ce se plimba al\u0103turi de presupusa sa amant\u0103, un fotomodel ucrainean \u00een v\u00e2rst\u0103 de 23 de ani (adevarul.ro).<\/p>\n<\/div>\n<p> Source URL: https:\/\/www.banatulmeu.ro\/eroii-nu-mor-mii-de-rusi-au-marsaluit-in-memoria-lui-boris-nemtov-ucis-vineri-noaptea\/<\/p>\n","protected":false},"excerpt":{"rendered":"<p>C\u00e2teva mii de ru\u015fi s-au str\u00e2ns duminic\u0103 \u00een Pia\u0163a Slavianskaia din centrul Moscovei pentru a participa la un mar\u015f organizat pentru a-l comemora pe fostul vicepremier Boris Nem\u0163ov, ucis vineri noapte \u00een apropierea Palatului Kremlin. Mar\u015ful organizat ast\u0103zi \u00een centrul Moscovei trebuia s\u0103 fie unul antiguvernamental, condus de Boris Nem\u0163ov. Dup\u0103 ce acesta a fost [&hellip;]<\/p>\n","protected":false},"author":1,"featured_media":1485857,"comment_status":"open","ping_status":"","sticky":false,"template":"","format":"standard","meta":{"footnotes":""},"categories":[89],"tags":[204],"class_list":["post-1485855","post","type-post","status-publish","format-standard","has-post-thumbnail","hentry","category-romania","tag-banatulmeu-ro"],"_links":{"self":[{"href":"https:\/\/analyse.optim.biz\/index.php?rest_route=\/wp\/v2\/posts\/1485855","targetHints":{"allow":["GET"]}}],"collection":[{"href":"https:\/\/analyse.optim.biz\/index.php?rest_route=\/wp\/v2\/posts"}],"about":[{"href":"https:\/\/analyse.optim.biz\/index.php?rest_route=\/wp\/v2\/types\/post"}],"author":[{"embeddable":true,"href":"https:\/\/analyse.optim.biz\/index.php?rest_route=\/wp\/v2\/users\/1"}],"replies":[{"embeddable":true,"href":"https:\/\/analyse.optim.biz\/index.php?rest_route=%2Fwp%2Fv2%2Fcomments&post=1485855"}],"version-history":[{"count":0,"href":"https:\/\/analyse.optim.biz\/index.php?rest_route=\/wp\/v2\/posts\/1485855\/revisions"}],"wp:featuredmedia":[{"embeddable":true,"href":"https:\/\/analyse.optim.biz\/index.php?rest_route=\/wp\/v2\/media\/1485857"}],"wp:attachment":[{"href":"https:\/\/analyse.optim.biz\/index.php?rest_route=%2Fwp%2Fv2%2Fmedia&parent=1485855"}],"wp:term":[{"taxonomy":"category","embeddable":true,"href":"https:\/\/analyse.optim.biz\/index.php?rest_route=%2Fwp%2Fv2%2Fcategories&post=1485855"},{"taxonomy":"post_tag","embeddable":true,"href":"https:\/\/analyse.optim.biz\/index.php?rest_route=%2Fwp%2Fv2%2Ftags&post=1485855"}],"curies":[{"name":"wp","href":"https:\/\/api.w.org\/{rel}","templated":true}]}}