{"id":1485848,"date":"2015-05-16T06:04:36","date_gmt":"2015-05-16T03:04:36","guid":{"rendered":"https:\/\/analyse.optim.biz\/?p=1485848"},"modified":"2015-05-16T06:04:36","modified_gmt":"2015-05-16T03:04:36","slug":"stefan-popa-popas-a-fost-premiat-in-lituania","status":"publish","type":"post","link":"https:\/\/analyse.optim.biz\/?p=1485848","title":{"rendered":"\u015etefan Popa Popa\u2019s a fost premiat \u00een Lituania"},"content":{"rendered":"<div class=\"post-content-bd\">\n<p>\u015etefan Popa Popa\u2019s continu\u0103 s\u0103 str\u0103bat\u0103 Europa pentru a reprezenta Rom\u00e2nia la cel mai \u00eenalt nivel. Dup\u0103 ce a realizat o expozi\u0163ie la Bruxelles, \u00eentr-o pia\u0163et\u0103 public\u0103, \u015fi \u00eent\u00e2lnirea cu primarul capitalei Belgiei, caricaturistul timi\u015forean s-a deplasat la Vilnius, \u00een Lituania, pentru a ridica un premiu important. Artistului i s-a acordat Premiul Ciurlionis (dup\u0103 numele celui mai cunoscut pictor lituanian, Mikalojus Konstantinas Ciurlionis), \u00een cadrul unui eveniment desf\u0103\u015furat la Muzeul de Arte Frumoase din Vilnius.<\/p>\n<p>\u201eA fost prezent la eveniment vicepre\u015fedintele Parlamentului Lituanian, \u015fase mini\u015ftri, 30 de ambasadori \u015fi numeroase personalit\u0103\u0163i, directori de muzee \u015fi universit\u0103\u0163i. A fost o gal\u0103 foarte frumoas\u0103. Mi-a pl\u0103cut c\u0103ldura oamenilor din Lituania\u201d, a spus \u015etefan Popa Popa\u2019s. A\u015fa cum obi\u015fnuie\u015fte la evenimentele la care particip\u0103, Popa\u2019s a f\u0103cut un maraton de desenat portrete ale invita\u0163ilor. \u201eAm f\u0103cut peste 200 de portrete. P\u00e2n\u0103 la ora 1 noaptea am stat la muzeu. Am avut \u015fi o mic\u0103 expozi\u0163ie cu portretele unor personalit\u0103\u0163i\u201d, a ad\u0103ugat Popa\u2019s.<\/p>\n<p><a class=\"pop-img-bd\" href=\"http:\/\/www.banatulmeu.ro\/wp-content\/uploads\/2015\/05\/popas1.jpg\"><img loading=\"lazy\" decoding=\"async\" class=\"alignnone size-medium wp-image-13953\" src=\"https:\/\/analyse.optim.biz\/wp-content\/uploads\/2026\/01\/popas1-242x300-1.jpg\" alt=\"popas1\" width=\"242\" height=\"300\" title=\"popas1-242x300-1\"><\/a><\/p>\n<p><img loading=\"lazy\" decoding=\"async\" class=\"alignnone size-medium wp-image-13953\" src=\"https:\/\/analyse.optim.biz\/wp-content\/uploads\/2026\/01\/popas1-242x300-1.jpg\" alt=\"popas1\" width=\"242\" height=\"300\" title=\"popas1-242x300-1\"><\/p>\n<p>\u201c\u015etefan Popa Popa\u2019s este un mare pictor-grafician dar \u015fi caricaturist. Are o manier\u0103 de prezentare foarte interesant\u0103. \u00cen Lituania mai rar vezi astfel de portrete, este momentul acum ca lituanienii s\u0103-i vad\u0103 pe politicieni caricaturiza\u0163i. Forma fe\u0163elor este diferit\u0103. Unii seam\u0103n\u0103 cu o floare, al\u0163ii cu ni\u015fte legume ceea ce este interesant. Aceste fe\u0163e de politicieni stau acum \u00een expozi\u0163ie unul l\u00e2ng\u0103 altul \u015fi po\u0163i s\u0103-i prive\u015fti mai atent \u00eentreb\u00e2ndu-te: Pe cine am ales?\u201d, a spus Algirdas Gaizutis, rectorul Universit\u0103\u0163ii de Arte din Vilnius \u015fi pre\u015fedintele Funda\u0163iei Ciurlionis.<\/p>\n<p>\u201ePopa\u2019s este un artist inteligent \u015fi conving\u0103tor. Reu\u015fe\u015fte s\u0103 prind\u0103 esen\u0163a persoanei \u015fi foarte rapid o a\u015fterne pe h\u00e2rtie. \u00cen realitate este un pictor-caricaturist de esen\u0163\u0103 optimist\u0103. C\u00e2nd deformeaz\u0103 fe\u0163ele, acestea devin unice \u015fi se transform\u0103 \u00een imagini speciale. Acesta este talent\u201d, a afirmat Romualdas Budrys, directorul Muzeul Lituanian de Art\u0103.<\/p>\n<p>\u015etefan Popa Popa\u2019s, rom\u00e2nul care figureaz\u0103 \u00een Guiness Book ca cel mai rapid caricaturist din lume, se preg\u0103te\u015fte acum de marele eveniment de la Timi\u015foara, care va fi organizat pe 11 iunie, cu ocazia \u00eemplinirii v\u00e2rstei de 60 de ani.<\/p>\n<p>\u00cen cadrul evenimentului de la Muzeul de Art\u0103 (Palatul Baroc), Popa\u2019s prime\u015fte \u015fi titlul de Cet\u0103\u0163ean de Onoare al jude\u0163ului Timi\u015f.<\/p>\n<\/div>\n<p> Source URL: https:\/\/www.banatulmeu.ro\/stefan-popa-popas-a-fost-premiat-in-lituania\/<\/p>\n","protected":false},"excerpt":{"rendered":"<p>\u015etefan Popa Popa\u2019s continu\u0103 s\u0103 str\u0103bat\u0103 Europa pentru a reprezenta Rom\u00e2nia la cel mai \u00eenalt nivel. Dup\u0103 ce a realizat o expozi\u0163ie la Bruxelles, \u00eentr-o pia\u0163et\u0103 public\u0103, \u015fi \u00eent\u00e2lnirea cu primarul capitalei Belgiei, caricaturistul timi\u015forean s-a deplasat la Vilnius, \u00een Lituania, pentru a ridica un premiu important. Artistului i s-a acordat Premiul Ciurlionis (dup\u0103 numele [&hellip;]<\/p>\n","protected":false},"author":1,"featured_media":1485850,"comment_status":"open","ping_status":"","sticky":false,"template":"","format":"standard","meta":{"footnotes":""},"categories":[89],"tags":[204],"class_list":["post-1485848","post","type-post","status-publish","format-standard","has-post-thumbnail","hentry","category-romania","tag-banatulmeu-ro"],"_links":{"self":[{"href":"https:\/\/analyse.optim.biz\/index.php?rest_route=\/wp\/v2\/posts\/1485848","targetHints":{"allow":["GET"]}}],"collection":[{"href":"https:\/\/analyse.optim.biz\/index.php?rest_route=\/wp\/v2\/posts"}],"about":[{"href":"https:\/\/analyse.optim.biz\/index.php?rest_route=\/wp\/v2\/types\/post"}],"author":[{"embeddable":true,"href":"https:\/\/analyse.optim.biz\/index.php?rest_route=\/wp\/v2\/users\/1"}],"replies":[{"embeddable":true,"href":"https:\/\/analyse.optim.biz\/index.php?rest_route=%2Fwp%2Fv2%2Fcomments&post=1485848"}],"version-history":[{"count":0,"href":"https:\/\/analyse.optim.biz\/index.php?rest_route=\/wp\/v2\/posts\/1485848\/revisions"}],"wp:featuredmedia":[{"embeddable":true,"href":"https:\/\/analyse.optim.biz\/index.php?rest_route=\/wp\/v2\/media\/1485850"}],"wp:attachment":[{"href":"https:\/\/analyse.optim.biz\/index.php?rest_route=%2Fwp%2Fv2%2Fmedia&parent=1485848"}],"wp:term":[{"taxonomy":"category","embeddable":true,"href":"https:\/\/analyse.optim.biz\/index.php?rest_route=%2Fwp%2Fv2%2Fcategories&post=1485848"},{"taxonomy":"post_tag","embeddable":true,"href":"https:\/\/analyse.optim.biz\/index.php?rest_route=%2Fwp%2Fv2%2Ftags&post=1485848"}],"curies":[{"name":"wp","href":"https:\/\/api.w.org\/{rel}","templated":true}]}}