{"id":1485751,"date":"2015-09-08T09:47:42","date_gmt":"2015-09-08T06:47:42","guid":{"rendered":"https:\/\/analyse.optim.biz\/?p=1485751"},"modified":"2015-09-08T09:47:42","modified_gmt":"2015-09-08T06:47:42","slug":"criza-refugiatilor-ce-vrea-sa-faca-rusia","status":"publish","type":"post","link":"https:\/\/analyse.optim.biz\/?p=1485751","title":{"rendered":"Criza refugia\u0163ilor: Ce vrea s\u0103 fac\u0103 Rusia?"},"content":{"rendered":"<div class=\"post-content-bd\">\n<p><span>Europa urmeaz\u0103 orbe<\/span><span>\u0219<\/span><span>te politica american\u0103 fa<\/span><span>\u021b<\/span><span>\u0103 de imigran<\/span><span>\u021b<\/span><span>i \u00een cadrul angajamentelor aliate, iar apoi poart\u0103 singur\u0103 povara afluxului important de imigran<\/span><span>\u021b<\/span><span>i, a declarat joi seara pre<\/span><span>\u0219<\/span><span>edintele rus Vladimir Putin la un forum economic regional la Vladivostok (Extremul Orient), potrivit agen<\/span><span>\u021b<\/span><span>iei de pres\u0103 RIA Novosti, citat\u0103 de Agerpres.<\/span><\/p>\n<p><span>Criza imigran<\/span><span>\u021b<\/span><span>ilor cu care se confrunt\u0103 ast\u0103zi Europa era absolut previzibil\u0103, av\u00e2nd \u00een vedere c\u0103 Occidentul continu\u0103 s\u0103-<\/span><span>\u0219<\/span><span>i impun\u0103 politicile \u00een regiunile lumii musulmane, a spus Putin, citat de agen<\/span><span>\u021b<\/span><span>ia de pres\u0103 TASS.<\/span><\/p>\n<p>\u201cAm spus de mai multe ori: aceast\u0103 criz\u0103 era destul de previzibil\u0103. Dac\u0103 v\u0103 aminti<span>\u021b<\/span><span>i, Rusia <\/span><span>\u0219<\/span><span>i eu personal am avertizat \u00een leg\u0103tur\u0103 cu aceasta cu c\u00e2<\/span><span>\u021b<\/span><span>iva ani \u00een urm\u0103. Am avertizat c\u0103 vor exista probleme de amploare, dac\u0103 a<\/span><span>\u0219<\/span><span>a-numi<\/span><span>\u021b<\/span><span>ii no<\/span><span>\u0219<\/span><span>tri parteneri occidentali vor duce \u2014 a<\/span><span>\u0219<\/span><span>a cum am spus \u00eentotdeauna \u2014 acea politic\u0103 extern\u0103 gre<\/span><span>\u0219<\/span><span>it\u0103, \u00een special \u00een regiunile lumii musulmane din Orientul Mijlociu, Africa de Nord, pe care o duc acum\u201d, a afirmat liderul rus.<\/span><\/p>\n<p>\u201cAceasta este politica impunerii standardelor proprii, f\u0103r\u0103 a <span>\u021b<\/span><span>ine cont de particularit\u0103<\/span><span>\u021b<\/span><span>ile istorice, religioase, na<\/span><span>\u021b<\/span><span>ionale, culturale ale acestor regiuni\u201d, \u2014 a ad\u0103ugat <\/span><span>\u0219<\/span><span>eful statului rus, potrivit c\u0103ruia \u201caceasta este \u00een primul r\u00e2nd politica partenerilor no<\/span><span>\u0219<\/span><span>tri americani\u2019.<\/span><\/p>\n<p>\u00cen acest context, Putin <span>\u0219<\/span><span>i-a exprimat surprinderea c\u0103 o partea a presei din SUA critic\u0103 Europa pentru rigiditatea excesiv\u0103 fa<\/span><span>\u021b<\/span><span>\u0103 de imigran<\/span><span>\u021b<\/span><span>i, afirm\u00e2nd c\u0103 Statele Unite sunt cele care au provocat problema.<\/span><\/p>\n<p>\u201cSUA nu se confrunt\u0103 cu un aflux de imigran<span>\u021b<\/span><span>i at\u00e2t de mare\u201d, \u00een timp ce Europa \u201curmeaz\u0103 orbe<\/span><span>\u0219<\/span><span>te instruc<\/span><span>\u021b<\/span><span>iunile Statelor Unite\u2019 <\/span><span>\u0219<\/span><span>i sufer\u0103 foarte mult, a insistat Putin, \u00eentr-o \u00eent\u00e2lnire cu jurnali<\/span><span>\u0219<\/span><span>tii \u00een marja acestui summit regional, care <\/span><span>\u0219<\/span><span>i-a deschis joi lucr\u0103rile.<\/span><\/p>\n<p>Pe fondul crizei imigran<span>\u021b<\/span><span>ilor, ambasadorul Rusiei pe l\u00e2ng\u0103 Uniunea European\u0103, Vladimir Cijov, a declarat joi c\u0103 Bruxellesul recunoa<\/span><span>\u0219<\/span><span>te necesitatea unui dialog cu Rusia pe probleme de imigra<\/span><span>\u021b<\/span><span>ie.<\/span><\/p>\n<p><span>Pe de alt\u0103 parte, Putin a f\u0103cut apel la \u00eenfiin\u0163area unei coali\u0163ii interna\u0163ionale \u00eempotriva terorismului \u015fi extremismului, afirm\u00e2nd c\u0103 a discutat cu omologul s\u0103u american, Barack Obama, pe aceast\u0103 tem\u0103, transmite Reuters. <\/span><\/p>\n<p><span>Putina declarat presei, cu ocazia Forumului Economic Estic, c\u0103 a discutat de asemenea despre o astfel de coali\u0163ie cu liderii din Turcia, Arabia Saudit\u0103, Iordania \u015fi alte \u0163\u0103ri.<\/span><\/p>\n<p><span>\u201cNoi \u00eentreprindem unii pa<\/span><span>\u0219<\/span><span>i \u00een aceast\u0103 direc<\/span><span>\u021b<\/span><span>ie <\/span><span>\u0219<\/span><span>i facem aceasta, \u00eentre altele, \u00een mod public. Dac\u0103 sunte<\/span><span>\u021b<\/span><span>i interesa<\/span><span>\u021b<\/span><span>i de detalii, v\u0103 pot spune c\u0103 ne dorim \u00eentr-adev\u0103r s\u0103 form\u0103m un fel de coali<\/span><span>\u021b<\/span><span>ie interna<\/span><span>\u021b<\/span><span>ional\u0103 pentru combaterea terorismului <\/span><span>\u0219<\/span><span>i extremismului. \u00cen acest scop, desf\u0103<\/span><span>\u0219<\/span><span>ur\u0103m consult\u0103ri cu partenerii no<\/span><span>\u0219<\/span><span>tri americani. Am vorbit personal la telefon cu pre<\/span><span>\u0219<\/span><span>edintele SUA cu privire la acest aspect\u201d, a afirmat Vladimir Putin.<\/span><\/p>\n<p><span>Cu toate acestea, liderul de la Kremlin a spus c\u0103 este prematur s\u0103 se vorbeasc\u0103 de posibilitatea unei particip\u0103ri a Rusiei \u00een opera<\/span><span>\u021b<\/span><span>iunile militare \u00eempotriva grup\u0103rii jihadiste Statul Islamic \u00een Siria <\/span><span>\u0219<\/span><span>i Irak, dup\u0103 cum relateaz\u0103 agen<\/span><span>\u021b<\/span><span>ia de pres\u0103 TASS.<\/span><\/p>\n<p><span>\u201cExamin\u0103m diferite posibilit\u0103<\/span><span>\u021b<\/span><span>i, dar deocamdat\u0103 (\u2026.) problema particip\u0103rii Rusiei la eventuale opera<\/span><span>\u021b<\/span><span>iuni militare nu se afl\u0103 pe agenda noastr\u0103\u201d, a insistat Putin, \u00eentrebat de un ziarist.<\/span><\/p>\n<p><span>\u201cEste prematur s\u0103 vorbim c\u0103 am fi preg\u0103ti<\/span><span>\u021b<\/span><span>i s\u0103 facem aceasta ast\u0103zi, noi <\/span><span>\u0219<\/span><span>i a<\/span><span>\u0219<\/span><span>a acord\u0103m Siriei suficient de mult sprijin, ajut\u00e2nd-o <\/span><span>\u0219<\/span><span>i cu echipamente <\/span><span>\u0219<\/span><span>i \u00een ceea ce prive<\/span><span>\u0219<\/span><span>te consilierea for<\/span><span>\u021b<\/span><span>elor armate\u201d, a spus pre<\/span><span>\u0219<\/span><span>edintele rus, ad\u0103ug\u00e2nd c\u0103 lupta \u00eempotriva terorismului trebuie s\u0103 mearg\u0103 m\u00e2n\u0103 \u00een m\u00e2n\u0103 cu procesul politic din Siria.<\/span><\/p>\n<p><span>Pre<\/span><span>\u0219<\/span><span>edintele sirian Bashar al-Assad este de acord cu toate acestea, inclusiv cu alegeri anticipate, a remarcat el.<\/span><\/p>\n<p><span>Primii pa<\/span><span>\u0219<\/span><span>i au ar\u0103tat c\u0103 o coordonare la nivel interna<\/span><span>\u021b<\/span><span>ional pentru combaterea terorismului este posibil\u0103, a mai spus <\/span><span>\u0219<\/span><span>eful statului rus, insist\u00e2nd c\u0103 Federa<\/span><span>\u021b<\/span><span>ia Rus\u0103 \u00eentreprinde unele m\u0103suri publice pentru crearea unei coali<\/span><span>\u021b<\/span><span>ii interna<\/span><span>\u021b<\/span><span>ionale \u00eempotriva terorismului. <\/span><\/p>\n<p><span>Sursa:cotidianul.ro<\/span><\/p>\n<\/div>\n<p> Source URL: https:\/\/www.banatulmeu.ro\/criza-refugiatilor-ce-vrea-sa-faca-rusia\/<\/p>\n","protected":false},"excerpt":{"rendered":"<p>Europa urmeaz\u0103 orbe\u0219te politica american\u0103 fa\u021b\u0103 de imigran\u021bi \u00een cadrul angajamentelor aliate, iar apoi poart\u0103 singur\u0103 povara afluxului important de imigran\u021bi, a declarat joi seara pre\u0219edintele rus Vladimir Putin la un forum economic regional la Vladivostok (Extremul Orient), potrivit agen\u021biei de pres\u0103 RIA Novosti, citat\u0103 de Agerpres. Criza imigran\u021bilor cu care se confrunt\u0103 ast\u0103zi Europa [&hellip;]<\/p>\n","protected":false},"author":1,"featured_media":0,"comment_status":"open","ping_status":"","sticky":false,"template":"","format":"standard","meta":{"footnotes":""},"categories":[89],"tags":[204],"class_list":["post-1485751","post","type-post","status-publish","format-standard","hentry","category-romania","tag-banatulmeu-ro"],"_links":{"self":[{"href":"https:\/\/analyse.optim.biz\/index.php?rest_route=\/wp\/v2\/posts\/1485751","targetHints":{"allow":["GET"]}}],"collection":[{"href":"https:\/\/analyse.optim.biz\/index.php?rest_route=\/wp\/v2\/posts"}],"about":[{"href":"https:\/\/analyse.optim.biz\/index.php?rest_route=\/wp\/v2\/types\/post"}],"author":[{"embeddable":true,"href":"https:\/\/analyse.optim.biz\/index.php?rest_route=\/wp\/v2\/users\/1"}],"replies":[{"embeddable":true,"href":"https:\/\/analyse.optim.biz\/index.php?rest_route=%2Fwp%2Fv2%2Fcomments&post=1485751"}],"version-history":[{"count":0,"href":"https:\/\/analyse.optim.biz\/index.php?rest_route=\/wp\/v2\/posts\/1485751\/revisions"}],"wp:attachment":[{"href":"https:\/\/analyse.optim.biz\/index.php?rest_route=%2Fwp%2Fv2%2Fmedia&parent=1485751"}],"wp:term":[{"taxonomy":"category","embeddable":true,"href":"https:\/\/analyse.optim.biz\/index.php?rest_route=%2Fwp%2Fv2%2Fcategories&post=1485751"},{"taxonomy":"post_tag","embeddable":true,"href":"https:\/\/analyse.optim.biz\/index.php?rest_route=%2Fwp%2Fv2%2Ftags&post=1485751"}],"curies":[{"name":"wp","href":"https:\/\/api.w.org\/{rel}","templated":true}]}}