{"id":1485700,"date":"2016-03-23T08:01:59","date_gmt":"2016-03-23T05:01:59","guid":{"rendered":"https:\/\/analyse.optim.biz\/?p=1485700"},"modified":"2016-03-23T08:01:59","modified_gmt":"2016-03-23T05:01:59","slug":"doi-presupusi-kamikaze-din-aeroportul-zaventem-din-bruxelles-implicati-si-in-atentatele-din-paris-identificati","status":"publish","type":"post","link":"https:\/\/analyse.optim.biz\/?p=1485700","title":{"rendered":"Doi presupu\u015fi kamikaze din aeroportul Zaventem din Bruxelles, implica\u0163i \u015fi \u00een atentatele din Paris, identifica\u0163i"},"content":{"rendered":"<div class=\"post-content-bd\">\n<p>Doi belgieni, fra\u0163ii Khalid \u015fi Brahim El Bakroui, au fost identifica\u0163i drept presupu\u015fii atacatori kamikaze care s-au detonat pe aeroportul Zaventem din Bruxelles, mar\u0163i diminea\u0163\u0103, fiind c\u0103uta\u0163i \u015fi \u00een cadrul anchetei privitoare la atentatele din Paris, anun\u0163\u0103 RTBF, cit\u00e2nd o surs\u0103 din poli\u0163ie.<\/p>\n<p>Cei doi erau cunoscu\u0163i poli\u0163iei belgiene pentru activit\u0103\u0163ile lor infrac\u0163ionale, fiind c\u0103uta\u0163i \u015fi pentru implicare \u00een atacurile teroriste din Paris din noiembrie soldate cu 130 de mor\u0163i, scrie Mediafax.<\/p>\n<p>Khalid El Bakraoui ar fi \u00eenchiriat sub un nume fals un apartament din zona Forest, din suburbiile Bruxellesului, unde au avut loc s\u0103pt\u0103m\u00e2na trecut\u0103 opera\u0163iuni de amploare ale poli\u0163iei pentru arestarea lui Salah Abdeslam, islamistul dat \u00een urm\u0103rire general\u0103 timp de patru luni pentru implicare \u00een atentatele teroriste din Paris \u015fi care a fost arestat vinerea trecut\u0103.<\/p>\n<p>\u00cen apartamentul respectiv, au fost g\u0103site amprentele lui Abdeslam \u015fi a murit un islamist algerian \u00een confrunt\u0103rile cu poli\u0163ia, mai scrie Medifax.<\/p>\n<p>Sursa: Mediafax.<\/p>\n<\/div>\n<p> Source URL: https:\/\/www.banatulmeu.ro\/doi-presupusi-kamikaze-din-aeroportul-zaventem-din-bruxelles-implicati-si-in-atentatele-din-paris-identificati\/<\/p>\n","protected":false},"excerpt":{"rendered":"<p>Doi belgieni, fra\u0163ii Khalid \u015fi Brahim El Bakroui, au fost identifica\u0163i drept presupu\u015fii atacatori kamikaze care s-au detonat pe aeroportul Zaventem din Bruxelles, mar\u0163i diminea\u0163\u0103, fiind c\u0103uta\u0163i \u015fi \u00een cadrul anchetei privitoare la atentatele din Paris, anun\u0163\u0103 RTBF, cit\u00e2nd o surs\u0103 din poli\u0163ie. Cei doi erau cunoscu\u0163i poli\u0163iei belgiene pentru activit\u0103\u0163ile lor infrac\u0163ionale, fiind c\u0103uta\u0163i [&hellip;]<\/p>\n","protected":false},"author":1,"featured_media":1485702,"comment_status":"open","ping_status":"","sticky":false,"template":"","format":"standard","meta":{"footnotes":""},"categories":[89],"tags":[204],"class_list":["post-1485700","post","type-post","status-publish","format-standard","has-post-thumbnail","hentry","category-romania","tag-banatulmeu-ro"],"_links":{"self":[{"href":"https:\/\/analyse.optim.biz\/index.php?rest_route=\/wp\/v2\/posts\/1485700","targetHints":{"allow":["GET"]}}],"collection":[{"href":"https:\/\/analyse.optim.biz\/index.php?rest_route=\/wp\/v2\/posts"}],"about":[{"href":"https:\/\/analyse.optim.biz\/index.php?rest_route=\/wp\/v2\/types\/post"}],"author":[{"embeddable":true,"href":"https:\/\/analyse.optim.biz\/index.php?rest_route=\/wp\/v2\/users\/1"}],"replies":[{"embeddable":true,"href":"https:\/\/analyse.optim.biz\/index.php?rest_route=%2Fwp%2Fv2%2Fcomments&post=1485700"}],"version-history":[{"count":0,"href":"https:\/\/analyse.optim.biz\/index.php?rest_route=\/wp\/v2\/posts\/1485700\/revisions"}],"wp:featuredmedia":[{"embeddable":true,"href":"https:\/\/analyse.optim.biz\/index.php?rest_route=\/wp\/v2\/media\/1485702"}],"wp:attachment":[{"href":"https:\/\/analyse.optim.biz\/index.php?rest_route=%2Fwp%2Fv2%2Fmedia&parent=1485700"}],"wp:term":[{"taxonomy":"category","embeddable":true,"href":"https:\/\/analyse.optim.biz\/index.php?rest_route=%2Fwp%2Fv2%2Fcategories&post=1485700"},{"taxonomy":"post_tag","embeddable":true,"href":"https:\/\/analyse.optim.biz\/index.php?rest_route=%2Fwp%2Fv2%2Ftags&post=1485700"}],"curies":[{"name":"wp","href":"https:\/\/api.w.org\/{rel}","templated":true}]}}