{"id":1484954,"date":"2016-10-28T10:43:42","date_gmt":"2016-10-28T07:43:42","guid":{"rendered":"https:\/\/analyse.optim.biz\/?p=1484954"},"modified":"2016-10-28T10:43:42","modified_gmt":"2016-10-28T07:43:42","slug":"informare-de-vreme-rea-valabila-la-nivelul-intregii-tari-incepand-de-sambata","status":"publish","type":"post","link":"https:\/\/analyse.optim.biz\/?p=1484954","title":{"rendered":"Informare de vreme rea, valabil\u0103 la nivelul \u00eentregii \u021b\u0103ri, \u00eencep\u00e2nd de s\u00e2mb\u0103t\u0103"},"content":{"rendered":"<div class=\"entry-content clearfix\">\n<p><strong>Administra\u021bia Na\u021bional\u0103 de Meteorologie (ANM) a emis, vineri, o informare de vreme rea, valabil\u0103 la nivelul \u00eentregii \u021b\u0103ri, \u00eencep\u00e2nd de s\u00e2mb\u0103t\u0103 diminea\u021b\u0103 \u0219i p\u00e2n\u0103 \u00een seara zilei de luni.<\/strong><\/p>\n<p>Potrivit meteorologilor, \u00een intervalul 29 octombrie, ora 10:00 \u2014 31 octombrie, ora 23:00, se vor semnala intensific\u0103ri ale v\u00e2ntului \u0219i ninsori la munte.<\/p>\n<p>Astfel, \u00eencep\u00e2nd din cursul nop\u021bii de vineri spre s\u00e2mb\u0103t\u0103 (28\/29 octombrie), la munte v\u00e2ntul se va intensifica treptat.<\/p>\n<p>S\u00e2mb\u0103t\u0103, duminic\u0103 \u0219i luni, mai ales \u00een zona Carpa\u021bilor Meridionali \u0219i Orientali vor fi intervale de timp \u00een care va ninge \u0219i v\u00e2ntul va avea intensific\u0103ri cu viteze la rafal\u0103 de peste 60 \u2014 80 km\/h, viscolind \u0219i spulber\u00e2nd ninsoarea.<\/p>\n<p>ANM precizeaz\u0103 c\u0103 vor fi intensific\u0103ri temporare ale v\u00e2ntului \u0219i \u00een restul teritoriului, unde rafalele vor atinge 50 \u2014 60 km\/h, iar duminic\u0103 \u0219i luni (30 \u0219i 31 octombrie), \u00eendeosebi \u00een <b>Maramure\u0219<\/b>, <b>Transilvania<\/b>\u0219i <b>Moldova<\/b>, trec\u0103tor, se vor semnala precipita\u021bii mixte.<\/p>\n<p>\u00cen diminea\u021ba zilei de s\u00e2mb\u0103t\u0103, 29 octombrie, meteorologii vor actualiza informarea privind evolu\u021bia \u0219i intensitatea v\u00e2ntului \u0219i a ninsorilor din zona Carpa\u021bilor Meridionali \u0219i Orientali.<\/p>\n<aside class=\"mashsb-container mashsb-main \">\n<div class=\"mashsb-box\">\n<div class=\"mashsb-count mash-medium\">\n<div class=\"counts mashsbcount\">3<\/div>\n<p><span class=\"mashsb-sharetext\">SHARES<\/span><\/div>\n<div class=\"mashsb-buttons\"><a class=\"mashicon-facebook mash-medium mashsb-noshadow\" href=\"https:\/\/www.facebook.com\/sharer.php?u=http%3A%2F%2Fwww.ziaruldevaslui.ro%2Finformare-de-vreme-rea-valabila-la-nivelul-intregii-tari-incepand-de-sambata%2F\" target=\"_top\" rel=\"nofollow\"><span class=\"text\">Share\u00a0pe\u00a0facebook<\/span><\/a><a class=\"mashicon-twitter mash-medium mashsb-noshadow\" href=\"https:\/\/twitter.com\/intent\/tweet?text=Informare%20de%20vreme%20rea%2C%20valabil%C4%83%20la%20nivelul%20%C3%AEntregii%20%C8%9B%C4%83ri%2C%20%C3%AEncep%C3%A2nd%20de%20s%C3%A2mb%C4%83t%C4%83&amp;url=http:\/\/www.ziaruldevaslui.ro\/?p=9439\" target=\"_top\" rel=\"nofollow\"><span class=\"text\">Share\u00a0pe\u00a0twitter<\/span><\/a><\/div>\n<\/div>\n<\/aside>\n<\/div>\n<div class=\"entry-content\">\n<p>Ini\u021bial am crezut c\u0103 Ionel Sandu s-a apucat de Stand Up Comedy. Cu afacerile nu st\u0103 extraordinar, cu politica nici<\/p>\n<\/div>\n<p> Source URL: http:\/\/www.ziaruldevaslui.ro\/informare-de-vreme-rea-valabila-la-nivelul-intregii-tari-incepand-de-sambata\/<\/p>\n","protected":false},"excerpt":{"rendered":"<p>Administra\u021bia Na\u021bional\u0103 de Meteorologie (ANM) a emis, vineri, o informare de vreme rea, valabil\u0103 la nivelul \u00eentregii \u021b\u0103ri, \u00eencep\u00e2nd de s\u00e2mb\u0103t\u0103 diminea\u021b\u0103 \u0219i p\u00e2n\u0103 \u00een seara zilei de luni. Potrivit meteorologilor, \u00een intervalul 29 octombrie, ora 10:00 \u2014 31 octombrie, ora 23:00, se vor semnala intensific\u0103ri ale v\u00e2ntului \u0219i ninsori la munte. Astfel, \u00eencep\u00e2nd din [&hellip;]<\/p>\n","protected":false},"author":1,"featured_media":0,"comment_status":"open","ping_status":"","sticky":false,"template":"","format":"standard","meta":{"footnotes":""},"categories":[89],"tags":[218],"class_list":["post-1484954","post","type-post","status-publish","format-standard","hentry","category-romania","tag-ziaruldevaslui-ro"],"_links":{"self":[{"href":"https:\/\/analyse.optim.biz\/index.php?rest_route=\/wp\/v2\/posts\/1484954","targetHints":{"allow":["GET"]}}],"collection":[{"href":"https:\/\/analyse.optim.biz\/index.php?rest_route=\/wp\/v2\/posts"}],"about":[{"href":"https:\/\/analyse.optim.biz\/index.php?rest_route=\/wp\/v2\/types\/post"}],"author":[{"embeddable":true,"href":"https:\/\/analyse.optim.biz\/index.php?rest_route=\/wp\/v2\/users\/1"}],"replies":[{"embeddable":true,"href":"https:\/\/analyse.optim.biz\/index.php?rest_route=%2Fwp%2Fv2%2Fcomments&post=1484954"}],"version-history":[{"count":0,"href":"https:\/\/analyse.optim.biz\/index.php?rest_route=\/wp\/v2\/posts\/1484954\/revisions"}],"wp:attachment":[{"href":"https:\/\/analyse.optim.biz\/index.php?rest_route=%2Fwp%2Fv2%2Fmedia&parent=1484954"}],"wp:term":[{"taxonomy":"category","embeddable":true,"href":"https:\/\/analyse.optim.biz\/index.php?rest_route=%2Fwp%2Fv2%2Fcategories&post=1484954"},{"taxonomy":"post_tag","embeddable":true,"href":"https:\/\/analyse.optim.biz\/index.php?rest_route=%2Fwp%2Fv2%2Ftags&post=1484954"}],"curies":[{"name":"wp","href":"https:\/\/api.w.org\/{rel}","templated":true}]}}