{"id":1484822,"date":"2017-04-21T07:58:34","date_gmt":"2017-04-21T04:58:34","guid":{"rendered":"https:\/\/analyse.optim.biz\/?p=1484822"},"modified":"2017-04-21T07:58:34","modified_gmt":"2017-04-21T04:58:34","slug":"vreme-deosebit-de-rece-si-inghet-pana-sambata","status":"publish","type":"post","link":"https:\/\/analyse.optim.biz\/?p=1484822","title":{"rendered":"Vreme deosebit de rece \u0219i \u00eenghe\u021b, p\u00e2n\u0103 s\u00e2mb\u0103t\u0103"},"content":{"rendered":"<div class=\"entry-content clearfix\">\n<p>Meteorologii au emis, vineri, o aten\u021bionare Cod galben de v\u00e2nt puternic, ninsori \u0219i strat de z\u0103pad\u0103 pentru 16 jude\u021be din nordul, estul \u0219i centrul \u021b\u0103rii, valabil\u0103 p\u00e2n\u0103 la ora 14:00, \u0219i o informare meteorologic\u0103 de vreme deosebit de rece, brum\u0103 \u0219i \u00eenghe\u021b la sol pentru toat\u0103 \u021bara, care va expira s\u00e2mb\u0103t\u0103 diminea\u021ba.<\/p>\n<p>Potrivit Administra\u021biei Na\u021bionale de Meteorologie, vineri, \u00eentre orele 9:00 \u2014 14:00, v\u00e2ntul va avea intensific\u0103ri temporare \u00een regiunile estice, unde viteza la rafal\u0103 va atinge 55 \u2014 65 kilometri\/or\u0103, precum \u0219i la munte, unde se vor dep\u0103\u0219i 70 kilometri\/or\u0103, iar z\u0103pada va fi spulberat\u0103.<\/p>\n<p>\u00cen Moldova \u0219i \u00een zona Carpa\u021bilor Meridionali \u0219i Orientali va continua s\u0103 ning\u0103 \u0219i se va depune strat de z\u0103pad\u0103, iar \u00een nord-estul Munteniei \u0219i nordul Dobrogei vor fi precipita\u021bii sub form\u0103 de lapovi\u021b\u0103 \u0219i ninsoare. Pe arii restr\u00e2nse se vor cumula cantit\u0103\u021bi de precipita\u021bii de 15 \u2014 20 litri\/metrul p\u0103trat.<\/p>\n<p><strong>Jude\u021bele vizate de Codul galben sunt: Suceava, Neam\u021b, Ia\u0219i, Bac\u0103u, Vaslui, Vrancea, Gala\u021bi, Buz\u0103u, Br\u0103ila, Tulcea, Covasna, Harghita, Bra\u0219ov, Prahova (nord), Arge\u0219 (nord), Sibiu (sud).<\/strong><\/p>\n<p>De asemenea, \u00een intervalul 21 aprilie, ora 9:00 \u2014 22 aprilie, ora 9:00, va fi \u00een vigoare o informare meteorologic\u0103 de vreme deosebit de rece, brum\u0103 \u0219i \u00eenghe\u021b la sol.<\/p>\n<p>Conform ANM, \u00een acest interval vremea va fi deosebit de rece pentru aceast\u0103 perioad\u0103 \u00een toate regiunile, iar \u00een noaptea de vineri spre s\u00e2mb\u0103t\u0103 (21\/22 aprilie) temperaturile vor fi preponderent negative, se va produce brum\u0103 \u00een cea mai mare parte a \u021b\u0103rii \u0219i, local, \u00eenghe\u021b la sol.<\/p>\n<p>\u201e\u00cen func\u021bie de evolu\u021bia meteorologic\u0103, Administra\u021bia Na\u021bional\u0103 de Meteorologie va actualiza prezentul mesaj\u201d, men\u021bioneaz\u0103 institu\u021bia.<\/p>\n<aside class=\"mashsb-container mashsb-main \">\n<div class=\"mashsb-box\">\n<div class=\"mashsb-count mash-medium\">\n<div class=\"counts mashsbcount\">5<\/div>\n<p><span class=\"mashsb-sharetext\">SHARES<\/span><\/div>\n<div class=\"mashsb-buttons\"><a class=\"mashicon-facebook mash-medium mashsb-noshadow\" href=\"https:\/\/www.facebook.com\/sharer.php?u=http%3A%2F%2Fwww.ziaruldevaslui.ro%2Fvreme-deosebit-de-rece-si-inghet-pana-sambata%2F\" target=\"_top\" rel=\"nofollow\"><span class=\"text\">Share\u00a0pe\u00a0facebook<\/span><\/a><a class=\"mashicon-twitter mash-medium mashsb-noshadow\" href=\"https:\/\/twitter.com\/intent\/tweet?text=Vreme%20deosebit%20de%20rece%20%C8%99i%20%C3%AEnghe%C8%9B%2C%20p%C3%A2n%C4%83%20s%C3%A2mb%C4%83t%C4%83&amp;url=http:\/\/www.ziaruldevaslui.ro\/?p=13559\" target=\"_top\" rel=\"nofollow\"><span class=\"text\">Share\u00a0pe\u00a0twitter<\/span><\/a><\/div>\n<\/div>\n<\/aside>\n<\/div>\n<div class=\"entry-content\">\n<p>Ini\u021bial am crezut c\u0103 Ionel Sandu s-a apucat de Stand Up Comedy. Cu afacerile nu st\u0103 extraordinar, cu politica nici<\/p>\n<\/div>\n<p> Source URL: http:\/\/www.ziaruldevaslui.ro\/vreme-deosebit-de-rece-si-inghet-pana-sambata\/<\/p>\n","protected":false},"excerpt":{"rendered":"<p>Meteorologii au emis, vineri, o aten\u021bionare Cod galben de v\u00e2nt puternic, ninsori \u0219i strat de z\u0103pad\u0103 pentru 16 jude\u021be din nordul, estul \u0219i centrul \u021b\u0103rii, valabil\u0103 p\u00e2n\u0103 la ora 14:00, \u0219i o informare meteorologic\u0103 de vreme deosebit de rece, brum\u0103 \u0219i \u00eenghe\u021b la sol pentru toat\u0103 \u021bara, care va expira s\u00e2mb\u0103t\u0103 diminea\u021ba. Potrivit Administra\u021biei Na\u021bionale [&hellip;]<\/p>\n","protected":false},"author":1,"featured_media":0,"comment_status":"open","ping_status":"","sticky":false,"template":"","format":"standard","meta":{"footnotes":""},"categories":[89],"tags":[218],"class_list":["post-1484822","post","type-post","status-publish","format-standard","hentry","category-romania","tag-ziaruldevaslui-ro"],"_links":{"self":[{"href":"https:\/\/analyse.optim.biz\/index.php?rest_route=\/wp\/v2\/posts\/1484822","targetHints":{"allow":["GET"]}}],"collection":[{"href":"https:\/\/analyse.optim.biz\/index.php?rest_route=\/wp\/v2\/posts"}],"about":[{"href":"https:\/\/analyse.optim.biz\/index.php?rest_route=\/wp\/v2\/types\/post"}],"author":[{"embeddable":true,"href":"https:\/\/analyse.optim.biz\/index.php?rest_route=\/wp\/v2\/users\/1"}],"replies":[{"embeddable":true,"href":"https:\/\/analyse.optim.biz\/index.php?rest_route=%2Fwp%2Fv2%2Fcomments&post=1484822"}],"version-history":[{"count":0,"href":"https:\/\/analyse.optim.biz\/index.php?rest_route=\/wp\/v2\/posts\/1484822\/revisions"}],"wp:attachment":[{"href":"https:\/\/analyse.optim.biz\/index.php?rest_route=%2Fwp%2Fv2%2Fmedia&parent=1484822"}],"wp:term":[{"taxonomy":"category","embeddable":true,"href":"https:\/\/analyse.optim.biz\/index.php?rest_route=%2Fwp%2Fv2%2Fcategories&post=1484822"},{"taxonomy":"post_tag","embeddable":true,"href":"https:\/\/analyse.optim.biz\/index.php?rest_route=%2Fwp%2Fv2%2Ftags&post=1484822"}],"curies":[{"name":"wp","href":"https:\/\/api.w.org\/{rel}","templated":true}]}}