{"id":1484219,"date":"2026-01-27T22:01:59","date_gmt":"2026-01-27T19:01:59","guid":{"rendered":"https:\/\/analyse.optim.biz\/?p=1484219"},"modified":"2026-01-27T22:01:59","modified_gmt":"2026-01-27T19:01:59","slug":"horoscopul-zilei-de-28-ianuarie-2026","status":"publish","type":"post","link":"https:\/\/analyse.optim.biz\/?p=1484219","title":{"rendered":"Horoscopul zilei de 28 ianuarie 2026"},"content":{"rendered":"<div class=\"wpb_wrapper\">\n<div class=\"td_block_wrap tdb_header_logo tdi_10 td-pb-border-top td_block_template_1 tdb-header-align\" data-td-block-uid=\"tdi_10\">\n<div class=\"tdb-block-inner td-fix-index\"><a class=\"tdb-logo-a\" href=\"https:\/\/www.jurnaldevrancea.ro\/\"><span class=\"tdb-logo-img-wrap\"><img decoding=\"async\" class=\"tdb-logo-img\" src=\"https:\/\/analyse.optim.biz\/wp-content\/uploads\/2026\/01\/cropped-logo_2016_v1_272x90-1-18.png\" alt=\"Logo\" title=\"cropped-logo_2016_v1_272x90-1-18\"><\/span><\/a><\/div>\n<\/div>\n<div class=\"tdm_block td_block_wrap tdm_block_inline_text tdi_11 td-pb-border-top td_block_template_1\" data-td-block-uid=\"tdi_11\">\n<p class=\"tdm-descr\">\u00cendr\u0103zne\u0219te s\u0103 fii informat!<\/p>\n<\/div>\n<\/div>\n<div class=\"wpb_wrapper\">\n<div class=\"td_block_wrap tdb_header_date tdi_26 td-pb-border-top td_block_template_1 tdb-header-align\" data-td-block-uid=\"tdi_26\">\n<div class=\"tdb-block-inner td-fix-index\">\n<div class=\"tdb-head-date-txt\">miercuri, 28 ianuarie 2026<\/div>\n<\/div>\n<\/div>\n<\/div>\n<div class=\"wpb_wrapper\">\n<div class=\"tdm_block td_block_wrap tdm_block_inline_text tdi_35 td-pb-border-top td_block_template_1\" data-td-block-uid=\"tdi_35\">\n<p class=\"tdm-descr\">URM\u0102RE\u0218TE-NE PE:<\/p>\n<\/div>\n<div class=\"tdm_block td_block_wrap tdm_block_socials tdi_36 tdm-content-horiz-left td-pb-border-top td_block_template_1\" data-td-block-uid=\"tdi_36\">\n<div class=\"tdm-social-wrapper tds-social1 tdi_37\">\n<div class=\"tdm-social-item-wrap\"><a href=\"https:\/\/www.facebook.com\/jurnaldevrancea\" title=\"Facebook\" class=\"tdm-social-item\"><span>Facebook<\/span><\/a><\/div>\n<div class=\"tdm-social-item-wrap\"><a href=\"https:\/\/www.instagram.com\/jurnaldevrancea\/\" title=\"Instagram\" class=\"tdm-social-item\"><span>Instagram<\/span><\/a><\/div>\n<div class=\"tdm-social-item-wrap\"><a href=\"https:\/\/www.tiktok.com\/@jurnaldevrancea\" title=\"TikTok\" class=\"tdm-social-item\"><span>TikTok<\/span><\/a><\/div>\n<div class=\"tdm-social-item-wrap\"><a href=\"https:\/\/twitter.com\/jurnaldevrancea\" title=\"Twitter\" class=\"tdm-social-item\"><span>Twitter<\/span><\/a><\/div>\n<\/div>\n<\/div>\n<\/div>\n<div class=\"wpb_wrapper\">\n<div class=\"td_block_wrap tdb_header_logo tdi_40 td-pb-border-top td_block_template_1 tdb-header-align\" data-td-block-uid=\"tdi_40\">\n<div class=\"tdb-block-inner td-fix-index\"><a class=\"tdb-logo-a\" href=\"https:\/\/www.jurnaldevrancea.ro\/\"><span class=\"tdb-logo-img-wrap\"><img decoding=\"async\" class=\"tdb-logo-img\" src=\"https:\/\/analyse.optim.biz\/wp-content\/uploads\/2026\/01\/cropped-logo_2016_v1_272x90-1-18.png\" alt=\"Logo\" title=\"cropped-logo_2016_v1_272x90-1-18\"><\/span><\/a><\/div>\n<\/div>\n<div class=\"tdm_block td_block_wrap tdm_block_inline_text tdi_41 td-pb-border-top td_block_template_1\" data-td-block-uid=\"tdi_41\">\n<p class=\"tdm-descr\">\u00cendr\u0103zne\u0219te s\u0103 fii informat!<\/p>\n<\/div>\n<\/div>\n<div class=\"wpb_wrapper\">\n<div class=\"tdm_block td_block_wrap td_block_wrap tdm_block_popup tdi_44 td-pb-border-top td_block_template_1\" data-td-block-uid=\"tdi_44\">\n<div class=\"tds-button td-fix-index\"><a href=\"https:\/\/www.jurnaldevrancea.ro\/horoscopul-zilei-de-28-ianuarie-2026\/\" title=\"Caut\u0103 \u0219tiri\" class=\"tds-button1 tdm-btn tdm-btn-lg tdi_45 \"><span class=\"tdm-btn-text\">Caut\u0103 \u0219tiri<\/span><\/a><\/div>\n<div id=\"tdm-popup-modal-td_m_5294\" class=\"tdm-popup-modal-wrap tdm-popup-modal-over-screen\">\n<div class=\"tdm-popup-modal td-theme-wrap\">\n<div class=\"tdm-pm-body\">\n<div id=\"tdi_46\" class=\"tdc-zone\">\n<div class=\"tdc_zone tdi_47  wpb_row td-pb-row\">\n<div id=\"tdi_48\" class=\"tdc-row\">\n<div class=\"vc_row tdi_49  wpb_row td-pb-row tdc-element-style\">\n<div class=\"vc_column tdi_51  wpb_column vc_column_container tdc-column td-pb-span12\">\n<div class=\"wpb_wrapper\">\n<div class=\"tdm_block td_block_wrap tdm_block_column_title tdi_52 tdm-content-horiz-center td-pb-border-top td_block_template_1\" data-td-block-uid=\"tdi_52\">\n<div class=\"td-block-row\">\n<div class=\"td-block-span12 tdm-col\">\n<div class=\"tds-title tds-title1 td-fix-index tdi_53 \">\n<h3 class=\"tdm-title tdm-title-sm\">Caut\u0103 un articol:<\/h3>\n<\/div>\n<\/div>\n<\/div>\n<\/div>\n<div class=\"td_block_wrap tdb_header_search tdi_54 td-pb-border-top td_block_template_1 tdb-header-align\" data-td-block-uid=\"tdi_54\">\n<div class=\"tdb-block-inner td-fix-index\">\n<div class=\"tdb-drop-down-search\" aria-labelledby=\"td-header-search-button\">\n<div class=\"tdb-drop-down-search-inner\">\n<div class=\"tdb-search-form-inner\">\n<div class=\"tdb-head-search-placeholder\">Tasteaz\u0103 aici pentru c\u0103utare&#8230;<\/div>\n<\/div>\n<\/div>\n<\/div>\n<\/div>\n<\/div>\n<\/div>\n<\/div>\n<\/div>\n<\/div>\n<\/div>\n<\/div>\n<\/div>\n<\/div>\n<\/div>\n<\/div>\n<\/div>\n<div class=\"wpb_wrapper\">\n<div class=\"tdm_block td_block_wrap tdm_block_column_title tdi_52 tdm-content-horiz-center td-pb-border-top td_block_template_1\" data-td-block-uid=\"tdi_52\">\n<div class=\"td-block-row\">\n<div class=\"td-block-span12 tdm-col\">\n<div class=\"tds-title tds-title1 td-fix-index tdi_53 \">\n<h3 class=\"tdm-title tdm-title-sm\">Caut\u0103 un articol:<\/h3>\n<\/div>\n<\/div>\n<\/div>\n<\/div>\n<div class=\"td_block_wrap tdb_header_search tdi_54 td-pb-border-top td_block_template_1 tdb-header-align\" data-td-block-uid=\"tdi_54\">\n<div class=\"tdb-block-inner td-fix-index\">\n<div class=\"tdb-drop-down-search\" aria-labelledby=\"td-header-search-button\">\n<div class=\"tdb-drop-down-search-inner\">\n<div class=\"tdb-search-form-inner\">\n<div class=\"tdb-head-search-placeholder\">Tasteaz\u0103 aici pentru c\u0103utare&#8230;<\/div>\n<\/div>\n<\/div>\n<\/div>\n<\/div>\n<\/div>\n<\/div>\n<div class=\"wpb_wrapper\">\n<div class=\"td_block_wrap tdb_header_menu tdi_59 tds_menu_active1 tds_menu_sub_active2 tdb-menu-items-in-more tdb-mm-align-screen td-pb-border-top td_block_template_1 tdb-header-align\" data-td-block-uid=\"tdi_59\">\n<div id=\"tdi_59\" class=\"td_block_inner td-fix-index\">\n<div class=\"tdb-menu-items-pulldown tdb-menu-items-pulldown-inactive\">\n<ul id=\"menu-navi-menu-1\" class=\"tdb-block-menu tdb-menu tdb-menu-items-visible\">\n<li class=\"menu-item menu-item-type-taxonomy menu-item-object-category current-post-ancestor current-menu-parent current-post-parent tdb-cur-menu-item menu-item-first tdb-menu-item-button tdb-menu-item tdb-mega-menu tdb-mega-menu-inactive tdb-mega-menu-cat tdb-mega-menu-first menu-item-130\"><a title=\"Actualitate Vrancea\" href=\"https:\/\/www.jurnaldevrancea.ro\/actualitate\/\">\n<div class=\"tdb-menu-item-text\">Actualitate<\/div>\n<p><\/a><\/p>\n<ul class=\"sub-menu\">\n<li class=\"menu-item-0\">\n<div class=\"tdb-menu-item-text\">\n<div class=\"tdb_header_mega_menu tdi_60 td-no-subcats td_with_ajax_pagination td-pb-border-top td_block_template_1\" data-td-block-uid=\"tdi_60\">\n<div class=\"tdb-mega-modules-wrap\">\n<div id=\"tdi_60\" class=\"td_block_inner\">\n<div class=\"tdb_module_header tdb_module_mm td_module_wrap td-animation-stack td-cpt-post\">\n<div class=\"td-module-container td-category-pos-image\">\n<div class=\"td-module-meta-info\">\n<h2 class=\"entry-title td-module-title\"><a href=\"https:\/\/www.jurnaldevrancea.ro\/femeie-din-focsani-gasita-spanzurata-in-casa\/\" rel=\"bookmark\" title=\"Femeie din Foc\u0219ani g\u0103sit\u0103 sp\u00e2nzurat\u0103 \u00een cas\u0103\">Femeie din Foc\u0219ani g\u0103sit\u0103 sp\u00e2nzurat\u0103 \u00een cas\u0103<\/a><\/h2>\n<\/div>\n<\/div>\n<\/div>\n<div class=\"tdb_module_header tdb_module_mm td_module_wrap td-animation-stack td-cpt-post\">\n<div class=\"td-module-container td-category-pos-image\">\n<div class=\"td-module-meta-info\">\n<h2 class=\"entry-title td-module-title\"><a href=\"https:\/\/www.jurnaldevrancea.ro\/rata-somajului-a-crescut-usor-la-final-de-an-peste-263-000-de-persoane-fara-loc-de-munca-inregistrate-la-nivel-national\/\" rel=\"bookmark\" title=\"Rata \u0219omajului a crescut u\u0219or la final de an. Peste 263.000 de persoane f\u0103r\u0103 loc de munc\u0103 \u00eenregistrate la nivel na\u021bional\">Rata \u0219omajului a crescut u\u0219or la final de an. Peste 263.000 de persoane f\u0103r\u0103 loc de munc\u0103 \u00eenregistrate la nivel na\u021bional<\/a><\/h2>\n<\/div>\n<\/div>\n<\/div>\n<div class=\"tdb_module_header tdb_module_mm td_module_wrap td-animation-stack td-cpt-post\">\n<div class=\"td-module-container td-category-pos-image\">\n<div class=\"td-module-meta-info\">\n<h2 class=\"entry-title td-module-title\"><a href=\"https:\/\/www.jurnaldevrancea.ro\/uluitor-doi-insi-care-vindeau-boarfe-fara-acte-legale-prinsi-in-flagrant-de-jandarmii-vranceni-si-asta-fara-sa-traga-vreun-pulan-pe-spinare\/\" rel=\"bookmark\" title=\"ULUITOR Doi in\u0219i care vindeau boarfe f\u0103r\u0103 acte legale, prin\u0219i \u00een flagrant de jandarmii vr\u00e2nceni! \u0218i asta f\u0103r\u0103 s\u0103 trag\u0103 vreun pulan pe spinare!\">ULUITOR Doi in\u0219i care vindeau boarfe f\u0103r\u0103 acte legale, prin\u0219i \u00een flagrant de jandarmii vr\u00e2nceni! \u0218i asta f\u0103r\u0103 s\u0103 trag\u0103 vreun pulan pe spinare!<\/a><\/h2>\n<\/div>\n<\/div>\n<\/div>\n<div class=\"tdb_module_header tdb_module_mm td_module_wrap td-animation-stack td-cpt-post\">\n<div class=\"td-module-container td-category-pos-image\">\n<div class=\"td-module-meta-info\">\n<h2 class=\"entry-title td-module-title\"><a href=\"https:\/\/www.jurnaldevrancea.ro\/video-cum-s-a-produs-accidentul-de-azi-noapte-din-focsani-primaria-anunta-ca-de-acum-semafoarele-vor-functiona-si-pe-timpul-noptii\/\" rel=\"bookmark\" title=\"VIDEO Cum s-a produs accidentul de azi-noapte, din Foc\u0219ani! Prim\u0103ria anun\u021b\u0103 c\u0103 de acum semafoarele vor func\u021biona \u0219i pe timpul nop\u021bii\">VIDEO Cum s-a produs accidentul de azi-noapte, din Foc\u0219ani! Prim\u0103ria anun\u021b\u0103 c\u0103 de acum semafoarele vor func\u021biona \u0219i pe timpul nop\u021bii<\/a><\/h2>\n<\/div>\n<\/div>\n<\/div>\n<div class=\"tdb_module_header tdb_module_mm td_module_wrap td-animation-stack td-cpt-post\">\n<div class=\"td-module-container td-category-pos-image\">\n<div class=\"td-module-meta-info\">\n<h2 class=\"entry-title td-module-title\"><a href=\"https:\/\/www.jurnaldevrancea.ro\/transport-public-gratuit-pentru-locuitorii-sovejei\/\" rel=\"bookmark\" title=\"Transport public gratuit pentru locuitorii Sovejei\">Transport public gratuit pentru locuitorii Sovejei<\/a><\/h2>\n<\/div>\n<\/div>\n<\/div>\n<\/div>\n<\/div>\n<\/div>\n<\/div>\n<\/li>\n<\/ul>\n<\/li>\n<li class=\"menu-item menu-item-type-taxonomy menu-item-object-category tdb-menu-item-button tdb-menu-item tdb-mega-menu tdb-mega-menu-inactive tdb-mega-menu-cat menu-item-131\"><a title=\"Administratie Vrancea\" href=\"https:\/\/www.jurnaldevrancea.ro\/administratie\/\">\n<div class=\"tdb-menu-item-text\">Administra\u021bie<\/div>\n<p><\/a><\/p>\n<ul class=\"sub-menu\">\n<li class=\"menu-item-0\">\n<div class=\"tdb-menu-item-text\">\n<div class=\"tdb_header_mega_menu tdi_61 td-no-subcats td_with_ajax_pagination td-pb-border-top td_block_template_1\" data-td-block-uid=\"tdi_61\">\n<div class=\"tdb-mega-modules-wrap\">\n<div id=\"tdi_61\" class=\"td_block_inner\">\n<div class=\"tdb_module_header tdb_module_mm td_module_wrap td-animation-stack td-cpt-post\">\n<div class=\"td-module-container td-category-pos-image\">\n<div class=\"td-module-meta-info\">\n<h2 class=\"entry-title td-module-title\"><a href=\"https:\/\/www.jurnaldevrancea.ro\/transport-public-gratuit-pentru-locuitorii-sovejei\/\" rel=\"bookmark\" title=\"Transport public gratuit pentru locuitorii Sovejei\">Transport public gratuit pentru locuitorii Sovejei<\/a><\/h2>\n<\/div>\n<\/div>\n<\/div>\n<div class=\"tdb_module_header tdb_module_mm td_module_wrap td-animation-stack td-cpt-post\">\n<div class=\"td-module-container td-category-pos-image\">\n<div class=\"td-module-meta-info\">\n<h2 class=\"entry-title td-module-title\"><a href=\"https:\/\/www.jurnaldevrancea.ro\/consilierii-judeteni-convocati-in-sedinta-extraordinara-la-sfarsitul-acestei-saptamani-ce-proiecte-sunt-pe-ordinea-de-zi\/\" rel=\"bookmark\" title=\"Consilierii jude\u021beni, convoca\u021bi \u00een \u0219edin\u021b\u0103 extraordinar\u0103 la sf\u00e2r\u0219itul acestei s\u0103pt\u0103m\u00e2ni. Ce proiecte sunt pe ordinea de zi\">Consilierii jude\u021beni, convoca\u021bi \u00een \u0219edin\u021b\u0103 extraordinar\u0103 la sf\u00e2r\u0219itul acestei s\u0103pt\u0103m\u00e2ni. Ce proiecte sunt pe ordinea de zi<\/a><\/h2>\n<\/div>\n<\/div>\n<\/div>\n<div class=\"tdb_module_header tdb_module_mm td_module_wrap td-animation-stack td-cpt-post\">\n<div class=\"td-module-container td-category-pos-image\">\n<div class=\"td-module-meta-info\">\n<h2 class=\"entry-title td-module-title\"><a href=\"https:\/\/www.jurnaldevrancea.ro\/muzeul-unirii-din-focsani-18-ani-de-la-redeschidere-chiar-de-ziua-unirii\/\" rel=\"bookmark\" title=\"Muzeul Unirii din Foc\u0219ani, 18 ani de la redeschidere chiar de Ziua Unirii\">Muzeul Unirii din Foc\u0219ani, 18 ani de la redeschidere chiar de Ziua Unirii<\/a><\/h2>\n<\/div>\n<\/div>\n<\/div>\n<div class=\"tdb_module_header tdb_module_mm td_module_wrap td-animation-stack td-cpt-post\">\n<div class=\"td-module-container td-category-pos-image\">\n<div class=\"td-module-meta-info\">\n<h2 class=\"entry-title td-module-title\"><a href=\"https:\/\/www.jurnaldevrancea.ro\/primarul-focsaniului-gazda-unei-delegatii-turce-venite-tocmai-din-odunpazari-district-cu-400-000-de-locuitori\/\" rel=\"bookmark\" title=\"Primarul Foc\u0219aniului, gazda unei delega\u021bii turce venite tocmai din Odunpazar\u0131, district cu 400.000 de locuitori\">Primarul Foc\u0219aniului, gazda unei delega\u021bii turce venite tocmai din Odunpazar\u0131, district cu 400.000 de locuitori<\/a><\/h2>\n<\/div>\n<\/div>\n<\/div>\n<div class=\"tdb_module_header tdb_module_mm td_module_wrap td-animation-stack td-cpt-post\">\n<div class=\"td-module-container td-category-pos-image\">\n<div class=\"td-module-meta-info\">\n<h2 class=\"entry-title td-module-title\"><a href=\"https:\/\/www.jurnaldevrancea.ro\/ministrul-agriculturii-in-vrancea-de-vorba-cu-fermierii\/\" rel=\"bookmark\" title=\"Ministrul Agriculturii, \u00een Vrancea, de vorb\u0103 cu fermierii\">Ministrul Agriculturii, \u00een Vrancea, de vorb\u0103 cu fermierii<\/a><\/h2>\n<\/div>\n<\/div>\n<\/div>\n<\/div>\n<\/div>\n<\/div>\n<\/div>\n<\/li>\n<\/ul>\n<\/li>\n<li class=\"menu-item menu-item-type-taxonomy menu-item-object-category tdb-menu-item-button tdb-menu-item tdb-mega-menu tdb-mega-menu-inactive tdb-mega-menu-cat menu-item-1269\"><a title=\"Social Vrancea\" href=\"https:\/\/www.jurnaldevrancea.ro\/social\/\">\n<div class=\"tdb-menu-item-text\">Social<\/div>\n<p><\/a><\/p>\n<ul class=\"sub-menu\">\n<li class=\"menu-item-0\">\n<div class=\"tdb-menu-item-text\">\n<div class=\"tdb_header_mega_menu tdi_62 td-no-subcats td_with_ajax_pagination td-pb-border-top td_block_template_1\" data-td-block-uid=\"tdi_62\">\n<div class=\"tdb-mega-modules-wrap\">\n<div id=\"tdi_62\" class=\"td_block_inner\">\n<div class=\"tdb_module_header tdb_module_mm td_module_wrap td-animation-stack td-cpt-post\">\n<div class=\"td-module-container td-category-pos-image\">\n<div class=\"td-module-meta-info\">\n<h2 class=\"entry-title td-module-title\"><a href=\"https:\/\/www.jurnaldevrancea.ro\/peste-10-000-de-elevi-din-judetul-vrancea-vor-beneficia-de-o-masa-calda-la-scoala-lista-a-fost-publicata-in-monitorul-oficial\/\" rel=\"bookmark\" title=\"Peste 10.000 de elevi din jude\u021bul Vrancea vor beneficia de o mas\u0103 cald\u0103 la \u0219coal\u0103! LISTA a fost publicat\u0103 \u00een Monitorul Oficial\">Peste 10.000 de elevi din jude\u021bul Vrancea vor beneficia de o mas\u0103 cald\u0103 la \u0219coal\u0103! LISTA a fost publicat\u0103 \u00een Monitorul Oficial<\/a><\/h2>\n<\/div>\n<\/div>\n<\/div>\n<div class=\"tdb_module_header tdb_module_mm td_module_wrap td-animation-stack td-cpt-post\">\n<div class=\"td-module-container td-category-pos-image\">\n<div class=\"td-module-meta-info\">\n<h2 class=\"entry-title td-module-title\"><a href=\"https:\/\/www.jurnaldevrancea.ro\/cnas-a-publicat-lista-serviciilor-medicale-acordate-in-2026-persoanelor-inscrise-in-programele-nationale-de-sanatate\/\" rel=\"bookmark\" title=\"CNAS a publicat LISTA serviciilor medicale acordate \u00een 2026 persoanelor \u00eenscrise \u00een programele na\u021bionale de s\u0103n\u0103tate\">CNAS a publicat LISTA serviciilor medicale acordate \u00een 2026 persoanelor \u00eenscrise \u00een programele na\u021bionale de s\u0103n\u0103tate<\/a><\/h2>\n<\/div>\n<\/div>\n<\/div>\n<div class=\"tdb_module_header tdb_module_mm td_module_wrap td-animation-stack td-cpt-post\">\n<div class=\"td-module-container td-category-pos-image\">\n<div class=\"td-module-meta-info\">\n<h2 class=\"entry-title td-module-title\"><a href=\"https:\/\/www.jurnaldevrancea.ro\/cand-se-intorc-elevii-la-scoala-calendarul-cursurilor-si-al-vacantelor-in-anul-scolar-2025-2026\/\" rel=\"bookmark\" title=\"C\u00e2nd se \u00eentorc elevii la \u0219coal\u0103 | Calendarul cursurilor \u0219i al vacan\u021belor \u00een anul \u0219colar 2025\u20132026\">C\u00e2nd se \u00eentorc elevii la \u0219coal\u0103 | Calendarul cursurilor \u0219i al vacan\u021belor \u00een anul \u0219colar 2025\u20132026<\/a><\/h2>\n<\/div>\n<\/div>\n<\/div>\n<div class=\"tdb_module_header tdb_module_mm td_module_wrap td-animation-stack td-cpt-post\">\n<div class=\"td-module-container td-category-pos-image\">\n<div class=\"td-module-meta-info\">\n<h2 class=\"entry-title td-module-title\"><a href=\"https:\/\/www.jurnaldevrancea.ro\/foto-eveniment-academic-deosebit-vranceanul-catalin-boacna-a-devenit-doctor-in-drept-la-una-dintre-cele-mai-prestigioase-universitati-din-franta\/\" rel=\"bookmark\" title=\"FOTO! Eveniment academic deosebit: vr\u00e2nceanul C\u0103t\u0103lin Boacn\u0103 a devenit doctor \u00een drept la una dintre cele mai prestigioase universit\u0103\u021bi din Fran\u021ba\">FOTO! Eveniment academic deosebit: vr\u00e2nceanul C\u0103t\u0103lin Boacn\u0103 a devenit doctor \u00een drept la una dintre cele mai prestigioase universit\u0103\u021bi din Fran\u021ba<\/a><\/h2>\n<\/div>\n<\/div>\n<\/div>\n<div class=\"tdb_module_header tdb_module_mm td_module_wrap td-animation-stack td-cpt-post\">\n<div class=\"td-module-container td-category-pos-image\">\n<div class=\"td-module-meta-info\">\n<h2 class=\"entry-title td-module-title\"><a href=\"https:\/\/www.jurnaldevrancea.ro\/fostii-magistrati-militari-si-politisti-nu-vor-mai-putea-locui-in-locuinte-de-serviciu-dupa-pensionare-proiect-de-lege-in-dezbatere-publica\/\" rel=\"bookmark\" title=\"Fo\u0219tii magistra\u021bi, militari \u0219i poli\u021bi\u0219ti nu vor mai putea locui \u00een locuin\u021be de serviciu dup\u0103 pensionare. Proiect de lege \u00een dezbatere public\u0103\">Fo\u0219tii magistra\u021bi, militari \u0219i poli\u021bi\u0219ti nu vor mai putea locui \u00een locuin\u021be de serviciu dup\u0103 pensionare. Proiect de lege \u00een dezbatere public\u0103<\/a><\/h2>\n<\/div>\n<\/div>\n<\/div>\n<\/div>\n<\/div>\n<\/div>\n<\/div>\n<\/li>\n<\/ul>\n<\/li>\n<li class=\"menu-item menu-item-type-taxonomy menu-item-object-category tdb-menu-item-button tdb-menu-item tdb-mega-menu tdb-mega-menu-inactive tdb-mega-menu-cat tdb-mega-menu-cats-first menu-item-70591\"><a title=\"Regional\" href=\"https:\/\/www.jurnaldevrancea.ro\/regional\/\">\n<div class=\"tdb-menu-item-text\">Regional<\/div>\n<p><\/a><\/p>\n<ul class=\"sub-menu\">\n<li class=\"menu-item-0\">\n<div class=\"tdb-menu-item-text\">\n<div class=\"tdb_header_mega_menu tdi_63 td_with_ajax_pagination td-pb-border-top td_block_template_1\" data-td-block-uid=\"tdi_63\">\n<div class=\"block-mega-child-cats\"><a class=\"cur-sub-cat mega-menu-sub-cat-tdi_63\" id=\"tdi_64\" data-td_block_id=\"tdi_63\" data-td_filter_value href=\"https:\/\/www.jurnaldevrancea.ro\/regional\/\">Toate<\/a><a class=\"mega-menu-sub-cat-tdi_63\" id=\"tdi_65\" data-td_block_id=\"tdi_63\" data-td_filter_value=\"13742\" href=\"https:\/\/www.jurnaldevrancea.ro\/regional\/bacau\/\">Bac\u0103u<\/a><a class=\"mega-menu-sub-cat-tdi_63\" id=\"tdi_66\" data-td_block_id=\"tdi_63\" data-td_filter_value=\"13743\" href=\"https:\/\/www.jurnaldevrancea.ro\/regional\/braila\/\">Br\u0103ila<\/a><a class=\"mega-menu-sub-cat-tdi_63\" id=\"tdi_67\" data-td_block_id=\"tdi_63\" data-td_filter_value=\"13741\" href=\"https:\/\/www.jurnaldevrancea.ro\/regional\/buzau\/\">Buz\u0103u<\/a><a class=\"mega-menu-sub-cat-tdi_63\" id=\"tdi_68\" data-td_block_id=\"tdi_63\" data-td_filter_value=\"13744\" href=\"https:\/\/www.jurnaldevrancea.ro\/regional\/galati\/\">Galati<\/a><\/div>\n<div class=\"tdb-mega-modules-wrap\">\n<div id=\"tdi_63\" class=\"td_block_inner\">\n<div class=\"tdb_module_header tdb_module_mm td_module_wrap td-animation-stack td-cpt-post\">\n<div class=\"td-module-container td-category-pos-image\">\n<div class=\"td-module-meta-info\">\n<h2 class=\"entry-title td-module-title\"><a href=\"https:\/\/www.jurnaldevrancea.ro\/accident-grav-pe-dn-1b-un-barbat-a-murit-iar-alte-sase-persoane-au-fost-ranite\/\" rel=\"bookmark\" title=\"Accident grav pe DN 1B! Un b\u0103rbat a murit iar alte \u0219ase persoane au fost r\u0103nite\">Accident grav pe DN 1B! Un b\u0103rbat a murit iar alte \u0219ase persoane au fost r\u0103nite<\/a><\/h2>\n<\/div>\n<\/div>\n<\/div>\n<div class=\"tdb_module_header tdb_module_mm td_module_wrap td-animation-stack td-cpt-post\">\n<div class=\"td-module-container td-category-pos-image\">\n<div class=\"td-module-meta-info\">\n<h2 class=\"entry-title td-module-title\"><a href=\"https:\/\/www.jurnaldevrancea.ro\/doi-soferi-fara-permis-si-bauti-depistati-in-trafic-unul-dintre-ei-a-fost-retinut-pentru-24-de-ore\/\" rel=\"bookmark\" title=\"Doi \u0219oferi f\u0103r\u0103 permis \u0219i b\u0103u\u021bi, depista\u021bi \u00een trafic! Unul dintre ei a fost re\u021binut pentru 24 de ore\">Doi \u0219oferi f\u0103r\u0103 permis \u0219i b\u0103u\u021bi, depista\u021bi \u00een trafic! Unul dintre ei a fost re\u021binut pentru 24 de ore<\/a><\/h2>\n<\/div>\n<\/div>\n<\/div>\n<div class=\"tdb_module_header tdb_module_mm td_module_wrap td-animation-stack td-cpt-post\">\n<div class=\"td-module-container td-category-pos-image\">\n<div class=\"td-module-meta-info\">\n<h2 class=\"entry-title td-module-title\"><a href=\"https:\/\/www.jurnaldevrancea.ro\/sofer-mort-dupa-ce-a-intrat-cu-masina-intr-un-copac\/\" rel=\"bookmark\" title=\"\u0218ofer mort dup\u0103 ce a intrat cu ma\u0219ina \u00eentr-un copac\">\u0218ofer mort dup\u0103 ce a intrat cu ma\u0219ina \u00eentr-un copac<\/a><\/h2>\n<\/div>\n<\/div>\n<\/div>\n<div class=\"tdb_module_header tdb_module_mm td_module_wrap td-animation-stack td-cpt-post\">\n<div class=\"td-module-container td-category-pos-image\">\n<div class=\"td-module-meta-info\">\n<h2 class=\"entry-title td-module-title\"><a href=\"https:\/\/www.jurnaldevrancea.ro\/video-bataie-in-trafic-doi-soferi-s-au-hotarat-sa-si-rezolve-problemele-ca-in-vestul-salbatic\/\" rel=\"bookmark\" title=\"VIDEO B\u0103taie \u00een trafic! Doi \u0219oferi s-au hot\u0103r\u00e2t s\u0103-\u0219i rezolve problemele ca \u00een Vestul S\u0103lbatic\">VIDEO B\u0103taie \u00een trafic! Doi \u0219oferi s-au hot\u0103r\u00e2t s\u0103-\u0219i rezolve problemele ca \u00een Vestul S\u0103lbatic<\/a><\/h2>\n<\/div>\n<\/div>\n<\/div>\n<\/div>\n<\/div>\n<\/div>\n<\/div>\n<\/li>\n<\/ul>\n<\/li>\n<li class=\"menu-item menu-item-type-taxonomy menu-item-object-category tdb-menu-item-button tdb-menu-item tdb-mega-menu tdb-mega-menu-inactive tdb-mega-menu-cat menu-item-1266\"><a title=\"National Vrancea\" href=\"https:\/\/www.jurnaldevrancea.ro\/national\/\">\n<div class=\"tdb-menu-item-text\">Na\u021bional<\/div>\n<p><\/a><\/p>\n<ul class=\"sub-menu\">\n<li class=\"menu-item-0\">\n<div class=\"tdb-menu-item-text\">\n<div class=\"tdb_header_mega_menu tdi_69 td-no-subcats td_with_ajax_pagination td-pb-border-top td_block_template_1\" data-td-block-uid=\"tdi_69\">\n<div class=\"tdb-mega-modules-wrap\">\n<div id=\"tdi_69\" class=\"td_block_inner\">\n<div class=\"tdb_module_header tdb_module_mm td_module_wrap td-animation-stack td-cpt-post\">\n<div class=\"td-module-container td-category-pos-image\">\n<div class=\"td-module-meta-info\">\n<h2 class=\"entry-title td-module-title\"><a href=\"https:\/\/www.jurnaldevrancea.ro\/rata-somajului-a-crescut-usor-la-final-de-an-peste-263-000-de-persoane-fara-loc-de-munca-inregistrate-la-nivel-national\/\" rel=\"bookmark\" title=\"Rata \u0219omajului a crescut u\u0219or la final de an. Peste 263.000 de persoane f\u0103r\u0103 loc de munc\u0103 \u00eenregistrate la nivel na\u021bional\">Rata \u0219omajului a crescut u\u0219or la final de an. Peste 263.000 de persoane f\u0103r\u0103 loc de munc\u0103 \u00eenregistrate la nivel na\u021bional<\/a><\/h2>\n<\/div>\n<\/div>\n<\/div>\n<div class=\"tdb_module_header tdb_module_mm td_module_wrap td-animation-stack td-cpt-post\">\n<div class=\"td-module-container td-category-pos-image\">\n<div class=\"td-module-meta-info\">\n<h2 class=\"entry-title td-module-title\"><a href=\"https:\/\/www.jurnaldevrancea.ro\/sanctiuni-drastice-si-pentru-cei-care-au-protestat-la-iasi-pe-24-ianuarie-unul-dintre-ei-are-de-platit-o-sanctiune-de-2-000-de-euro\/\" rel=\"bookmark\" title=\"Sanc\u021biuni drastice \u0219i pentru cei care au protestat la Ia\u0219i, pe 24 ianuarie! Unul dintre ei are de pl\u0103tit o sanc\u021biune de 2.000 de euro!\">Sanc\u021biuni drastice \u0219i pentru cei care au protestat la Ia\u0219i, pe 24 ianuarie! Unul dintre ei are de pl\u0103tit o sanc\u021biune de 2.000 de&#8230;<\/a><\/h2>\n<\/div>\n<\/div>\n<\/div>\n<div class=\"tdb_module_header tdb_module_mm td_module_wrap td-animation-stack td-cpt-post\">\n<div class=\"td-module-container td-category-pos-image\">\n<div class=\"td-module-meta-info\">\n<h2 class=\"entry-title td-module-title\"><a href=\"https:\/\/www.jurnaldevrancea.ro\/anaf-lanseaza-chatbot-ul-ana-un-nou-pas-spre-digitalizarea-serviciilor-fiscale\/\" rel=\"bookmark\" title=\"ANAF lanseaz\u0103 chatbot-ul ANA, un nou pas spre digitalizarea serviciilor fiscale\">ANAF lanseaz\u0103 chatbot-ul ANA, un nou pas spre digitalizarea serviciilor fiscale<\/a><\/h2>\n<\/div>\n<\/div>\n<\/div>\n<div class=\"tdb_module_header tdb_module_mm td_module_wrap td-animation-stack td-cpt-post\">\n<div class=\"td-module-container td-category-pos-image\">\n<div class=\"td-module-meta-info\">\n<h2 class=\"entry-title td-module-title\"><a href=\"https:\/\/www.jurnaldevrancea.ro\/administratiile-locale-pe-perfuzii-de-la-bugetul-stat-ilie-bolojan-sistemul-nu-mai-poate-functiona-asa\/\" rel=\"bookmark\" title=\"Administra\u021biile locale, pe perfuzii de la bugetul de stat. Ilie Bolojan: \u201eSistemul nu mai poate func\u021biona a\u0219a\u201d\">Administra\u021biile locale, pe perfuzii de la bugetul de stat. Ilie Bolojan: \u201eSistemul nu mai poate func\u021biona a\u0219a\u201d<\/a><\/h2>\n<\/div>\n<\/div>\n<\/div>\n<div class=\"tdb_module_header tdb_module_mm td_module_wrap td-animation-stack td-cpt-post\">\n<div class=\"td-module-container td-category-pos-image\">\n<div class=\"td-module-meta-info\">\n<h2 class=\"entry-title td-module-title\"><a href=\"https:\/\/www.jurnaldevrancea.ro\/hidroelectrica-a-inceput-emiterea-facturilor-pentru-decembrie-2025-ce-trebuie-sa-stie-clientii-despre-intarzieri-si-solduri\/\" rel=\"bookmark\" title=\"Hidroelectrica a \u00eenceput emiterea facturilor pentru decembrie 2025. Ce trebuie s\u0103 \u0219tie clien\u021bii despre \u00eent\u00e2rzieri \u0219i solduri\">Hidroelectrica a \u00eenceput emiterea facturilor pentru decembrie 2025. Ce trebuie s\u0103 \u0219tie clien\u021bii despre \u00eent\u00e2rzieri \u0219i solduri<\/a><\/h2>\n<\/div>\n<\/div>\n<\/div>\n<\/div>\n<\/div>\n<\/div>\n<\/div>\n<\/li>\n<\/ul>\n<\/li>\n<li class=\"menu-item menu-item-type-taxonomy menu-item-object-category tdb-menu-item-button tdb-menu-item tdb-normal-menu menu-item-143500\"><a href=\"https:\/\/www.jurnaldevrancea.ro\/politica\/\">\n<div class=\"tdb-menu-item-text\">Politic\u0103<\/div>\n<p><\/a><\/li>\n<li class=\"menu-item menu-item-type-taxonomy menu-item-object-category tdb-menu-item-button tdb-menu-item tdb-mega-menu tdb-mega-menu-inactive tdb-mega-menu-cat menu-item-96711\"><a title=\"Sport Vrancea\" href=\"https:\/\/www.jurnaldevrancea.ro\/sport\/\">\n<div class=\"tdb-menu-item-text\">Sport<\/div>\n<p><\/a><\/p>\n<ul class=\"sub-menu\">\n<li class=\"menu-item-0\">\n<div class=\"tdb-menu-item-text\">\n<div class=\"tdb_header_mega_menu tdi_70 td-no-subcats td_with_ajax_pagination td-pb-border-top td_block_template_1\" data-td-block-uid=\"tdi_70\">\n<div class=\"tdb-mega-modules-wrap\">\n<div id=\"tdi_70\" class=\"td_block_inner\">\n<div class=\"tdb_module_header tdb_module_mm td_module_wrap td-animation-stack td-cpt-post\">\n<div class=\"td-module-container td-category-pos-image\">\n<div class=\"td-module-meta-info\">\n<h2 class=\"entry-title td-module-title\"><a href=\"https:\/\/www.jurnaldevrancea.ro\/aur-si-argint-pentru-tragatorii-csm-focsani-la-campionatul-national-de-tir-sportiv\/\" rel=\"bookmark\" title=\"Aur \u0219i argint pentru tr\u0103g\u0103torii CSM Foc\u0219ani la Campionatul Na\u021bional de tir sportiv\">Aur \u0219i argint pentru tr\u0103g\u0103torii CSM Foc\u0219ani la Campionatul Na\u021bional de tir sportiv<\/a><\/h2>\n<\/div>\n<\/div>\n<\/div>\n<div class=\"tdb_module_header tdb_module_mm td_module_wrap td-animation-stack td-cpt-post\">\n<div class=\"td-module-container td-category-pos-image\">\n<div class=\"td-module-meta-info\">\n<h2 class=\"entry-title td-module-title\"><a href=\"https:\/\/www.jurnaldevrancea.ro\/sensei-viorel-burlan-isi-sarbatoreste-astazi-ziua-de-nastere-la-multi-ani-unui-adevarat-simbol-al-artelor-martiale-din-romania\/\" rel=\"bookmark\" title=\"Sensei Viorel Burlan \u00ee\u0219i s\u0103rb\u0103tore\u0219te ast\u0103zi ziua de na\u0219tere. La mul\u021bi ani unui adev\u0103rat simbol al artelor mar\u021biale din Rom\u00e2nia!\">Sensei Viorel Burlan \u00ee\u0219i s\u0103rb\u0103tore\u0219te ast\u0103zi ziua de na\u0219tere. La mul\u021bi ani unui adev\u0103rat simbol al artelor mar\u021biale din Rom\u00e2nia!<\/a><\/h2>\n<\/div>\n<\/div>\n<\/div>\n<div class=\"tdb_module_header tdb_module_mm td_module_wrap td-animation-stack td-cpt-post\">\n<div class=\"td-module-container td-category-pos-image\">\n<div class=\"td-module-meta-info\">\n<h2 class=\"entry-title td-module-title\"><a href=\"https:\/\/www.jurnaldevrancea.ro\/rezultatele-competitiei-polo-desfasurata-weekend-ul-trecut-la-bazinul-de-inot-didactic\/\" rel=\"bookmark\" title=\"Rezultatele competi\u021biei de polo desf\u0103\u0219urat\u0103 weekend-ul trecut la Bazinul de \u00eenot didactic\">Rezultatele competi\u021biei de polo desf\u0103\u0219urat\u0103 weekend-ul trecut la Bazinul de \u00eenot didactic<\/a><\/h2>\n<\/div>\n<\/div>\n<\/div>\n<div class=\"tdb_module_header tdb_module_mm td_module_wrap td-animation-stack td-cpt-post\">\n<div class=\"td-module-container td-category-pos-image\">\n<div class=\"td-module-meta-info\">\n<h2 class=\"entry-title td-module-title\"><a href=\"https:\/\/www.jurnaldevrancea.ro\/patru-medalii-de-aur-pentru-csm-focsani-la-campionatul-national-de-tir-sportiv\/\" rel=\"bookmark\" title=\"Patru medalii de aur pentru CSM Foc\u0219ani la Campionatul Na\u021bional de tir sportiv\">Patru medalii de aur pentru CSM Foc\u0219ani la Campionatul Na\u021bional de tir sportiv<\/a><\/h2>\n<\/div>\n<\/div>\n<\/div>\n<div class=\"tdb_module_header tdb_module_mm td_module_wrap td-animation-stack td-cpt-post\">\n<div class=\"td-module-container td-category-pos-image\">\n<div class=\"td-module-meta-info\">\n<h2 class=\"entry-title td-module-title\"><a href=\"https:\/\/www.jurnaldevrancea.ro\/cristian-voicu-pune-in-cui-fluierul-de-arbitru\/\" rel=\"bookmark\" title=\"Cristian Voicu pune \u00een cui fluierul de arbitru\">Cristian Voicu pune \u00een cui fluierul de arbitru<\/a><\/h2>\n<\/div>\n<\/div>\n<\/div>\n<\/div>\n<\/div>\n<\/div>\n<\/div>\n<\/li>\n<\/ul>\n<\/li>\n<\/ul>\n<div class=\"tdb-menu-items-dropdown\">\n<div class=\"td-subcat-more\"><span class=\"tdb-menu-item-text\">More<\/span><\/div>\n<\/div>\n<\/div>\n<\/div>\n<\/div>\n<\/div>\n<div class=\"wpb_wrapper\">\n<div class=\"td_block_wrap td-a-rec td-a-rec-id-custom-spot td-a-rec-img tdi_79 td_block_template_1\">\n<div><a href target=\"blank\" class=\"td_spot_img_all\"><img loading=\"lazy\" decoding=\"async\" src=\"https:\/\/analyse.optim.biz\/wp-content\/uploads\/2026\/01\/banner-aurora-multimarket-1200x200px-60.jpg\" alt=\"spot_img\" width=\"1200\" height=\"200\" title=\"banner-aurora-multimarket-1200x200px-60\"><\/a><a href target=\"blank\" class=\"td_spot_img_mob\"><img loading=\"lazy\" decoding=\"async\" src=\"https:\/\/analyse.optim.biz\/wp-content\/uploads\/2026\/01\/banner-aurora-multimarket-350x350px-60.jpg\" alt=\"spot_img\" width=\"300\" height=\"350\" title=\"banner-aurora-multimarket-350x350px-60\"><\/a><\/div>\n<\/div>\n<\/div>\n<div class=\"wpb_wrapper\">\n<div class=\"td_block_wrap tdb_breadcrumbs tdi_84 td-pb-border-top td_block_template_1 tdb-breadcrumbs \" data-td-block-uid=\"tdi_84\">\n<div class=\"tdb-block-inner td-fix-index\"><span><a title class=\"tdb-entry-crumb\" href=\"https:\/\/www.jurnaldevrancea.ro\/\">Acas\u0103<\/a><\/span><span><a title=\"Vede\u021bi toate articolele \u00een Actualitate\" class=\"tdb-entry-crumb\" href=\"https:\/\/www.jurnaldevrancea.ro\/actualitate\/\">Actualitate<\/a><\/span><span class=\"tdb-bred-no-url-last\">Horoscopul zilei de 28 ianuarie 2026<\/span><\/div>\n<\/div>\n<div class=\"td_block_wrap tdb_single_categories tdi_85 td-pb-border-top td_block_template_1 \" data-td-block-uid=\"tdi_85\">\n<div class=\"tdb-category td-fix-index\"><a class=\"tdb-entry-category\" href=\"https:\/\/www.jurnaldevrancea.ro\/actualitate\/\">Actualitate<\/a><a class=\"tdb-entry-category\" href=\"https:\/\/www.jurnaldevrancea.ro\/lifestyle\/\">Lifestyle<\/a><\/div>\n<\/div>\n<div class=\"td_block_wrap tdb_title tdi_86 tdb-single-title td-pb-border-top td_block_template_1\" data-td-block-uid=\"tdi_86\">\n<div class=\"tdb-block-inner td-fix-index\">\n<h2 class=\"tdb-title-text\">Horoscopul zilei de 28 ianuarie 2026<\/h2>\n<\/div>\n<\/div>\n<div class=\"vc_row_inner tdi_88  vc_row vc_inner wpb_row td-pb-row\">\n<div class=\"vc_column_inner tdi_90  wpb_column vc_column_container tdc-inner-column td-pb-span3\">\n<div class=\"vc_column-inner\">\n<div class=\"wpb_wrapper\">\n<div class=\"td_block_wrap tdb_single_author tdi_91 td-pb-border-top td_block_template_1 tdb-post-meta\" data-td-block-uid=\"tdi_91\">\n<div class=\"tdb-block-inner td-fix-index\">\n<div class=\"tdb-author-name-wrap\"><span class=\"tdb-author-by\">DE:<\/span><a class=\"tdb-author-name\" href=\"https:\/\/www.jurnaldevrancea.ro\/author\/editor-online\/\">Editor Online<\/a><\/div>\n<\/div>\n<\/div>\n<\/div>\n<\/div>\n<\/div>\n<div class=\"vc_column_inner tdi_93  wpb_column vc_column_container tdc-inner-column td-pb-span3\">\n<div class=\"vc_column-inner\">\n<div class=\"wpb_wrapper\">\n<div class=\"td_block_wrap tdb_single_date tdi_94 td-pb-border-top td_block_template_1 tdb-post-meta\" data-td-block-uid=\"tdi_94\">\n<div class=\"tdb-block-inner td-fix-index\"><time class=\"entry-date updated td-module-date\" datetime=\"2026-01-28T00:01:59+02:00\">28\/01\/2026<\/time><\/div>\n<\/div>\n<\/div>\n<\/div>\n<\/div>\n<div class=\"vc_column_inner tdi_96  wpb_column vc_column_container tdc-inner-column td-pb-span3\">\n<div class=\"vc_column-inner\">\n<div class=\"wpb_wrapper\">\n<div class=\"td_block_wrap tdb_single_post_views tdi_97 td-pb-border-top td_block_template_1 tdb-post-meta\" data-td-block-uid=\"tdi_97\">\n<div class=\"tdb-block-inner td-fix-index\"><span class=\"td-nr-views-157455\">48<\/span><\/div>\n<\/div>\n<\/div>\n<\/div>\n<\/div>\n<div class=\"vc_column_inner tdi_99  wpb_column vc_column_container tdc-inner-column td-pb-span3\">\n<div class=\"vc_column-inner\">\n<div class=\"wpb_wrapper\">\n<div class=\"td_block_wrap tdb_single_post_share tdi_100  td-pb-border-top td_block_template_1\" data-td-block-uid=\"tdi_100\">\n<div id=\"tdi_100\" class=\"td-post-sharing tdb-block td-ps-bg td-ps-notext td-ps-bar td-post-sharing-style5 \">\n<div class=\"td-post-sharing-visible\"><a class=\"td-social-sharing-button td-social-sharing-button-js td-social-network td-social-facebook\" href=\"https:\/\/www.facebook.com\/sharer.php?u=https%3A%2F%2Fwww.jurnaldevrancea.ro%2Fhoroscopul-zilei-de-28-ianuarie-2026%2F\" title=\"Facebook\"><\/p>\n<div class=\"td-social-but-text\">Facebook<\/div>\n<p><\/a><a class=\"td-social-sharing-button td-social-sharing-button-js td-social-network td-social-twitter\" href=\"https:\/\/twitter.com\/intent\/tweet?text=Horoscopul+zilei+de+28+ianuarie+2026&amp;url=https%3A%2F%2Fwww.jurnaldevrancea.ro%2Fhoroscopul-zilei-de-28-ianuarie-2026%2F&amp;via=Jurnal+de+Vrancea+-+Stiri+din+Vrancea+si+Focsani\" title=\"Twitter\"><\/p>\n<div class=\"td-social-but-text\">Twitter<\/div>\n<p><\/a><a class=\"td-social-sharing-button td-social-sharing-button-js td-social-network td-social-whatsapp\" href=\"https:\/\/api.whatsapp.com\/send?text=Horoscopul+zilei+de+28+ianuarie+2026%20%0A%0A%20https:\/\/www.jurnaldevrancea.ro\/horoscopul-zilei-de-28-ianuarie-2026\/\" title=\"WhatsApp\"><\/p>\n<div class=\"td-social-but-text\">WhatsApp<\/div>\n<p><\/a><a class=\"td-social-sharing-button td-social-sharing-button-js td-social-network td-social-print\" href=\"https:\/\/www.jurnaldevrancea.ro\/horoscopul-zilei-de-28-ianuarie-2026\/\" title=\"Imprimare\"><\/p>\n<div class=\"td-social-but-text\">Imprimare<\/div>\n<p><\/a><\/div>\n<\/div>\n<\/div>\n<\/div>\n<\/div>\n<\/div>\n<\/div>\n<\/div>\n<div class=\"wpb_wrapper\">\n<div class=\"td_block_wrap tdb_single_author tdi_91 td-pb-border-top td_block_template_1 tdb-post-meta\" data-td-block-uid=\"tdi_91\">\n<div class=\"tdb-block-inner td-fix-index\">\n<div class=\"tdb-author-name-wrap\"><span class=\"tdb-author-by\">DE:<\/span><a class=\"tdb-author-name\" href=\"https:\/\/www.jurnaldevrancea.ro\/author\/editor-online\/\">Editor Online<\/a><\/div>\n<\/div>\n<\/div>\n<\/div>\n<div class=\"wpb_wrapper\">\n<div class=\"td_block_wrap tdb_single_date tdi_94 td-pb-border-top td_block_template_1 tdb-post-meta\" data-td-block-uid=\"tdi_94\">\n<div class=\"tdb-block-inner td-fix-index\"><time class=\"entry-date updated td-module-date\" datetime=\"2026-01-28T00:01:59+02:00\">28\/01\/2026<\/time><\/div>\n<\/div>\n<\/div>\n<div class=\"wpb_wrapper\">\n<div class=\"td_block_wrap tdb_single_post_views tdi_97 td-pb-border-top td_block_template_1 tdb-post-meta\" data-td-block-uid=\"tdi_97\">\n<div class=\"tdb-block-inner td-fix-index\"><span class=\"td-nr-views-157455\">48<\/span><\/div>\n<\/div>\n<\/div>\n<div class=\"wpb_wrapper\">\n<div class=\"td_block_wrap tdb_single_post_share tdi_100  td-pb-border-top td_block_template_1\" data-td-block-uid=\"tdi_100\">\n<div id=\"tdi_100\" class=\"td-post-sharing tdb-block td-ps-bg td-ps-notext td-ps-bar td-post-sharing-style5 \">\n<div class=\"td-post-sharing-visible\"><a class=\"td-social-sharing-button td-social-sharing-button-js td-social-network td-social-facebook\" href=\"https:\/\/www.facebook.com\/sharer.php?u=https%3A%2F%2Fwww.jurnaldevrancea.ro%2Fhoroscopul-zilei-de-28-ianuarie-2026%2F\" title=\"Facebook\"><\/p>\n<div class=\"td-social-but-text\">Facebook<\/div>\n<p><\/a><a class=\"td-social-sharing-button td-social-sharing-button-js td-social-network td-social-twitter\" href=\"https:\/\/twitter.com\/intent\/tweet?text=Horoscopul+zilei+de+28+ianuarie+2026&amp;url=https%3A%2F%2Fwww.jurnaldevrancea.ro%2Fhoroscopul-zilei-de-28-ianuarie-2026%2F&amp;via=Jurnal+de+Vrancea+-+Stiri+din+Vrancea+si+Focsani\" title=\"Twitter\"><\/p>\n<div class=\"td-social-but-text\">Twitter<\/div>\n<p><\/a><a class=\"td-social-sharing-button td-social-sharing-button-js td-social-network td-social-whatsapp\" href=\"https:\/\/api.whatsapp.com\/send?text=Horoscopul+zilei+de+28+ianuarie+2026%20%0A%0A%20https:\/\/www.jurnaldevrancea.ro\/horoscopul-zilei-de-28-ianuarie-2026\/\" title=\"WhatsApp\"><\/p>\n<div class=\"td-social-but-text\">WhatsApp<\/div>\n<p><\/a><a class=\"td-social-sharing-button td-social-sharing-button-js td-social-network td-social-print\" href=\"https:\/\/www.jurnaldevrancea.ro\/horoscopul-zilei-de-28-ianuarie-2026\/\" title=\"Imprimare\"><\/p>\n<div class=\"td-social-but-text\">Imprimare<\/div>\n<p><\/a><\/div>\n<\/div>\n<\/div>\n<\/div>\n<div class=\"wpb_wrapper\">\n<div class=\"td_block_wrap tdb_single_featured_image tdi_105 tdb-content-horiz-left td-pb-border-top td_block_template_1\" data-td-block-uid=\"tdi_105\">\n<div class=\"tdb-block-inner td-fix-index\"><img loading=\"lazy\" decoding=\"async\" width=\"696\" height=\"522\" class=\"entry-thumb\" src=\"https:\/\/analyse.optim.biz\/wp-content\/uploads\/2026\/01\/carton-horoscop-jurnal-de-vrancea-jpg-41.webp\" title=\"carton-horoscop-jurnal-de-vrancea\"><\/div>\n<\/div>\n<div class=\"td_block_wrap tdb_single_content tdi_106 td-pb-border-top td_block_template_1 td-post-content tagdiv-type\" data-td-block-uid=\"tdi_106\">\n<div class=\"tdb-block-inner td-fix-index\">\n<h3 data-start=\"88\" data-end=\"129\"><strong data-start=\"92\" data-end=\"127\">Berbec (21 martie \u2013 19 aprilie)<\/strong><\/h3>\n<p data-start=\"130\" data-end=\"303\">Ast\u0103zi sim\u021bi un val de energie creativ\u0103. Este momentul s\u0103 \u00eencepi un proiect pe care l-ai tot am\u00e2nat. Fii atent la impulsivitate \u00een rela\u021biile personale; calmul va fi cheia.<\/p>\n<h3 data-start=\"305\" data-end=\"341\"><strong data-start=\"309\" data-end=\"339\">Taur (20 aprilie \u2013 20 mai)<\/strong><\/h3>\n<p data-start=\"342\" data-end=\"511\">Financiar, ziua aduce oportunit\u0103\u021bi nea\u0219teptate. Ai grij\u0103 \u00eens\u0103 la cheltuieli impulsive. \u00cen plan emo\u021bional, o discu\u021bie sincer\u0103 cu cineva apropiat \u00ee\u021bi va aduce claritate.<\/p>\n<h3 data-start=\"513\" data-end=\"549\"><strong data-start=\"517\" data-end=\"547\">Gemeni (21 mai \u2013 20 iunie)<\/strong><\/h3>\n<p data-start=\"550\" data-end=\"716\">Comunicarea este punctul t\u0103u forte ast\u0103zi. Vei primi ve\u0219ti interesante sau vei stabili conexiuni valoroase. Evit\u0103 s\u0103 te r\u0103sp\u00e2nde\u0219ti \u00een prea multe direc\u021bii simultan.<\/p>\n<h3 data-start=\"718\" data-end=\"753\"><strong data-start=\"722\" data-end=\"751\">Rac (21 iunie \u2013 22 iulie)<\/strong><\/h3>\n<p data-start=\"754\" data-end=\"901\">Este o zi potrivit\u0103 pentru introspec\u021bie. Medita\u021bia sau timpul petrecut \u00een natur\u0103 te va ajuta s\u0103 iei decizii importante legate de via\u021ba personal\u0103.<\/p>\n<h3 data-start=\"903\" data-end=\"939\"><strong data-start=\"907\" data-end=\"937\">Leu (23 iulie \u2013 22 august)<\/strong><\/h3>\n<p data-start=\"940\" data-end=\"1115\">Ai o energie atractiv\u0103 care atrage aten\u021bia celor din jur. Este o zi bun\u0103 pentru negocieri sau prezent\u0103ri. \u00cen dragoste, gesturile mici conteaz\u0103 mai mult dec\u00e2t cuvintele mari.<\/p>\n<h3 data-start=\"1117\" data-end=\"1163\"><strong data-start=\"1121\" data-end=\"1161\">Fecioar\u0103 (23 august \u2013 22 septembrie)<\/strong><\/h3>\n<p data-start=\"1164\" data-end=\"1329\">Detaliile conteaz\u0103 ast\u0103zi, iar r\u0103bdarea ta va fi r\u0103spl\u0103tit\u0103. Evit\u0103 discu\u021biile tensionate la locul de munc\u0103 \u0219i concentreaz\u0103-te pe sarcinile care necesit\u0103 acurate\u021be.<\/p>\n<h3 data-start=\"1331\" data-end=\"1379\"><strong data-start=\"1335\" data-end=\"1377\">Balan\u021b\u0103 (23 septembrie \u2013 22 octombrie)<\/strong><\/h3>\n<p data-start=\"1380\" data-end=\"1552\">Rela\u021biile sociale sunt favorizate. O \u00eent\u00e2lnire sau un eveniment te poate ajuta s\u0103 descoperi oameni \u0219i idei noi. Ai grij\u0103 s\u0103 nu la\u0219i responsabilit\u0103\u021bile personale deoparte.<\/p>\n<h3 data-start=\"1554\" data-end=\"1602\"><strong data-start=\"1558\" data-end=\"1600\">Scorpion (23 octombrie \u2013 21 noiembrie)<\/strong><\/h3>\n<p data-start=\"1603\" data-end=\"1789\">Intui\u021bia ta este foarte puternic\u0103 ast\u0103zi. Po\u021bi afla informa\u021bii importante ascult\u00e2nd mai mult dec\u00e2t vorbe\u0219ti. Fii atent la emo\u021biile celor din jur; empatia te va ajuta s\u0103 faci diferen\u021ba.<\/p>\n<h3 data-start=\"1791\" data-end=\"1840\"><strong data-start=\"1795\" data-end=\"1838\">S\u0103get\u0103tor (22 noiembrie \u2013 21 decembrie)<\/strong><\/h3>\n<p data-start=\"1841\" data-end=\"2014\">Este o zi pentru planuri \u0219i strategii pe termen lung. C\u0103l\u0103toriile sau activit\u0103\u021bile care \u00ee\u021bi l\u0103rgesc orizonturile sunt favorizate. Evit\u0103 deciziile impulsive legate de bani.<\/p>\n<h3 data-start=\"2016\" data-end=\"2064\"><strong data-start=\"2020\" data-end=\"2062\">Capricorn (22 decembrie \u2013 19 ianuarie)<\/strong><\/h3>\n<p data-start=\"2065\" data-end=\"2239\">Munca \u0219i responsabilit\u0103\u021bile te solicit\u0103 ast\u0103zi, dar efortul va fi r\u0103spl\u0103tit. \u00cen plan personal, g\u0103se\u0219te timp pentru relaxare; echilibrul \u00eentre munc\u0103 \u0219i odihn\u0103 este esen\u021bial.<\/p>\n<h3 data-start=\"2241\" data-end=\"2288\"><strong data-start=\"2245\" data-end=\"2286\">V\u0103rs\u0103tor (20 ianuarie \u2013 18 februarie)<\/strong><\/h3>\n<p data-start=\"2289\" data-end=\"2447\">Ideile inovatoare vin u\u0219or ast\u0103zi. Este o zi bun\u0103 pentru proiecte creative sau colabor\u0103ri. \u00cen rela\u021bii, sinceritatea \u0219i autenticitatea vor \u00eent\u0103ri leg\u0103turile.<\/p>\n<h3 data-start=\"2449\" data-end=\"2491\"><strong data-start=\"2453\" data-end=\"2489\">Pe\u0219ti (19 februarie \u2013 20 martie)<\/strong><\/h3>\n<p data-start=\"2492\" data-end=\"2686\">Sensibilitatea ta este accentuat\u0103 ast\u0103zi. Ai grij\u0103 la cheltuieli emo\u021bionale inutile \u0219i acord\u0103 timp pentru odihn\u0103 \u0219i reflec\u021bie. Un mic gest de bun\u0103tate poate face o mare diferen\u021b\u0103 \u00een jurul t\u0103u.<\/p>\n<\/div>\n<\/div>\n<div class=\"td_block_wrap td-a-rec td-a-rec-id-custom-spot td-a-rec-img tdi_107 td_block_template_1\">\n<div><a href=\"https:\/\/www.tomitatravel.ro\/\" target=\"blank\" class=\"td_spot_img_all\"><img loading=\"lazy\" decoding=\"async\" src=\"https:\/\/analyse.optim.biz\/wp-content\/uploads\/2026\/01\/banner-tomita_travel-focsani-1200x200-1-60.jpg\" alt=\"Tomi\u021b\u0103 Travel - Agen\u021bie de turism Foc\u0219ani\" width=\"1200\" height=\"200\" title=\"banner-tomita_travel-focsani-1200x200-1-60\"><\/a><a href=\"https:\/\/www.tomitatravel.ro\/\" target=\"blank\" class=\"td_spot_img_mob\"><img loading=\"lazy\" decoding=\"async\" src=\"https:\/\/analyse.optim.biz\/wp-content\/uploads\/2026\/01\/banner-tomita_travel-focsani-350x350-1-60.jpg\" alt=\"Tomi\u021b\u0103 Travel - Agen\u021bie de turism Foc\u0219ani\" width=\"300\" height=\"350\" title=\"banner-tomita_travel-focsani-350x350-1-60\"><\/a><\/div>\n<\/div>\n<div class=\"td_block_wrap td-a-rec td-a-rec-id-custom-spot td-a-rec-img tdi_108 td_block_template_1\">\n<div><a href=\"https:\/\/www.dezromania.ro\/categorii\/category\/14-produse.html\" target=\"blank\" class=\"td_spot_img_all\"><img loading=\"lazy\" decoding=\"async\" src=\"https:\/\/analyse.optim.biz\/wp-content\/uploads\/2026\/01\/banner-1200x200-sipotehnokar-auto-avariate-2025-60.jpg\" alt=\"spot_img\" width=\"1200\" height=\"200\" title=\"banner-1200x200-sipotehnokar-auto-avariate-2025-60\"><\/a><a href=\"https:\/\/www.dezromania.ro\/categorii\/category\/14-produse.html\" target=\"blank\" class=\"td_spot_img_mob\"><img loading=\"lazy\" decoding=\"async\" src=\"https:\/\/analyse.optim.biz\/wp-content\/uploads\/2026\/01\/banner-sipotehnokar-300xx220px-2025-58.jpg\" alt=\"spot_img\" width=\"300\" height=\"220\" title=\"banner-sipotehnokar-300xx220px-2025-58\"><\/a><\/div>\n<\/div>\n<div class=\"td_block_wrap td-a-rec td-a-rec-id-custom-spot td-a-rec-img tdi_109 td_block_template_1\">\n<div><a href=\"https:\/\/haipromo.ro\/\" target=\"blank\" class=\"td_spot_img_all\"><img loading=\"lazy\" decoding=\"async\" src=\"https:\/\/analyse.optim.biz\/wp-content\/uploads\/2026\/01\/banner-hai-promo-1200x200px-60.jpg\" alt=\"HAI PROMO\" width=\"1200\" height=\"200\" title=\"banner-hai-promo-1200x200px-60\"><\/a><a href=\"https:\/\/haipromo.ro\/\" target=\"blank\" class=\"td_spot_img_mob\"><img loading=\"lazy\" decoding=\"async\" src=\"https:\/\/analyse.optim.biz\/wp-content\/uploads\/2026\/01\/banner-hai-promo-350x350px-60.jpg\" alt=\"HAI PROMO\" width=\"350\" height=\"350\" title=\"banner-hai-promo-350x350px-60\"><\/a><\/div>\n<\/div>\n<\/div>\n<div class=\"td_block_wrap tdb_single_content tdi_106 td-pb-border-top td_block_template_1 td-post-content tagdiv-type\" data-td-block-uid=\"tdi_106\">\n<div class=\"tdb-block-inner td-fix-index\">\n<h3 data-start=\"88\" data-end=\"129\"><strong data-start=\"92\" data-end=\"127\">Berbec (21 martie \u2013 19 aprilie)<\/strong><\/h3>\n<p data-start=\"130\" data-end=\"303\">Ast\u0103zi sim\u021bi un val de energie creativ\u0103. Este momentul s\u0103 \u00eencepi un proiect pe care l-ai tot am\u00e2nat. Fii atent la impulsivitate \u00een rela\u021biile personale; calmul va fi cheia.<\/p>\n<h3 data-start=\"305\" data-end=\"341\"><strong data-start=\"309\" data-end=\"339\">Taur (20 aprilie \u2013 20 mai)<\/strong><\/h3>\n<p data-start=\"342\" data-end=\"511\">Financiar, ziua aduce oportunit\u0103\u021bi nea\u0219teptate. Ai grij\u0103 \u00eens\u0103 la cheltuieli impulsive. \u00cen plan emo\u021bional, o discu\u021bie sincer\u0103 cu cineva apropiat \u00ee\u021bi va aduce claritate.<\/p>\n<h3 data-start=\"513\" data-end=\"549\"><strong data-start=\"517\" data-end=\"547\">Gemeni (21 mai \u2013 20 iunie)<\/strong><\/h3>\n<p data-start=\"550\" data-end=\"716\">Comunicarea este punctul t\u0103u forte ast\u0103zi. Vei primi ve\u0219ti interesante sau vei stabili conexiuni valoroase. Evit\u0103 s\u0103 te r\u0103sp\u00e2nde\u0219ti \u00een prea multe direc\u021bii simultan.<\/p>\n<h3 data-start=\"718\" data-end=\"753\"><strong data-start=\"722\" data-end=\"751\">Rac (21 iunie \u2013 22 iulie)<\/strong><\/h3>\n<p data-start=\"754\" data-end=\"901\">Este o zi potrivit\u0103 pentru introspec\u021bie. Medita\u021bia sau timpul petrecut \u00een natur\u0103 te va ajuta s\u0103 iei decizii importante legate de via\u021ba personal\u0103.<\/p>\n<h3 data-start=\"903\" data-end=\"939\"><strong data-start=\"907\" data-end=\"937\">Leu (23 iulie \u2013 22 august)<\/strong><\/h3>\n<p data-start=\"940\" data-end=\"1115\">Ai o energie atractiv\u0103 care atrage aten\u021bia celor din jur. Este o zi bun\u0103 pentru negocieri sau prezent\u0103ri. \u00cen dragoste, gesturile mici conteaz\u0103 mai mult dec\u00e2t cuvintele mari.<\/p>\n<h3 data-start=\"1117\" data-end=\"1163\"><strong data-start=\"1121\" data-end=\"1161\">Fecioar\u0103 (23 august \u2013 22 septembrie)<\/strong><\/h3>\n<p data-start=\"1164\" data-end=\"1329\">Detaliile conteaz\u0103 ast\u0103zi, iar r\u0103bdarea ta va fi r\u0103spl\u0103tit\u0103. Evit\u0103 discu\u021biile tensionate la locul de munc\u0103 \u0219i concentreaz\u0103-te pe sarcinile care necesit\u0103 acurate\u021be.<\/p>\n<h3 data-start=\"1331\" data-end=\"1379\"><strong data-start=\"1335\" data-end=\"1377\">Balan\u021b\u0103 (23 septembrie \u2013 22 octombrie)<\/strong><\/h3>\n<p data-start=\"1380\" data-end=\"1552\">Rela\u021biile sociale sunt favorizate. O \u00eent\u00e2lnire sau un eveniment te poate ajuta s\u0103 descoperi oameni \u0219i idei noi. Ai grij\u0103 s\u0103 nu la\u0219i responsabilit\u0103\u021bile personale deoparte.<\/p>\n<h3 data-start=\"1554\" data-end=\"1602\"><strong data-start=\"1558\" data-end=\"1600\">Scorpion (23 octombrie \u2013 21 noiembrie)<\/strong><\/h3>\n<p data-start=\"1603\" data-end=\"1789\">Intui\u021bia ta este foarte puternic\u0103 ast\u0103zi. Po\u021bi afla informa\u021bii importante ascult\u00e2nd mai mult dec\u00e2t vorbe\u0219ti. Fii atent la emo\u021biile celor din jur; empatia te va ajuta s\u0103 faci diferen\u021ba.<\/p>\n<h3 data-start=\"1791\" data-end=\"1840\"><strong data-start=\"1795\" data-end=\"1838\">S\u0103get\u0103tor (22 noiembrie \u2013 21 decembrie)<\/strong><\/h3>\n<p data-start=\"1841\" data-end=\"2014\">Este o zi pentru planuri \u0219i strategii pe termen lung. C\u0103l\u0103toriile sau activit\u0103\u021bile care \u00ee\u021bi l\u0103rgesc orizonturile sunt favorizate. Evit\u0103 deciziile impulsive legate de bani.<\/p>\n<h3 data-start=\"2016\" data-end=\"2064\"><strong data-start=\"2020\" data-end=\"2062\">Capricorn (22 decembrie \u2013 19 ianuarie)<\/strong><\/h3>\n<p data-start=\"2065\" data-end=\"2239\">Munca \u0219i responsabilit\u0103\u021bile te solicit\u0103 ast\u0103zi, dar efortul va fi r\u0103spl\u0103tit. \u00cen plan personal, g\u0103se\u0219te timp pentru relaxare; echilibrul \u00eentre munc\u0103 \u0219i odihn\u0103 este esen\u021bial.<\/p>\n<h3 data-start=\"2241\" data-end=\"2288\"><strong data-start=\"2245\" data-end=\"2286\">V\u0103rs\u0103tor (20 ianuarie \u2013 18 februarie)<\/strong><\/h3>\n<p data-start=\"2289\" data-end=\"2447\">Ideile inovatoare vin u\u0219or ast\u0103zi. Este o zi bun\u0103 pentru proiecte creative sau colabor\u0103ri. \u00cen rela\u021bii, sinceritatea \u0219i autenticitatea vor \u00eent\u0103ri leg\u0103turile.<\/p>\n<h3 data-start=\"2449\" data-end=\"2491\"><strong data-start=\"2453\" data-end=\"2489\">Pe\u0219ti (19 februarie \u2013 20 martie)<\/strong><\/h3>\n<p data-start=\"2492\" data-end=\"2686\">Sensibilitatea ta este accentuat\u0103 ast\u0103zi. Ai grij\u0103 la cheltuieli emo\u021bionale inutile \u0219i acord\u0103 timp pentru odihn\u0103 \u0219i reflec\u021bie. Un mic gest de bun\u0103tate poate face o mare diferen\u021b\u0103 \u00een jurul t\u0103u.<\/p>\n<\/div>\n<\/div>\n<div class=\"tdb-block-inner td-fix-index\">\n<h3 data-start=\"88\" data-end=\"129\"><strong data-start=\"92\" data-end=\"127\">Berbec (21 martie \u2013 19 aprilie)<\/strong><\/h3>\n<p data-start=\"130\" data-end=\"303\">Ast\u0103zi sim\u021bi un val de energie creativ\u0103. Este momentul s\u0103 \u00eencepi un proiect pe care l-ai tot am\u00e2nat. Fii atent la impulsivitate \u00een rela\u021biile personale; calmul va fi cheia.<\/p>\n<h3 data-start=\"305\" data-end=\"341\"><strong data-start=\"309\" data-end=\"339\">Taur (20 aprilie \u2013 20 mai)<\/strong><\/h3>\n<p data-start=\"342\" data-end=\"511\">Financiar, ziua aduce oportunit\u0103\u021bi nea\u0219teptate. Ai grij\u0103 \u00eens\u0103 la cheltuieli impulsive. \u00cen plan emo\u021bional, o discu\u021bie sincer\u0103 cu cineva apropiat \u00ee\u021bi va aduce claritate.<\/p>\n<h3 data-start=\"513\" data-end=\"549\"><strong data-start=\"517\" data-end=\"547\">Gemeni (21 mai \u2013 20 iunie)<\/strong><\/h3>\n<p data-start=\"550\" data-end=\"716\">Comunicarea este punctul t\u0103u forte ast\u0103zi. Vei primi ve\u0219ti interesante sau vei stabili conexiuni valoroase. Evit\u0103 s\u0103 te r\u0103sp\u00e2nde\u0219ti \u00een prea multe direc\u021bii simultan.<\/p>\n<h3 data-start=\"718\" data-end=\"753\"><strong data-start=\"722\" data-end=\"751\">Rac (21 iunie \u2013 22 iulie)<\/strong><\/h3>\n<p data-start=\"754\" data-end=\"901\">Este o zi potrivit\u0103 pentru introspec\u021bie. Medita\u021bia sau timpul petrecut \u00een natur\u0103 te va ajuta s\u0103 iei decizii importante legate de via\u021ba personal\u0103.<\/p>\n<h3 data-start=\"903\" data-end=\"939\"><strong data-start=\"907\" data-end=\"937\">Leu (23 iulie \u2013 22 august)<\/strong><\/h3>\n<p data-start=\"940\" data-end=\"1115\">Ai o energie atractiv\u0103 care atrage aten\u021bia celor din jur. Este o zi bun\u0103 pentru negocieri sau prezent\u0103ri. \u00cen dragoste, gesturile mici conteaz\u0103 mai mult dec\u00e2t cuvintele mari.<\/p>\n<h3 data-start=\"1117\" data-end=\"1163\"><strong data-start=\"1121\" data-end=\"1161\">Fecioar\u0103 (23 august \u2013 22 septembrie)<\/strong><\/h3>\n<p data-start=\"1164\" data-end=\"1329\">Detaliile conteaz\u0103 ast\u0103zi, iar r\u0103bdarea ta va fi r\u0103spl\u0103tit\u0103. Evit\u0103 discu\u021biile tensionate la locul de munc\u0103 \u0219i concentreaz\u0103-te pe sarcinile care necesit\u0103 acurate\u021be.<\/p>\n<h3 data-start=\"1331\" data-end=\"1379\"><strong data-start=\"1335\" data-end=\"1377\">Balan\u021b\u0103 (23 septembrie \u2013 22 octombrie)<\/strong><\/h3>\n<p data-start=\"1380\" data-end=\"1552\">Rela\u021biile sociale sunt favorizate. O \u00eent\u00e2lnire sau un eveniment te poate ajuta s\u0103 descoperi oameni \u0219i idei noi. Ai grij\u0103 s\u0103 nu la\u0219i responsabilit\u0103\u021bile personale deoparte.<\/p>\n<h3 data-start=\"1554\" data-end=\"1602\"><strong data-start=\"1558\" data-end=\"1600\">Scorpion (23 octombrie \u2013 21 noiembrie)<\/strong><\/h3>\n<p data-start=\"1603\" data-end=\"1789\">Intui\u021bia ta este foarte puternic\u0103 ast\u0103zi. Po\u021bi afla informa\u021bii importante ascult\u00e2nd mai mult dec\u00e2t vorbe\u0219ti. Fii atent la emo\u021biile celor din jur; empatia te va ajuta s\u0103 faci diferen\u021ba.<\/p>\n<h3 data-start=\"1791\" data-end=\"1840\"><strong data-start=\"1795\" data-end=\"1838\">S\u0103get\u0103tor (22 noiembrie \u2013 21 decembrie)<\/strong><\/h3>\n<p data-start=\"1841\" data-end=\"2014\">Este o zi pentru planuri \u0219i strategii pe termen lung. C\u0103l\u0103toriile sau activit\u0103\u021bile care \u00ee\u021bi l\u0103rgesc orizonturile sunt favorizate. Evit\u0103 deciziile impulsive legate de bani.<\/p>\n<h3 data-start=\"2016\" data-end=\"2064\"><strong data-start=\"2020\" data-end=\"2062\">Capricorn (22 decembrie \u2013 19 ianuarie)<\/strong><\/h3>\n<p data-start=\"2065\" data-end=\"2239\">Munca \u0219i responsabilit\u0103\u021bile te solicit\u0103 ast\u0103zi, dar efortul va fi r\u0103spl\u0103tit. \u00cen plan personal, g\u0103se\u0219te timp pentru relaxare; echilibrul \u00eentre munc\u0103 \u0219i odihn\u0103 este esen\u021bial.<\/p>\n<h3 data-start=\"2241\" data-end=\"2288\"><strong data-start=\"2245\" data-end=\"2286\">V\u0103rs\u0103tor (20 ianuarie \u2013 18 februarie)<\/strong><\/h3>\n<p data-start=\"2289\" data-end=\"2447\">Ideile inovatoare vin u\u0219or ast\u0103zi. Este o zi bun\u0103 pentru proiecte creative sau colabor\u0103ri. \u00cen rela\u021bii, sinceritatea \u0219i autenticitatea vor \u00eent\u0103ri leg\u0103turile.<\/p>\n<h3 data-start=\"2449\" data-end=\"2491\"><strong data-start=\"2453\" data-end=\"2489\">Pe\u0219ti (19 februarie \u2013 20 martie)<\/strong><\/h3>\n<p data-start=\"2492\" data-end=\"2686\">Sensibilitatea ta este accentuat\u0103 ast\u0103zi. Ai grij\u0103 la cheltuieli emo\u021bionale inutile \u0219i acord\u0103 timp pentru odihn\u0103 \u0219i reflec\u021bie. Un mic gest de bun\u0103tate poate face o mare diferen\u021b\u0103 \u00een jurul t\u0103u.<\/p>\n<\/div>\n<div class=\"wpb_wrapper\">\n<div class=\"wpb_wrapper td_block_wrap vc_widget_sidebar tdi_114 \">\n<aside id=\"custom_html-12\" class=\"widget_text td_block_template_1 widget custom_html-12 widget_custom_html\">\n<h4 class=\"block-title\"><span>\u2013 PUBLICITATE \u2013<\/span><\/h4>\n<div class=\"textwidget custom-html-widget\"><a href=\"https:\/\/www.facebook.com\/TractariAutoVranceaSOS24\"><source srcset=\"https:\/\/www.jurnaldevrancea.ro\/wp\/wp-content\/webp-express\/webp-images\/uploads\/2024\/11\/BANNER-sos-24-2024-300x300-px.jpg.webp\" type=\"image\/webp\" \/><\/a><a href=\"https:\/\/haipromo.ro\/\"><source srcset=\"https:\/\/www.jurnaldevrancea.ro\/wp\/wp-content\/webp-express\/webp-images\/uploads\/2024\/06\/banner-HAI-PROMO-350x350px.jpg.webp\" type=\"image\/webp\" \/><\/a><a href=\"https:\/\/www.facebook.com\/acnasygcons\"><source srcset=\"https:\/\/www.jurnaldevrancea.ro\/wp\/wp-content\/webp-express\/webp-images\/uploads\/2025\/08\/Banner-350x350px-Asyg-Consulting.jpg.webp\" type=\"image\/webp\" \/><\/a><\/div>\n<\/aside>\n<\/div>\n<div class=\"td_block_wrap tdb_single_tags tdi_115 td-pb-border-top td_block_template_1\" data-td-block-uid=\"tdi_115\">\n<div class=\"tdb-block-inner td-fix-index\">\n<ul class=\"tdb-tags\">\n<li><span>Tags<\/span><\/li>\n<li><a href=\"https:\/\/www.jurnaldevrancea.ro\/tag\/28-ianuarie-2026\/\">28 ianuarie 2026<\/a><\/li>\n<li><a href=\"https:\/\/www.jurnaldevrancea.ro\/tag\/horoscopul-zilei\/\">horoscopul zilei<\/a><\/li>\n<\/ul>\n<\/div>\n<\/div>\n<div class=\"tdm_block td_block_wrap tdm_block_column_title tdi_116 tdm-content-horiz-center td-pb-border-top td_block_template_1\" data-td-block-uid=\"tdi_116\">\n<div class=\"td-block-row\">\n<div class=\"td-block-span12 tdm-col\">\n<div class=\"tds-title tds-title1 td-fix-index tdi_117 \">\n<h3 class=\"tdm-title tdm-title-md\">ARTICOLE SIMILARE<\/h3>\n<\/div>\n<\/div>\n<\/div>\n<\/div>\n<div class=\"td_block_wrap td_flex_block_1 tdi_118 td-pb-border-top td_block_template_1 td_flex_block\" data-td-block-uid=\"tdi_118\">\n<div id=\"tdi_118\" class=\"td_block_inner td-mc1-wrap\">\n<div class=\"td_module_flex td_module_flex_1 td_module_wrap td-animation-stack td-cpt-post\">\n<div class=\"td-module-container td-category-pos-above\">\n<div class=\"td-module-meta-info\"><a href=\"https:\/\/www.jurnaldevrancea.ro\/actualitate\/\" class=\"td-post-category\">Actualitate<\/a><\/p>\n<h3 class=\"entry-title td-module-title\"><a href=\"https:\/\/www.jurnaldevrancea.ro\/rata-somajului-a-crescut-usor-la-final-de-an-peste-263-000-de-persoane-fara-loc-de-munca-inregistrate-la-nivel-national\/\" rel=\"bookmark\" title=\"Rata \u0219omajului a crescut u\u0219or la final de an. Peste 263.000 de persoane f\u0103r\u0103 loc de munc\u0103 \u00eenregistrate la nivel na\u021bional\">Rata \u0219omajului a crescut u\u0219or la final de an. Peste 263.000 de persoane f\u0103r\u0103 loc de munc\u0103 \u00eenregistrate la nivel na\u021bional<\/a><\/h3>\n<div class=\"td-excerpt\">La sf\u00e2r\u0219itul lunii decembrie 2025, rata \u0219omajului \u00eenregistrat la nivel na\u021bional a ajuns la&#8230;<\/div>\n<\/div>\n<\/div>\n<\/div>\n<div class=\"td_module_flex td_module_flex_1 td_module_wrap td-animation-stack td-cpt-post\">\n<div class=\"td-module-container td-category-pos-above\">\n<div class=\"td-module-meta-info\"><a href=\"https:\/\/www.jurnaldevrancea.ro\/actualitate\/\" class=\"td-post-category\">Actualitate<\/a><\/p>\n<h3 class=\"entry-title td-module-title\"><a href=\"https:\/\/www.jurnaldevrancea.ro\/uluitor-doi-insi-care-vindeau-boarfe-fara-acte-legale-prinsi-in-flagrant-de-jandarmii-vranceni-si-asta-fara-sa-traga-vreun-pulan-pe-spinare\/\" rel=\"bookmark\" title=\"ULUITOR Doi in\u0219i care vindeau boarfe f\u0103r\u0103 acte legale, prin\u0219i \u00een flagrant de jandarmii vr\u00e2nceni! \u0218i asta f\u0103r\u0103 s\u0103 trag\u0103 vreun pulan pe spinare!\">ULUITOR Doi in\u0219i care vindeau boarfe f\u0103r\u0103 acte legale, prin\u0219i \u00een flagrant de jandarmii vr\u00e2nceni! \u0218i asta f\u0103r\u0103 s\u0103 trag\u0103 vreun pulan pe spinare!<\/a><\/h3>\n<div class=\"td-excerpt\">Afl\u00e2ndu-se \u00een exercitarea misiunii \u00eencredin\u021bate, respectiv de a lupta cu faptele antisociale din Pia\u021ba&#8230;<\/div>\n<\/div>\n<\/div>\n<\/div>\n<\/div>\n<\/div>\n<\/div>\n<div class=\"wpb_wrapper td_block_wrap vc_widget_sidebar tdi_114 \">\n<aside id=\"custom_html-12\" class=\"widget_text td_block_template_1 widget custom_html-12 widget_custom_html\">\n<h4 class=\"block-title\"><span>\u2013 PUBLICITATE \u2013<\/span><\/h4>\n<div class=\"textwidget custom-html-widget\"><a href=\"https:\/\/www.facebook.com\/TractariAutoVranceaSOS24\"><source srcset=\"https:\/\/www.jurnaldevrancea.ro\/wp\/wp-content\/webp-express\/webp-images\/uploads\/2024\/11\/BANNER-sos-24-2024-300x300-px.jpg.webp\" type=\"image\/webp\" \/><\/a><a href=\"https:\/\/haipromo.ro\/\"><source srcset=\"https:\/\/www.jurnaldevrancea.ro\/wp\/wp-content\/webp-express\/webp-images\/uploads\/2024\/06\/banner-HAI-PROMO-350x350px.jpg.webp\" type=\"image\/webp\" \/><\/a><a href=\"https:\/\/www.facebook.com\/acnasygcons\"><source srcset=\"https:\/\/www.jurnaldevrancea.ro\/wp\/wp-content\/webp-express\/webp-images\/uploads\/2025\/08\/Banner-350x350px-Asyg-Consulting.jpg.webp\" type=\"image\/webp\" \/><\/a><\/div>\n<\/aside>\n<\/div>\n<div class=\"wpb_wrapper\">\n<div class=\"tdm_block td_block_wrap tdm_block_column_title tdi_123 tdm-content-horiz-center td-pb-border-top td_block_template_1\" data-td-block-uid=\"tdi_123\">\n<div class=\"td-block-row\">\n<div class=\"td-block-span12 tdm-col\">\n<div class=\"tds-title tds-title1 td-fix-index tdi_124 \">\n<h3 class=\"tdm-title tdm-title-md\">ARTICOLE POPULARE<\/h3>\n<\/div>\n<\/div>\n<\/div>\n<\/div>\n<\/div>\n<div class=\"wpb_wrapper\">\n<div class=\"td_block_wrap td_flex_block_1 tdi_129 td-pb-border-top td_block_template_1 td_flex_block\" data-td-block-uid=\"tdi_129\">\n<div id=\"tdi_129\" class=\"td_block_inner td-mc1-wrap\">\n<div class=\"td_module_flex td_module_flex_1 td_module_wrap td-animation-stack td-cpt-post\">\n<div class=\"td-module-container td-category-pos-above\">\n<div class=\"td-module-meta-info\"><a href=\"https:\/\/www.jurnaldevrancea.ro\/actualitate\/\" class=\"td-post-category\">Actualitate<\/a><\/p>\n<h3 class=\"entry-title td-module-title\"><a href=\"https:\/\/www.jurnaldevrancea.ro\/sofer-mort-dupa-ce-a-intrat-cu-masina-intr-un-copac\/\" rel=\"bookmark\" title=\"\u0218ofer mort dup\u0103 ce a intrat cu ma\u0219ina \u00eentr-un copac\">\u0218ofer mort dup\u0103 ce a intrat cu ma\u0219ina \u00eentr-un copac<\/a><\/h3>\n<div class=\"td-excerpt\">Un accident mortal s-a produs vineri (23 ianuarie) diminea\u021b\u0103, \u00een jurul orei 10.00, pe&#8230;<\/div>\n<div class=\"td-editor-date\"><span class=\"td-author-date\"><span class=\"td-post-date\"><time class=\"entry-date updated td-module-date\" datetime=\"2026-01-23T11:38:17+02:00\">23\/01\/2026<\/time><\/span><\/span><\/div>\n<\/div>\n<\/div>\n<\/div>\n<div class=\"td_module_flex td_module_flex_1 td_module_wrap td-animation-stack td-cpt-post\">\n<div class=\"td-module-container td-category-pos-above\">\n<div class=\"td-module-meta-info\"><a href=\"https:\/\/www.jurnaldevrancea.ro\/actualitate\/\" class=\"td-post-category\">Actualitate<\/a><\/p>\n<h3 class=\"entry-title td-module-title\"><a href=\"https:\/\/www.jurnaldevrancea.ro\/natasa-simion-fost-director-colegiului-pedagogic-spiru-haret-din-focsani-trimisa-in-judecata-pentru-abuz-in-serviciu\/\" rel=\"bookmark\" title=\"Nata\u0219a Simion, fost director al Colegiului Pedagogic \u201eSpiru Haret\u201d din Foc\u0219ani, trimis\u0103 \u00een judecat\u0103 pentru abuz \u00een serviciu\">Nata\u0219a Simion, fost director al Colegiului Pedagogic \u201eSpiru Haret\u201d din Foc\u0219ani, trimis\u0103 \u00een judecat\u0103 pentru abuz \u00een serviciu<\/a><\/h3>\n<div class=\"td-excerpt\">Procurorii au dispus trimiterea \u00een judecat\u0103 a Simonei Nata\u0219a, p\u00e2n\u0103 de cur\u00e2nd director al&#8230;<\/div>\n<div class=\"td-editor-date\"><span class=\"td-author-date\"><span class=\"td-post-date\"><time class=\"entry-date updated td-module-date\" datetime=\"2026-01-23T09:31:18+02:00\">23\/01\/2026<\/time><\/span><\/span><\/div>\n<\/div>\n<\/div>\n<\/div>\n<div class=\"td_module_flex td_module_flex_1 td_module_wrap td-animation-stack td-cpt-post\">\n<div class=\"td-module-container td-category-pos-above\">\n<div class=\"td-module-meta-info\"><a href=\"https:\/\/www.jurnaldevrancea.ro\/actualitate\/\" class=\"td-post-category\">Actualitate<\/a><\/p>\n<h3 class=\"entry-title td-module-title\"><a href=\"https:\/\/www.jurnaldevrancea.ro\/cauti-de-lucru-in-vrancea-uita-te-pe-oferta-ajofm-peste-200-de-locuri-de-munca\/\" rel=\"bookmark\" title=\"Cau\u021bi de lucru \u00een Vrancea? Uit\u0103-te pe oferta AJOFM \u2013 peste 200 de locuri de munc\u0103\">Cau\u021bi de lucru \u00een Vrancea? Uit\u0103-te pe oferta AJOFM \u2013 peste 200 de locuri de munc\u0103<\/a><\/h3>\n<div class=\"td-excerpt\">Agen\u021bia Jude\u021bean\u0103 pentru Ocuparea For\u021bei de Munc\u0103 (AJOFM) Vrancea anun\u021b\u0103 un num\u0103r de 250&#8230;<\/div>\n<div class=\"td-editor-date\"><span class=\"td-author-date\"><span class=\"td-post-date\"><time class=\"entry-date updated td-module-date\" datetime=\"2026-01-23T09:08:35+02:00\">23\/01\/2026<\/time><\/span><\/span><\/div>\n<\/div>\n<\/div>\n<\/div>\n<\/div>\n<\/div>\n<\/div>\n<p> Source URL: https:\/\/www.jurnaldevrancea.ro\/horoscopul-zilei-de-28-ianuarie-2026\/<\/p>\n","protected":false},"excerpt":{"rendered":"<p>\u00cendr\u0103zne\u0219te s\u0103 fii informat! miercuri, 28 ianuarie 2026 URM\u0102RE\u0218TE-NE PE: Facebook Instagram TikTok Twitter \u00cendr\u0103zne\u0219te s\u0103 fii informat! Caut\u0103 \u0219tiri Caut\u0103 un articol: Tasteaz\u0103 aici pentru c\u0103utare&#8230; Caut\u0103 un articol: Tasteaz\u0103 aici pentru c\u0103utare&#8230; Actualitate Femeie din Foc\u0219ani g\u0103sit\u0103 sp\u00e2nzurat\u0103 \u00een cas\u0103 Rata \u0219omajului a crescut u\u0219or la final de an. Peste 263.000 de persoane [&hellip;]<\/p>\n","protected":false},"author":1,"featured_media":1484224,"comment_status":"open","ping_status":"","sticky":false,"template":"","format":"standard","meta":{"footnotes":""},"categories":[89],"tags":[207],"class_list":["post-1484219","post","type-post","status-publish","format-standard","has-post-thumbnail","hentry","category-romania","tag-jurnaldevrancea-ro"],"_links":{"self":[{"href":"https:\/\/analyse.optim.biz\/index.php?rest_route=\/wp\/v2\/posts\/1484219","targetHints":{"allow":["GET"]}}],"collection":[{"href":"https:\/\/analyse.optim.biz\/index.php?rest_route=\/wp\/v2\/posts"}],"about":[{"href":"https:\/\/analyse.optim.biz\/index.php?rest_route=\/wp\/v2\/types\/post"}],"author":[{"embeddable":true,"href":"https:\/\/analyse.optim.biz\/index.php?rest_route=\/wp\/v2\/users\/1"}],"replies":[{"embeddable":true,"href":"https:\/\/analyse.optim.biz\/index.php?rest_route=%2Fwp%2Fv2%2Fcomments&post=1484219"}],"version-history":[{"count":0,"href":"https:\/\/analyse.optim.biz\/index.php?rest_route=\/wp\/v2\/posts\/1484219\/revisions"}],"wp:featuredmedia":[{"embeddable":true,"href":"https:\/\/analyse.optim.biz\/index.php?rest_route=\/wp\/v2\/media\/1484224"}],"wp:attachment":[{"href":"https:\/\/analyse.optim.biz\/index.php?rest_route=%2Fwp%2Fv2%2Fmedia&parent=1484219"}],"wp:term":[{"taxonomy":"category","embeddable":true,"href":"https:\/\/analyse.optim.biz\/index.php?rest_route=%2Fwp%2Fv2%2Fcategories&post=1484219"},{"taxonomy":"post_tag","embeddable":true,"href":"https:\/\/analyse.optim.biz\/index.php?rest_route=%2Fwp%2Fv2%2Ftags&post=1484219"}],"curies":[{"name":"wp","href":"https:\/\/api.w.org\/{rel}","templated":true}]}}