{"id":1483953,"date":"2026-01-27T14:22:55","date_gmt":"2026-01-27T11:22:55","guid":{"rendered":"https:\/\/analyse.optim.biz\/?p=1483953"},"modified":"2026-01-27T14:22:55","modified_gmt":"2026-01-27T11:22:55","slug":"cet-govora-opreste-apa-calda-de-tot-din-31-august-2026","status":"publish","type":"post","link":"https:\/\/analyse.optim.biz\/?p=1483953","title":{"rendered":"CET Govora opre\u0219te apa cald\u0103, de tot, din 31 august 2026"},"content":{"rendered":"<article id=\"196084\" class=\"post-196084 post type-post status-publish format-standard has-post-thumbnail hentry category-actualitate category-headlines category-politica tag-31-august-2026 tag-apa-calda-2 tag-cet-govora tag-opreste\">\n<header class=\"post-header\">\n<ul class=\"breadcrumbs\">\n<li><a href=\"https:\/\/www.curierul.ro\">Home<\/a><\/li>\n<li class=\"breadcrumbs-active .category-actualitate\"><a href=\"https:\/\/www.curierul.ro\/index.php?cat=1615\">Actualitate<\/a><\/li>\n<li class=\"breadcrumbs-active .category-actualitate\">CET Govora opre\u0219te apa cald\u0103, de tot, din 31 august 2026<\/li>\n<\/ul>\n<div class=\"featured-photo\"><img loading=\"lazy\" decoding=\"async\" width=\"1954\" height=\"1389\" src=\"https:\/\/analyse.optim.biz\/wp-content\/uploads\/2026\/01\/cet-govora-1.jpg\" class=\"attachment-single size-single wp-post-image\" title=\"cet-govora-1\"><\/div>\n<h1 class=\"headline\">CET Govora opre\u0219te apa cald\u0103, de tot, din 31 august 2026<\/h1>\n<p class=\"byline\">\n\t\tScris de<a href=\"https:\/\/www.curierul.ro\/author\/alin\/\">Alin Emilian Tudoroiu<\/a>, \t\t27 ianuarie 2026\t\t\t\t<\/p>\n<hr>\n<\/header>\n<p><strong>\u2022 Primarul Mircia Gut\u0103u asigur\u0103 v\u00e2lcenii c\u0103 nu vor avea de suferit; \u2022 Centrala de Cogenerare va prelua \u00abapele calde\u00bb<\/strong><\/p>\n<p>CET Govora a transmis Prim\u0103riei Municipiului Rm. V\u00e2lcea o adres\u0103 prin care municipalitatea este \u00een\u0219tiin\u021bat\u0103 c\u0103 la sf\u00e2r\u0219itul lunii august expir\u0103 contractul de concesiune \u0219i nu va mai produce ap\u0103 cald\u0103 c\u0103tre popula\u021bie. Primarul Mircia Gut\u0103u a precizat c\u0103 decizia pe care a luat-o \u00eempreun\u0103 cu pre\u0219edintele CJ V\u00e2lcea, Constantin R\u0103dulescu de a ob\u021bine cei 130 de milioane de euro pentru \u00eenceperea construc\u021biei Centralei de Cogenerare este una salvatoare, care va produce cu adev\u0103rat efecte \u00een momentul \u00een care CET-ul se opre\u0219te. Primarul asigur\u0103 cet\u0103\u021benii R\u00e2mnicului c\u0103 nu vor avea de suferit \u0219i c\u0103, \u00eempreun\u0103 cu omologul s\u0103u de la CJ \u2013 Constantin R\u0103dulescu \u2013 vor face toate demersurile, astfel \u00eenc\u00e2t Centrala de Cogenerare s\u0103 porneasc\u0103 la timp pentru a asigura apa cald\u0103 popula\u021biei.<\/p>\n<div class=\"sharedaddy sd-sharing-enabled\">\n<div class=\"robots-nocontent sd-block sd-social sd-social-official sd-sharing\">\n<h3 class=\"sd-title\">Distribuie pe:<\/h3>\n<div class=\"sd-content\">\n<ul>\n<li class=\"share-facebook\">\n<li class=\"share-twitter\"><a href=\"https:\/\/twitter.com\/share\" class=\"twitter-share-button\" data-url=\"https:\/\/www.curierul.ro\/cet-govora-opreste-apa-calda-de-tot-din-31-august-2026\/\" data-text=\"CET Govora opre\u0219te apa cald\u0103, de tot, din 31 august 2026\" data-via=\"curierulvl\">Tweet<\/a><\/li>\n<li class=\"share-jetpack-whatsapp\"><a rel=\"nofollow noopener noreferrer\" data-shared=\"sharing-whatsapp-196084\" class=\"share-jetpack-whatsapp sd-button\" href=\"https:\/\/www.curierul.ro\/cet-govora-opreste-apa-calda-de-tot-din-31-august-2026\/?share=jetpack-whatsapp\" target=\"_blank\" aria-labelledby=\"sharing-whatsapp-196084\"><span id=\"sharing-whatsapp-196084\" hidden>D\u0103 clic pentru partajare pe WhatsApp(Se deschide \u00eentr-o fereastr\u0103 nou\u0103)<\/span><span>WhatsApp<\/span><\/a><\/li>\n<li><a href=\"https:\/\/www.curierul.ro\/cet-govora-opreste-apa-calda-de-tot-din-31-august-2026\/\" class=\"sharing-anchor sd-button share-more\"><span>Mai mult<\/span><\/a><\/li>\n<li class=\"share-end\"><\/ul>\n<div class=\"sharing-hidden\">\n<div class=\"inner\">\n<ul>\n<li class=\"share-email\"><a rel=\"nofollow noopener noreferrer\" data-shared=\"sharing-email-196084\" class=\"share-email sd-button\" href=\"mailto:?subject=%5BArticol%20partajat%5D%20CET%20Govora%20opre%C8%99te%20apa%20cald%C4%83%2C%20de%20tot%2C%20din%2031%20august%202026&amp;body=https%3A%2F%2Fwww.curierul.ro%2Fcet-govora-opreste-apa-calda-de-tot-din-31-august-2026%2F&amp;share=email\" target=\"_blank\" aria-labelledby=\"sharing-email-196084\" data-email-share-error-title=\"\u021ai-ai configurat emailul?\" data-email-share-error-text=\"Dac\u0103 ai probleme la partajarea prin email, probabil nu ai configurat emailul pentru navigator. Poate trebuie s\u0103 creezi singur un email nou.\" data-email-share-nonce=\"6fb40e9228\" data-email-share-track-url=\"https:\/\/www.curierul.ro\/cet-govora-opreste-apa-calda-de-tot-din-31-august-2026\/?share=email\"><span id=\"sharing-email-196084\" hidden>D\u0103 clic pentru a trimite o leg\u0103tur\u0103 prin email unui prieten(Se deschide \u00eentr-o fereastr\u0103 nou\u0103)<\/span><span>Email<\/span><\/a><\/li>\n<li class=\"share-print\"><a rel=\"nofollow noopener noreferrer\" data-shared=\"sharing-print-196084\" class=\"share-print sd-button\" href=\"https:\/\/www.curierul.ro\/cet-govora-opreste-apa-calda-de-tot-din-31-august-2026\/#print?share=print\" target=\"_blank\" aria-labelledby=\"sharing-print-196084\"><span id=\"sharing-print-196084\" hidden>D\u0103 clic pentru a imprima(Se deschide \u00eentr-o fereastr\u0103 nou\u0103)<\/span><span>Imprimare<\/span><\/a><\/li>\n<li class=\"share-end\"><\/ul>\n<\/div>\n<\/div>\n<\/div>\n<\/div>\n<\/div>\n<div id=\"jp-relatedposts\" class=\"jp-relatedposts\">\n<h3 class=\"jp-relatedposts-headline\"><em>Similare<\/em><\/h3>\n<\/div>\n<footer class=\"post-footer\">\n<p class=\"tags\"><strong>Tags: <\/strong><a href=\"https:\/\/www.curierul.ro\/tag\/31-august-2026\/\" rel=\"tag\">31 august 2026<\/a>, <a href=\"https:\/\/www.curierul.ro\/tag\/apa-calda-2\/\" rel=\"tag\">apa cald\u0103<\/a>, <a href=\"https:\/\/www.curierul.ro\/tag\/cet-govora\/\" rel=\"tag\">CET Govora<\/a>, <a href=\"https:\/\/www.curierul.ro\/tag\/opreste\/\" rel=\"tag\">opre\u0219te<\/a><\/p>\n<div class=\"post-navigation clearfix\">\n<div class=\"previous-post\">\n<div class=\"featured-photo\"><img loading=\"lazy\" decoding=\"async\" width=\"1600\" height=\"900\" src=\"https:\/\/analyse.optim.biz\/wp-content\/uploads\/2026\/01\/img-20260126-wa0008-2.jpg\" class=\"attachment-post-thumbnail size-post-thumbnail wp-post-image\" title=\"img-20260126-wa0008-2\"><\/div>\n<p class=\"paginate-title\">\u00ab\u00ab <a href=\"https:\/\/www.curierul.ro\/premiera-medicala-la-sju-valcea-interventii-cu-tehnologie-laser-la-sectia-urologie\/\" rel=\"prev\">Premier\u0103 medical\u0103 la SJU V\u00e2lcea: interven\u021bii cu tehnologie laser, la Sec\u021bia Urologie!<\/a><\/p>\n<\/div>\n<div class=\"next-post\">\n<div class=\"featured-photo\"><img decoding=\"async\" width=\"1219\" height=\"1106\" src=\"https:\/\/analyse.optim.biz\/wp-content\/uploads\/2026\/01\/img-20260127-wa0010-3.jpg\" class=\"attachment-post-thumbnail size-post-thumbnail wp-post-image\" loading=\"lazy\" title=\"img-20260127-wa0010-3\"><\/div>\n<p class=\"paginate-title\"><a href=\"https:\/\/www.curierul.ro\/baschet-masculin-cs-valcea-1924-csm-oradea-derby-de-la-ora-20\/\" rel=\"next\">BASCHET MASCULIN. CS V\u00c2LCEA 1924 \u2013 CSM ORADEA, DERBY DE LA ORA 20.<\/a> \u00bb\u00bb<\/p>\n<\/div>\n<\/div>\n<div id=\"comments\" class=\"comments-area\">\n<div id=\"respond\" class=\"comment-respond\">\n<h3 id=\"reply-title\" class=\"comment-reply-title\">Po\u021bi comenta aici<small><a rel=\"nofollow\" id=\"cancel-comment-reply-link\" href=\"https:\/\/www.curierul.ro\/cet-govora-opreste-apa-calda-de-tot-din-31-august-2026\/#respond\">Anuleaz\u0103 r\u0103spunsul<\/a><\/small><\/h3>\n<\/div>\n<p class=\"akismet_comment_form_privacy_notice\">Acest site folose\u0219te Akismet pentru a reduce spamul. <a href=\"https:\/\/akismet.com\/privacy\/\" target=\"_blank\" rel=\"nofollow noopener\">Afl\u0103 cum sunt procesate datele comentariilor tale<\/a>.<\/p>\n<\/div>\n<section class=\"latest-category clearfix\">\n<h2 class=\"title\">More Stories From Actualitate<\/h2>\n<div class=\"stories-container\">\n<article id=\"related-196077\" class=\"story post-196077 post type-post status-publish format-standard has-post-thumbnail hentry category-actualitate category-headlines category-sanatate category-social\">\n<div class=\"photo\"><img decoding=\"async\" width=\"735\" height=\"440\" src=\"https:\/\/analyse.optim.biz\/wp-content\/uploads\/2026\/01\/img-20260126-wa0008-2.jpg\" class=\"attachment-giornalismo-single size-giornalismo-single wp-post-image\" loading=\"lazy\" title=\"img-20260126-wa0008-2\"><\/div>\n<p class=\"headline\"><a href=\"https:\/\/www.curierul.ro\/premiera-medicala-la-sju-valcea-interventii-cu-tehnologie-laser-la-sectia-urologie\/\">Premier\u0103 medical\u0103 la SJU V\u00e2lcea: interven\u021bii cu tehnologie laser, la Sec\u021bia Urologie!<\/a><\/p>\n<\/article>\n<article id=\"related-196071\" class=\"story post-196071 post type-post status-publish format-standard has-post-thumbnail hentry category-actualitate category-fraze tag-dolari tag-pierdut tag-polul-nord tag-trlion tag-trump\">\n<div class=\"photo\"><img decoding=\"async\" width=\"530\" height=\"213\" src=\"https:\/\/analyse.optim.biz\/wp-content\/uploads\/2026\/01\/marius-carbunescu-1-58.jpg\" class=\"attachment-giornalismo-single size-giornalismo-single wp-post-image\" loading=\"lazy\" title=\"marius-carbunescu-1-58\"><\/div>\n<p class=\"headline\"><a href=\"https:\/\/www.curierul.ro\/trilionul-de-dolari-pierdut-la-polul-nord\/\">Trilionul de dolari pierdut la Polul Nord<\/a><\/p>\n<\/article>\n<article id=\"related-196028\" class=\"story post-196028 post type-post status-publish format-standard has-post-thumbnail hentry category-actualitate category-fotbal category-headlines category-sport\">\n<div class=\"photo\"><img decoding=\"async\" width=\"735\" height=\"440\" src=\"https:\/\/analyse.optim.biz\/wp-content\/uploads\/2026\/01\/img_20260123_000250-7.jpg\" class=\"attachment-giornalismo-single size-giornalismo-single wp-post-image\" loading=\"lazy\" title=\"img_20260123_000250-7\"><\/div>\n<p class=\"headline\"><a href=\"https:\/\/www.curierul.ro\/liga-3-retrospectiva-partialului-de-sezon-si-proiectii-2026-pentru-echipele-valcene\/\">LIGA 3. RETROSPECTIVA PAR\u021aIALULUI DE SEZON \u0218I PROIEC\u021aII 2026 PENTRU ECHIPELE V\u00c2LCENE<\/a><\/p>\n<\/article>\n<\/div>\n<\/section>\n<section class=\"author-bio clearfix\">\n<div class=\"mug-shot\"><img decoding=\"async\" src=\"https:\/\/analyse.optim.biz\/wp-content\/uploads\/2026\/01\/ae634844e12be63a4f063a6c7bef885da670fd420e0dedd39ed80eacd6e6979c-17.jpg\" class=\"avatar avatar-96 photo\" height=\"96\" width=\"96\" loading=\"lazy\" title=\"ae634844e12be63a4f063a6c7bef885da670fd420e0dedd39ed80eacd6e6979c-17\"><\/div>\n<div class=\"author-info\">\n<p class=\"title\">About Alin Emilian Tudoroiu, <\/p>\n<div class=\"author-social-area\"><a href=\"mailto:alintudoroiu@curierul.ro\"><span class=\"fal fa-envelope\"><span class=\"screen-reader-text\">Email the Author<\/span><\/span><\/a><\/div>\n<\/div>\n<\/section>\n<\/footer>\n<\/article>\n<article id=\"196084\" class=\"post-196084 post type-post status-publish format-standard has-post-thumbnail hentry category-actualitate category-headlines category-politica tag-31-august-2026 tag-apa-calda-2 tag-cet-govora tag-opreste\">\n<header class=\"post-header\">\n<ul class=\"breadcrumbs\">\n<li><a href=\"https:\/\/www.curierul.ro\">Home<\/a><\/li>\n<li class=\"breadcrumbs-active .category-actualitate\"><a href=\"https:\/\/www.curierul.ro\/index.php?cat=1615\">Actualitate<\/a><\/li>\n<li class=\"breadcrumbs-active .category-actualitate\">CET Govora opre\u0219te apa cald\u0103, de tot, din 31 august 2026<\/li>\n<\/ul>\n<div class=\"featured-photo\"><img loading=\"lazy\" decoding=\"async\" width=\"1954\" height=\"1389\" src=\"https:\/\/analyse.optim.biz\/wp-content\/uploads\/2026\/01\/cet-govora-1.jpg\" class=\"attachment-single size-single wp-post-image\" title=\"cet-govora-1\"><\/div>\n<h1 class=\"headline\">CET Govora opre\u0219te apa cald\u0103, de tot, din 31 august 2026<\/h1>\n<p class=\"byline\">\n\t\tScris de<a href=\"https:\/\/www.curierul.ro\/author\/alin\/\">Alin Emilian Tudoroiu<\/a>, \t\t27 ianuarie 2026\t\t\t\t<\/p>\n<hr>\n<\/header>\n<p><strong>\u2022 Primarul Mircia Gut\u0103u asigur\u0103 v\u00e2lcenii c\u0103 nu vor avea de suferit; \u2022 Centrala de Cogenerare va prelua \u00abapele calde\u00bb<\/strong><\/p>\n<p>CET Govora a transmis Prim\u0103riei Municipiului Rm. V\u00e2lcea o adres\u0103 prin care municipalitatea este \u00een\u0219tiin\u021bat\u0103 c\u0103 la sf\u00e2r\u0219itul lunii august expir\u0103 contractul de concesiune \u0219i nu va mai produce ap\u0103 cald\u0103 c\u0103tre popula\u021bie. Primarul Mircia Gut\u0103u a precizat c\u0103 decizia pe care a luat-o \u00eempreun\u0103 cu pre\u0219edintele CJ V\u00e2lcea, Constantin R\u0103dulescu de a ob\u021bine cei 130 de milioane de euro pentru \u00eenceperea construc\u021biei Centralei de Cogenerare este una salvatoare, care va produce cu adev\u0103rat efecte \u00een momentul \u00een care CET-ul se opre\u0219te. Primarul asigur\u0103 cet\u0103\u021benii R\u00e2mnicului c\u0103 nu vor avea de suferit \u0219i c\u0103, \u00eempreun\u0103 cu omologul s\u0103u de la CJ \u2013 Constantin R\u0103dulescu \u2013 vor face toate demersurile, astfel \u00eenc\u00e2t Centrala de Cogenerare s\u0103 porneasc\u0103 la timp pentru a asigura apa cald\u0103 popula\u021biei.<\/p>\n<div class=\"sharedaddy sd-sharing-enabled\">\n<div class=\"robots-nocontent sd-block sd-social sd-social-official sd-sharing\">\n<h3 class=\"sd-title\">Distribuie pe:<\/h3>\n<div class=\"sd-content\">\n<ul>\n<li class=\"share-facebook\">\n<li class=\"share-twitter\"><a href=\"https:\/\/twitter.com\/share\" class=\"twitter-share-button\" data-url=\"https:\/\/www.curierul.ro\/cet-govora-opreste-apa-calda-de-tot-din-31-august-2026\/\" data-text=\"CET Govora opre\u0219te apa cald\u0103, de tot, din 31 august 2026\" data-via=\"curierulvl\">Tweet<\/a><\/li>\n<li class=\"share-jetpack-whatsapp\"><a rel=\"nofollow noopener noreferrer\" data-shared=\"sharing-whatsapp-196084\" class=\"share-jetpack-whatsapp sd-button\" href=\"https:\/\/www.curierul.ro\/cet-govora-opreste-apa-calda-de-tot-din-31-august-2026\/?share=jetpack-whatsapp\" target=\"_blank\" aria-labelledby=\"sharing-whatsapp-196084\"><span id=\"sharing-whatsapp-196084\" hidden>D\u0103 clic pentru partajare pe WhatsApp(Se deschide \u00eentr-o fereastr\u0103 nou\u0103)<\/span><span>WhatsApp<\/span><\/a><\/li>\n<li><a href=\"https:\/\/www.curierul.ro\/cet-govora-opreste-apa-calda-de-tot-din-31-august-2026\/\" class=\"sharing-anchor sd-button share-more\"><span>Mai mult<\/span><\/a><\/li>\n<li class=\"share-end\"><\/ul>\n<div class=\"sharing-hidden\">\n<div class=\"inner\">\n<ul>\n<li class=\"share-email\"><a rel=\"nofollow noopener noreferrer\" data-shared=\"sharing-email-196084\" class=\"share-email sd-button\" href=\"mailto:?subject=%5BArticol%20partajat%5D%20CET%20Govora%20opre%C8%99te%20apa%20cald%C4%83%2C%20de%20tot%2C%20din%2031%20august%202026&amp;body=https%3A%2F%2Fwww.curierul.ro%2Fcet-govora-opreste-apa-calda-de-tot-din-31-august-2026%2F&amp;share=email\" target=\"_blank\" aria-labelledby=\"sharing-email-196084\" data-email-share-error-title=\"\u021ai-ai configurat emailul?\" data-email-share-error-text=\"Dac\u0103 ai probleme la partajarea prin email, probabil nu ai configurat emailul pentru navigator. Poate trebuie s\u0103 creezi singur un email nou.\" data-email-share-nonce=\"6fb40e9228\" data-email-share-track-url=\"https:\/\/www.curierul.ro\/cet-govora-opreste-apa-calda-de-tot-din-31-august-2026\/?share=email\"><span id=\"sharing-email-196084\" hidden>D\u0103 clic pentru a trimite o leg\u0103tur\u0103 prin email unui prieten(Se deschide \u00eentr-o fereastr\u0103 nou\u0103)<\/span><span>Email<\/span><\/a><\/li>\n<li class=\"share-print\"><a rel=\"nofollow noopener noreferrer\" data-shared=\"sharing-print-196084\" class=\"share-print sd-button\" href=\"https:\/\/www.curierul.ro\/cet-govora-opreste-apa-calda-de-tot-din-31-august-2026\/#print?share=print\" target=\"_blank\" aria-labelledby=\"sharing-print-196084\"><span id=\"sharing-print-196084\" hidden>D\u0103 clic pentru a imprima(Se deschide \u00eentr-o fereastr\u0103 nou\u0103)<\/span><span>Imprimare<\/span><\/a><\/li>\n<li class=\"share-end\"><\/ul>\n<\/div>\n<\/div>\n<\/div>\n<\/div>\n<\/div>\n<div id=\"jp-relatedposts\" class=\"jp-relatedposts\">\n<h3 class=\"jp-relatedposts-headline\"><em>Similare<\/em><\/h3>\n<\/div>\n<footer class=\"post-footer\">\n<p class=\"tags\"><strong>Tags: <\/strong><a href=\"https:\/\/www.curierul.ro\/tag\/31-august-2026\/\" rel=\"tag\">31 august 2026<\/a>, <a href=\"https:\/\/www.curierul.ro\/tag\/apa-calda-2\/\" rel=\"tag\">apa cald\u0103<\/a>, <a href=\"https:\/\/www.curierul.ro\/tag\/cet-govora\/\" rel=\"tag\">CET Govora<\/a>, <a href=\"https:\/\/www.curierul.ro\/tag\/opreste\/\" rel=\"tag\">opre\u0219te<\/a><\/p>\n<div class=\"post-navigation clearfix\">\n<div class=\"previous-post\">\n<div class=\"featured-photo\"><img loading=\"lazy\" decoding=\"async\" width=\"1600\" height=\"900\" src=\"https:\/\/analyse.optim.biz\/wp-content\/uploads\/2026\/01\/img-20260126-wa0008-2.jpg\" class=\"attachment-post-thumbnail size-post-thumbnail wp-post-image\" title=\"img-20260126-wa0008-2\"><\/div>\n<p class=\"paginate-title\">\u00ab\u00ab <a href=\"https:\/\/www.curierul.ro\/premiera-medicala-la-sju-valcea-interventii-cu-tehnologie-laser-la-sectia-urologie\/\" rel=\"prev\">Premier\u0103 medical\u0103 la SJU V\u00e2lcea: interven\u021bii cu tehnologie laser, la Sec\u021bia Urologie!<\/a><\/p>\n<\/div>\n<div class=\"next-post\">\n<div class=\"featured-photo\"><img decoding=\"async\" width=\"1219\" height=\"1106\" src=\"https:\/\/analyse.optim.biz\/wp-content\/uploads\/2026\/01\/img-20260127-wa0010-3.jpg\" class=\"attachment-post-thumbnail size-post-thumbnail wp-post-image\" loading=\"lazy\" title=\"img-20260127-wa0010-3\"><\/div>\n<p class=\"paginate-title\"><a href=\"https:\/\/www.curierul.ro\/baschet-masculin-cs-valcea-1924-csm-oradea-derby-de-la-ora-20\/\" rel=\"next\">BASCHET MASCULIN. CS V\u00c2LCEA 1924 \u2013 CSM ORADEA, DERBY DE LA ORA 20.<\/a> \u00bb\u00bb<\/p>\n<\/div>\n<\/div>\n<div id=\"comments\" class=\"comments-area\">\n<div id=\"respond\" class=\"comment-respond\">\n<h3 id=\"reply-title\" class=\"comment-reply-title\">Po\u021bi comenta aici<small><a rel=\"nofollow\" id=\"cancel-comment-reply-link\" href=\"https:\/\/www.curierul.ro\/cet-govora-opreste-apa-calda-de-tot-din-31-august-2026\/#respond\">Anuleaz\u0103 r\u0103spunsul<\/a><\/small><\/h3>\n<\/div>\n<p class=\"akismet_comment_form_privacy_notice\">Acest site folose\u0219te Akismet pentru a reduce spamul. <a href=\"https:\/\/akismet.com\/privacy\/\" target=\"_blank\" rel=\"nofollow noopener\">Afl\u0103 cum sunt procesate datele comentariilor tale<\/a>.<\/p>\n<\/div>\n<section class=\"latest-category clearfix\">\n<h2 class=\"title\">More Stories From Actualitate<\/h2>\n<div class=\"stories-container\">\n<article id=\"related-196077\" class=\"story post-196077 post type-post status-publish format-standard has-post-thumbnail hentry category-actualitate category-headlines category-sanatate category-social\">\n<div class=\"photo\"><img decoding=\"async\" width=\"735\" height=\"440\" src=\"https:\/\/analyse.optim.biz\/wp-content\/uploads\/2026\/01\/img-20260126-wa0008-2.jpg\" class=\"attachment-giornalismo-single size-giornalismo-single wp-post-image\" loading=\"lazy\" title=\"img-20260126-wa0008-2\"><\/div>\n<p class=\"headline\"><a href=\"https:\/\/www.curierul.ro\/premiera-medicala-la-sju-valcea-interventii-cu-tehnologie-laser-la-sectia-urologie\/\">Premier\u0103 medical\u0103 la SJU V\u00e2lcea: interven\u021bii cu tehnologie laser, la Sec\u021bia Urologie!<\/a><\/p>\n<\/article>\n<article id=\"related-196071\" class=\"story post-196071 post type-post status-publish format-standard has-post-thumbnail hentry category-actualitate category-fraze tag-dolari tag-pierdut tag-polul-nord tag-trlion tag-trump\">\n<div class=\"photo\"><img decoding=\"async\" width=\"530\" height=\"213\" src=\"https:\/\/analyse.optim.biz\/wp-content\/uploads\/2026\/01\/marius-carbunescu-1-58.jpg\" class=\"attachment-giornalismo-single size-giornalismo-single wp-post-image\" loading=\"lazy\" title=\"marius-carbunescu-1-58\"><\/div>\n<p class=\"headline\"><a href=\"https:\/\/www.curierul.ro\/trilionul-de-dolari-pierdut-la-polul-nord\/\">Trilionul de dolari pierdut la Polul Nord<\/a><\/p>\n<\/article>\n<article id=\"related-196028\" class=\"story post-196028 post type-post status-publish format-standard has-post-thumbnail hentry category-actualitate category-fotbal category-headlines category-sport\">\n<div class=\"photo\"><img decoding=\"async\" width=\"735\" height=\"440\" src=\"https:\/\/analyse.optim.biz\/wp-content\/uploads\/2026\/01\/img_20260123_000250-7.jpg\" class=\"attachment-giornalismo-single size-giornalismo-single wp-post-image\" loading=\"lazy\" title=\"img_20260123_000250-7\"><\/div>\n<p class=\"headline\"><a href=\"https:\/\/www.curierul.ro\/liga-3-retrospectiva-partialului-de-sezon-si-proiectii-2026-pentru-echipele-valcene\/\">LIGA 3. RETROSPECTIVA PAR\u021aIALULUI DE SEZON \u0218I PROIEC\u021aII 2026 PENTRU ECHIPELE V\u00c2LCENE<\/a><\/p>\n<\/article>\n<\/div>\n<\/section>\n<section class=\"author-bio clearfix\">\n<div class=\"mug-shot\"><img decoding=\"async\" src=\"https:\/\/analyse.optim.biz\/wp-content\/uploads\/2026\/01\/ae634844e12be63a4f063a6c7bef885da670fd420e0dedd39ed80eacd6e6979c-17.jpg\" class=\"avatar avatar-96 photo\" height=\"96\" width=\"96\" loading=\"lazy\" title=\"ae634844e12be63a4f063a6c7bef885da670fd420e0dedd39ed80eacd6e6979c-17\"><\/div>\n<div class=\"author-info\">\n<p class=\"title\">About Alin Emilian Tudoroiu, <\/p>\n<div class=\"author-social-area\"><a href=\"mailto:alintudoroiu@curierul.ro\"><span class=\"fal fa-envelope\"><span class=\"screen-reader-text\">Email the Author<\/span><\/span><\/a><\/div>\n<\/div>\n<\/section>\n<\/footer>\n<\/article>\n<article id=\"related-196077\" class=\"story post-196077 post type-post status-publish format-standard has-post-thumbnail hentry category-actualitate category-headlines category-sanatate category-social\">\n<div class=\"photo\"><img decoding=\"async\" width=\"735\" height=\"440\" src=\"https:\/\/analyse.optim.biz\/wp-content\/uploads\/2026\/01\/img-20260126-wa0008-2.jpg\" class=\"attachment-giornalismo-single size-giornalismo-single wp-post-image\" loading=\"lazy\" title=\"img-20260126-wa0008-2\"><\/div>\n<p class=\"headline\"><a href=\"https:\/\/www.curierul.ro\/premiera-medicala-la-sju-valcea-interventii-cu-tehnologie-laser-la-sectia-urologie\/\">Premier\u0103 medical\u0103 la SJU V\u00e2lcea: interven\u021bii cu tehnologie laser, la Sec\u021bia Urologie!<\/a><\/p>\n<\/article>\n<article id=\"related-196071\" class=\"story post-196071 post type-post status-publish format-standard has-post-thumbnail hentry category-actualitate category-fraze tag-dolari tag-pierdut tag-polul-nord tag-trlion tag-trump\">\n<div class=\"photo\"><img decoding=\"async\" width=\"530\" height=\"213\" src=\"https:\/\/analyse.optim.biz\/wp-content\/uploads\/2026\/01\/marius-carbunescu-1-58.jpg\" class=\"attachment-giornalismo-single size-giornalismo-single wp-post-image\" loading=\"lazy\" title=\"marius-carbunescu-1-58\"><\/div>\n<p class=\"headline\"><a href=\"https:\/\/www.curierul.ro\/trilionul-de-dolari-pierdut-la-polul-nord\/\">Trilionul de dolari pierdut la Polul Nord<\/a><\/p>\n<\/article>\n<article id=\"related-196028\" class=\"story post-196028 post type-post status-publish format-standard has-post-thumbnail hentry category-actualitate category-fotbal category-headlines category-sport\">\n<div class=\"photo\"><img decoding=\"async\" width=\"735\" height=\"440\" src=\"https:\/\/analyse.optim.biz\/wp-content\/uploads\/2026\/01\/img_20260123_000250-7.jpg\" class=\"attachment-giornalismo-single size-giornalismo-single wp-post-image\" loading=\"lazy\" title=\"img_20260123_000250-7\"><\/div>\n<p class=\"headline\"><a href=\"https:\/\/www.curierul.ro\/liga-3-retrospectiva-partialului-de-sezon-si-proiectii-2026-pentru-echipele-valcene\/\">LIGA 3. RETROSPECTIVA PAR\u021aIALULUI DE SEZON \u0218I PROIEC\u021aII 2026 PENTRU ECHIPELE V\u00c2LCENE<\/a><\/p>\n<\/article>\n<p> Source URL: https:\/\/www.curierul.ro\/cet-govora-opreste-apa-calda-de-tot-din-31-august-2026\/<\/p>\n","protected":false},"excerpt":{"rendered":"<p>Home Actualitate CET Govora opre\u0219te apa cald\u0103, de tot, din 31 august 2026 CET Govora opre\u0219te apa cald\u0103, de tot, din 31 august 2026 Scris deAlin Emilian Tudoroiu, 27 ianuarie 2026 \u2022 Primarul Mircia Gut\u0103u asigur\u0103 v\u00e2lcenii c\u0103 nu vor avea de suferit; \u2022 Centrala de Cogenerare va prelua \u00abapele calde\u00bb CET Govora a transmis [&hellip;]<\/p>\n","protected":false},"author":1,"featured_media":1483954,"comment_status":"open","ping_status":"","sticky":false,"template":"","format":"standard","meta":{"footnotes":""},"categories":[89],"tags":[213],"class_list":["post-1483953","post","type-post","status-publish","format-standard","has-post-thumbnail","hentry","category-romania","tag-curierul-ro"],"_links":{"self":[{"href":"https:\/\/analyse.optim.biz\/index.php?rest_route=\/wp\/v2\/posts\/1483953","targetHints":{"allow":["GET"]}}],"collection":[{"href":"https:\/\/analyse.optim.biz\/index.php?rest_route=\/wp\/v2\/posts"}],"about":[{"href":"https:\/\/analyse.optim.biz\/index.php?rest_route=\/wp\/v2\/types\/post"}],"author":[{"embeddable":true,"href":"https:\/\/analyse.optim.biz\/index.php?rest_route=\/wp\/v2\/users\/1"}],"replies":[{"embeddable":true,"href":"https:\/\/analyse.optim.biz\/index.php?rest_route=%2Fwp%2Fv2%2Fcomments&post=1483953"}],"version-history":[{"count":0,"href":"https:\/\/analyse.optim.biz\/index.php?rest_route=\/wp\/v2\/posts\/1483953\/revisions"}],"wp:featuredmedia":[{"embeddable":true,"href":"https:\/\/analyse.optim.biz\/index.php?rest_route=\/wp\/v2\/media\/1483954"}],"wp:attachment":[{"href":"https:\/\/analyse.optim.biz\/index.php?rest_route=%2Fwp%2Fv2%2Fmedia&parent=1483953"}],"wp:term":[{"taxonomy":"category","embeddable":true,"href":"https:\/\/analyse.optim.biz\/index.php?rest_route=%2Fwp%2Fv2%2Fcategories&post=1483953"},{"taxonomy":"post_tag","embeddable":true,"href":"https:\/\/analyse.optim.biz\/index.php?rest_route=%2Fwp%2Fv2%2Ftags&post=1483953"}],"curies":[{"name":"wp","href":"https:\/\/api.w.org\/{rel}","templated":true}]}}