{"id":1479506,"date":"2026-01-28T04:45:01","date_gmt":"2026-01-28T01:45:01","guid":{"rendered":"https:\/\/analyse.optim.biz\/?p=1479506"},"modified":"2026-01-28T04:45:01","modified_gmt":"2026-01-28T01:45:01","slug":"cipollone-necesitamos-un-sistema-de-pagos-europeo-que-este-totalmente-bajo-nuestro-control","status":"publish","type":"post","link":"https:\/\/analyse.optim.biz\/?p=1479506","title":{"rendered":"Cipollone: \u201cNecesitamos un sistema de pagos europeo que est\u00e9 totalmente bajo nuestro control\u201d"},"content":{"rendered":"<article id=\"main-content\" class=\"a _g _g-lg _g-o\">\n<header class=\"a_e _g _g-xs\">\n<div class=\"a_e_txt _df\">\n<div class=\"a_k _df\"><a class=\"a_k_n\" href=\"https:\/\/elpais.com\/noticias\/finanzas\/\">Finanzas<\/a><\/div>\n<h1 class=\"a_t\">Cipollone: \u201cNecesitamos un sistema de pagos europeo que est\u00e9 totalmente bajo nuestro control\u201d <\/h1>\n<p class=\"a_st\">El miembro del comit\u00e9 ejecutivo del BCE defiende el euro digital porque el dinero en met\u00e1lico \u201cno cubre todas las necesidades\u201d actuales y se\u00f1ala que el supervisor lleva \u201cmuchos a\u00f1os\u201d pidiendo una soluci\u00f3n al sector privado<\/p>\n<\/div>\n<div class=\"a_e_m\">\n<figure class=\"a_m a_m-h \"><span class=\"a_m_w _db\"><img fetchpriority=\"high\" decoding=\"async\" class=\"_re  a_m-h\" height=\"276\" width=\"414\" src=\"https:\/\/analyse.optim.biz\/wp-content\/uploads\/2026\/01\/k6ovwqrmnrc3fk7ofwkv5pozm4-1.jpg\" loading=\"eager\" title=\"k6ovwqrmnrc3fk7ofwkv5pozm4-1\"><\/span><figcaption class=\"a_m_p\" aria-hidden=\"true\"><span>El miembro del Comit\u00e9 Ejecutivo del BCE, Piero Cipollone. <\/span><span class=\"a_m_m\">Maria Rita Quitadamo \/ ECB<\/span><\/figcaption><\/figure>\n<\/div>\n<\/header>\n<div class=\"a_md _g _g-xs \">\n<figure class=\"a_md_i a_m-h c_m--nf\"><span class=\"a_m_w _db\"><img decoding=\"async\" alt=\"Manuel V. G\u00f3mez\" class=\"_re lazyload a_m-h\" height=\"100\" width=\"100\" src=\"https:\/\/analyse.optim.biz\/wp-content\/uploads\/2026\/01\/https3a2f2fs3-amazonaws-com2farc-authors2fprisa2f35da2825-f57d-4697-a034-3c552d3e6d5e-2.jpg\" loading=\"lazy\" title=\"https3a2f2fs3-amazonaws-com2farc-authors2fprisa2f35da2825-f57d-4697-a034-3c552d3e6d5e-2\"><\/span><\/figure>\n<div class=\"a_md_txt\">\n<div class=\"a_md_a\" data-dtm-region=\"articulo_firma\"><a href=\"https:\/\/elpais.com\/autor\/manuel-vicente-gomez\/#?rel=author_top\" title=\"Ver todas las noticias de Manuel V. G\u00f3mez\" class=\"a_md_a_n\">Manuel V. G\u00f3mez<\/a><\/div>\n<div class=\"a_md_f\"><span>Fr\u00e1ncfort &#8211; <a href=\"https:\/\/elpais.com\/hemeroteca\/2026-01-28\/\" data-date=\"2026-01-28T05:45:01+01:00\"><time data-date=\"2026-01-28T05:45:01+01:00\" datetime=\"2026-01-28T05:45:01+01:00\" id=\"article_date_p\">28 ene 2026 &#8211; 05:45<abbr title=\"Central European Time\">CET<\/abbr><\/time><\/a><\/span><\/div>\n<div class=\"w_rs\" data-dtm-region=\"articulo_botonera-social\">\n<div class=\"w_rs_i\"><a class=\"_btn hidden\" href=\"\/\/send?text=Cipollone%3A%20%E2%80%9CNecesitamos%20un%20sistema%20de%20pagos%20europeo%20que%20est%C3%A9%20totalmente%20bajo%20nuestro%20control%E2%80%9D%20%0D%0A%0D%0Ahttps%3A%2F%2Felpais.com%2Feconomia%2F2026-01-28%2Fcipollone-necesitamos-un-sistema-de-pagos-europeo-que-este-totalmente-bajo-nuestro-control.html%3Fssm=whatsapp_CC\" data-action=\"share\/whatsapp\/share\" data-param-description=\"Cipollone: \u201cNecesitamos un sistema de pagos europeo que est\u00e9 totalmente bajo nuestro control\u201d \" data-param-href=\"https:\/\/elpais.com\/economia\/2026-01-28\/cipollone-necesitamos-un-sistema-de-pagos-europeo-que-este-totalmente-bajo-nuestro-control.html\" data-param-text=\"Cipollone: \u201cNecesitamos un sistema de pagos europeo que est\u00e9 totalmente bajo nuestro control\u201d  https:\/\/elpais.com\/economia\/2026-01-28\/cipollone-necesitamos-un-sistema-de-pagos-europeo-que-este-totalmente-bajo-nuestro-control.html\" data-param-url=\"https:\/\/elpais.com\/economia\/2026-01-28\/cipollone-necesitamos-un-sistema-de-pagos-europeo-que-este-totalmente-bajo-nuestro-control.html\" target=\"_blank\" rel=\"noopener noreferrer\" data-share-track-dtm=\"whatsapp\" id=\"btn_share_whatsapp_803\"><span class=\"_sr\">Compartir en Whatsapp<\/span><\/a><\/div>\n<div class=\"w_rs_i\"><a class=\"_btn \" href=\"https:\/\/www.facebook.com\/dialog\/share?display=popup&amp;app_id=94039431626&amp;href=https%3A%2F%2Felpais.com%2Feconomia%2F2026-01-28%2Fcipollone-necesitamos-un-sistema-de-pagos-europeo-que-este-totalmente-bajo-nuestro-control.html%3Fssm=FB_CC&amp;quote=Cipollone%3A%20%E2%80%9CNecesitamos%20un%20sistema%20de%20pagos%20europeo%20que%20est%C3%A9%20totalmente%20bajo%20nuestro%20control%E2%80%9D%20\" data-param-app_id=\"94039431626\" data-param-description=\"Cipollone: \u201cNecesitamos un sistema de pagos europeo que est\u00e9 totalmente bajo nuestro control\u201d \" data-param-href=\"https:\/\/elpais.com\/economia\/2026-01-28\/cipollone-necesitamos-un-sistema-de-pagos-europeo-que-este-totalmente-bajo-nuestro-control.html\" data-param-text=\"Cipollone: \u201cNecesitamos un sistema de pagos europeo que est\u00e9 totalmente bajo nuestro control\u201d \" data-param-url=\"https:\/\/elpais.com\/economia\/2026-01-28\/cipollone-necesitamos-un-sistema-de-pagos-europeo-que-este-totalmente-bajo-nuestro-control.html\" target=\"_blank\" rel=\"noopener noreferrer\" data-share-track-dtm=\"facebook\" id=\"btn_share_facebook_803\"><span class=\"_sr\">Compartir en Facebook<\/span><\/a><\/div>\n<div class=\"w_rs_i\"><a class=\"_btn \" href=\"https:\/\/twitter.com\/intent\/tweet?url=https%3A%2F%2Felpais.com%2Feconomia%2F2026-01-28%2Fcipollone-necesitamos-un-sistema-de-pagos-europeo-que-este-totalmente-bajo-nuestro-control.html%3Fssm=TW_CC&amp;text=Cipollone%3A%20%E2%80%9CNecesitamos%20un%20sistema%20de%20pagos%20europeo%20que%20est%C3%A9%20totalmente%20bajo%20nuestro%20control%E2%80%9D%20&amp;via=el_pais&amp;lang=es\" data-param-description=\"Cipollone: \u201cNecesitamos un sistema de pagos europeo que est\u00e9 totalmente bajo nuestro control\u201d \" data-param-href=\"https:\/\/elpais.com\/economia\/2026-01-28\/cipollone-necesitamos-un-sistema-de-pagos-europeo-que-este-totalmente-bajo-nuestro-control.html\" data-param-text=\"Cipollone: \u201cNecesitamos un sistema de pagos europeo que est\u00e9 totalmente bajo nuestro control\u201d  via @el_pais\" data-param-url=\"https:\/\/elpais.com\/economia\/2026-01-28\/cipollone-necesitamos-un-sistema-de-pagos-europeo-que-este-totalmente-bajo-nuestro-control.html\" target=\"_blank\" rel=\"noopener noreferrer\" data-share-track-dtm=\"twitter\" id=\"btn_share_twitter_803\"><span class=\"_sr\">Compartir en Twitter<\/span><\/a><\/div>\n<div class=\"w_rs_i\"><a class=\"_btn \" href=\"https:\/\/bsky.app\/intent\/compose?text=https%3A%2F%2Felpais.com%2Feconomia%2F2026-01-28%2Fcipollone-necesitamos-un-sistema-de-pagos-europeo-que-este-totalmente-bajo-nuestro-control.html%3Fssm=bsky_CC\" data-param-description=\"Cipollone: \u201cNecesitamos un sistema de pagos europeo que est\u00e9 totalmente bajo nuestro control\u201d \" data-param-href=\"https:\/\/elpais.com\/economia\/2026-01-28\/cipollone-necesitamos-un-sistema-de-pagos-europeo-que-este-totalmente-bajo-nuestro-control.html\" data-param-text=\"Cipollone: \u201cNecesitamos un sistema de pagos europeo que est\u00e9 totalmente bajo nuestro control\u201d \" data-param-url=\"https:\/\/elpais.com\/economia\/2026-01-28\/cipollone-necesitamos-un-sistema-de-pagos-europeo-que-este-totalmente-bajo-nuestro-control.html\" target=\"_blank\" rel=\"noopener noreferrer\" data-share-track-dtm=\"bluesky\" id=\"btn_share_bluesky_803\"><span class=\"_sr\">Compartir en Bluesky<\/span><\/a><\/div>\n<div class=\"w_rs_i\"><a class=\"_btn \" href=\"https:\/\/www.linkedin.com\/sharing\/share-offsite\/?url=https%3A%2F%2Felpais.com%2Feconomia%2F2026-01-28%2Fcipollone-necesitamos-un-sistema-de-pagos-europeo-que-este-totalmente-bajo-nuestro-control.html%3Fssm=LK_CC\" data-param-description=\"Cipollone: \u201cNecesitamos un sistema de pagos europeo que est\u00e9 totalmente bajo nuestro control\u201d \" data-param-href=\"https:\/\/elpais.com\/economia\/2026-01-28\/cipollone-necesitamos-un-sistema-de-pagos-europeo-que-este-totalmente-bajo-nuestro-control.html\" data-param-text=\"Cipollone: \u201cNecesitamos un sistema de pagos europeo que est\u00e9 totalmente bajo nuestro control\u201d \" data-param-url=\"https:\/\/elpais.com\/economia\/2026-01-28\/cipollone-necesitamos-un-sistema-de-pagos-europeo-que-este-totalmente-bajo-nuestro-control.html\" target=\"_blank\" rel=\"noopener noreferrer\" data-share-track-dtm=\"linkedin\" id=\"btn_share_linkedin_803\"><span class=\"_sr\">Compartir en Linkedin<\/span><\/a><\/div>\n<div class=\"w_rs_i\"><a class=\"_btn rs_l\" href=\"https:\/\/elpais.com\/economia\/2026-01-28\/cipollone-necesitamos-un-sistema-de-pagos-europeo-que-este-totalmente-bajo-nuestro-control.html#?prm=copy_link\" data-share-track-dtm=\"copiar_url\" id=\"btn_share_link_18\"><span class=\"_sr\">Copiar enlace<\/span><\/a><\/div>\n<div class=\"w_rs_i\"><a class=\"_btn rs_c\" href=\"https:\/\/elpais.com\/economia\/2026-01-28\/cipollone-necesitamos-un-sistema-de-pagos-europeo-que-este-totalmente-bajo-nuestro-control.html#comments_container\" aria-expanded=\"false\" aria-controls=\"me-c\" data-share-track-dtm=\"eskup\" id=\"btn_share_comments_18\"><span class=\"_sr\">Ir a los comentarios<\/span><\/a><\/div>\n<\/div>\n<\/div>\n<\/div>\n<div class=\"a_c clearfix\" data-dtm-region=\"articulo_cuerpo\">\n<p class>Existen pocas dudas de la vinculaci\u00f3n entre el dinero y la geopol\u00edtica, y <a href=\"https:\/\/elpais.com\/podcasts\/hoy-en-el-pais\/2025-03-26\/podcast-euro-digital-el-dinero-del-futuro-que-no-necesitas-tocar.html\" target=\"_self\" rel title=\"https:\/\/elpais.com\/podcasts\/hoy-en-el-pais\/2025-03-26\/podcast-euro-digital-el-dinero-del-futuro-que-no-necesitas-tocar.html\">la historia del euro digital solo reafirma este v\u00ednculo<\/a>. La Comisi\u00f3n Europea present\u00f3 las propuestas legales para su desarrollo en junio de 2023 y ah\u00ed qued\u00f3, sin mucho impulso pol\u00edtico hasta que Donald Trump volvi\u00f3 a la Casa Blanca. Entonces el papel de Piero Cipollone (64 a\u00f1os, Avezzano, Italia), el miembro del comit\u00e9 ejecutivo de Banco Central Europeo (BCE) encargado del euro digital, gan\u00f3 enteros. Antes de llegar a Fr\u00e1ncfort, hizo buena parte de su carrera en el Banco de Italia, donde lleg\u00f3 a subgobernador. En noviembre de 2023 entr\u00f3 en el directorio que se encarga del d\u00eda a d\u00eda de la m\u00e1xima autoridad monetaria, y pas\u00f3 a dirigir un proyecto clave con el que la UE esperar <a href=\"https:\/\/elpais.com\/economia\/2025-05-14\/que-es-el-euro-digital-en-que-se-diferencia-de-una-criptomoneda-y-cuando-puede-estar-operativo.html\" target=\"_self\" rel title=\"https:\/\/elpais.com\/economia\/2025-05-14\/que-es-el-euro-digital-en-que-se-diferencia-de-una-criptomoneda-y-cuando-puede-estar-operativo.html\">reducir la dependencia de empresas estadounidenses como Visa, Mastercard o American Express para los pagos electr\u00f3nicos<\/a>. <\/p>\n<p class><b>Pregunta. <\/b>El BCE ha esgrimido la complicada situaci\u00f3n geopol\u00edtica actual como un argumento a su favor para defender el euro digital. \u00bfCree que los acontecimientos vistos desde el comienzo del a\u00f1o, como Venezuela y Groenlandia, refuerzan esta postura? <\/p>\n<p class><b>Respuesta.<\/b> Dicho as\u00ed parece que estamos adoptando el euro digital como una respuesta defensiva frente a algo o alguien. No es una interpretaci\u00f3n totalmente correcta. El BCE tiene el mandato de proporcionar medios de pago  del sistema de pagos. Si observamos la situaci\u00f3n en Europa, quiz\u00e1 haya que preguntarse si se cumplen estas dos condiciones; si el sistema de pagos est\u00e1 tan fragmentado que, aparentemente, no se puede pagar digitalmente en toda Europa sin depender de proveedores no europeos. Entonces quiz\u00e1 tambi\u00e9n nos preguntemos si el sistema es resiliente.<\/p>\n<p class>En segundo lugar, tambi\u00e9n proporcionamos medios de pago, tanto a nivel minorista como mayorista. En el minorista, emitimos efectivo, pero no cubre todas las necesidades, porque no puede utilizarse digitalmente. Por ejemplo, no puede usarse en el comercio electr\u00f3nico, que ahora representa m\u00e1s de un tercio de las operaciones diarias en t\u00e9rminos de valor. <\/p>\n<p class><b>P.<\/b> Sin embargo, esto no es algo nuevo. <\/p>\n<p class><b>R. <\/b>Ya, aunque hace diez a\u00f1os esto no era tan problem\u00e1tico como ahora. El efectivo era el rey. Con \u00e9l se pod\u00edan cubrir casi todas las necesidades. La urgencia de proporcionar medios de pago adicionales no era tan grande. Pero con el desarrollo tecnol\u00f3gico, las costumbres han cambiado. La posibilidad de pagar con dinero del banco central a nivel minorista, es decir, con efectivo, est\u00e1 disminuyendo muy r\u00e1pidamente: en 2024 el efectivo se utiliz\u00f3 en el 24% de las operaciones diarias en t\u00e9rminos de valor, frente al 40% en 2019. <\/p>\n<p class><b>P. <\/b>Pero el elemento \u201cdefensivo\u201d del que habla, el geoestrat\u00e9gico, existe. <\/p>\n<p class><b>R.<\/b> Evidentemente, las posibles tensiones geopol\u00edticas y la militarizaci\u00f3n de cualquier instrumento que se pueda imaginar aumentan el nivel de riesgo, lo que refuerza el mensaje de que necesitamos un sistema de pago europeo que atienda todas nuestras necesidades de pago y se base en tecnolog\u00eda e infraestructura europeas. Es decir, un sistema que est\u00e9 totalmente bajo nuestro control.<\/p>\n<p class>Eso es lo que estamos haciendo con el euro digital. Despu\u00e9s, ser\u00e1n las personas las que decidan si lo utilizan o si lo complementan con medios de pago privados. No entramos en eso. Pero tenemos que ofrecer un medio de pago que satisfaga las necesidades de los europeos y evite dependencias excesivas.<\/p>\n<p class><b>P. <\/b>En resumen, es una forma de defender el dinero como un bien p\u00fablico. <\/p>\n<p class><b>R.<\/b> Claro, es dinero p\u00fablico en formato digital. <\/p>\n<p class><b>P.<\/b> Hay voces en el Parlamento Europeo y en el sector privado que abogan por desarrollar el sistema de pagos, pero esperar a que la banca desarrolle su alternativa. <\/p>\n<p class><b>R. <\/b><a href=\"https:\/\/elpais.com\/economia\/2025-10-31\/el-pp-europeo-propone-un-euro-digital-desinflado-frente-a-la-ambicion-del-bce-y-la-comision-europea.html\" target=\"_self\" rel title=\"https:\/\/elpais.com\/economia\/2025-10-31\/el-pp-europeo-propone-un-euro-digital-desinflado-frente-a-la-ambicion-del-bce-y-la-comision-europea.html\">Esa es la propuesta del ponente en el Parlamento<\/a>. Ya llevamos muchos a\u00f1os pidiendo al sector privado que proporcione una soluci\u00f3n paneuropea. <a href=\"https:\/\/elpais.com\/economia\/2025-10-06\/la-ue-aprieta-el-paso-con-el-euro-digital-mientras-la-banca-busca-el-encaje-de-sus-sistemas-de-pago-electronicos.html\" target=\"_self\" rel title=\"https:\/\/elpais.com\/economia\/2025-10-06\/la-ue-aprieta-el-paso-con-el-euro-digital-mientras-la-banca-busca-el-encaje-de-sus-sistemas-de-pago-electronicos.html\">Nos alegra que est\u00e9n intentando conectarse de alguna manera<\/a>; creemos que reforzar\u00eda la resiliencia del sistema de la que hablaba antes. Tambi\u00e9n pensamos que el euro digital aumentar\u00e1 la probabilidad de que el sector privado pueda desarrollar un sistema paneuropeo. <\/p>\n<p class><b>P.<\/b> \u00bfPor qu\u00e9? <\/p>\n<p class><b>R. <\/b>El euro digital ser\u00e1 de curso legal. Todos los comerciantes que hoy aceptan pagos digitales tendr\u00e1n que aceptar el euro digital. Pero adem\u00e1s implicar\u00e1 un \u00fanico est\u00e1ndar p\u00fablico aceptado por todos los comerciantes europeos. Es decir, cuando un proveedor de servicios de pago (bancos y empresas de tecnolog\u00eda financiera) presta servicio a un comerciante, este tiene que implementar sus est\u00e1ndares. Por tanto, cuantos m\u00e1s est\u00e1ndares haya, m\u00e1s fragmentados estar\u00e1n. <a href=\"https:\/\/cincodias.elpais.com\/mercados-financieros\/2025-09-26\/el-bce-avanza-en-el-dinero-del-futuro-asi-se-pagara-con-el-euro-digital.html\" target=\"_self\" rel title=\"https:\/\/cincodias.elpais.com\/mercados-financieros\/2025-09-26\/el-bce-avanza-en-el-dinero-del-futuro-asi-se-pagara-con-el-euro-digital.html\">Con el euro digital, habr\u00e1 un est\u00e1ndar \u00fanico y abierto, que tambi\u00e9n estar\u00e1 disponible para el sector privado<\/a>.<\/p>\n<p class><b>P.<\/b> \u00bfQu\u00e9 le parece la propuesta de que el euro digital solo pueda usarse en la modalidad <i>offline <\/i>(sin necesidad de conexi\u00f3n a internet, acercando dispositivos)?<\/p>\n<p class><b>R.<\/b> Uno de los problemas que intentamos resolver con el euro digital es la falta de un m\u00e9todo de pago europeo viable para el comercio electr\u00f3nico. \u00bfC\u00f3mo se puede pagar con la <a href=\"https:\/\/cincodias.elpais.com\/criptoactivos\/2025-11-18\/el-bce-planea-establecer-un-limite-de-tenencias-mas-estricto-para-el-euro-digital-offline.html\" target=\"_self\" rel title=\"https:\/\/cincodias.elpais.com\/criptoactivos\/2025-11-18\/el-bce-planea-establecer-un-limite-de-tenencias-mas-estricto-para-el-euro-digital-offline.html\">soluci\u00f3n <i>offline<\/i><\/a> en el \u00e1mbito del comercio electr\u00f3nico? No lo s\u00e9. <\/p>\n<p class><b>P.<\/b> El presidente de la Reserva Federal, Jerome Powell, ha visto amenazada su independencia. La presidenta Lagarde y otros gobernadores han salido a defenderle. \u00bfCree que estos ataques tan inusuales pueden impactar en las pol\u00edticas monetarias?<\/p>\n<p class><b>R.<\/b> Somos el banco central de la zona euro, no el de EE UU. Analizamos la situaci\u00f3n de la econom\u00eda de la zona euro y fijamos nuestros tipos de inter\u00e9s para asegurar la estabilidad de precios, es decir, una inflaci\u00f3n del 2% a medio plazo. Lo que ocurre en otras partes del mundo es relevante siempre y cuando lo sea para la inflaci\u00f3n en la zona del euro.<\/p>\n<p class><b>P. <\/b>A finales de 2025, la presidenta Lagarde dijo que estamos en \u201cuna buena posici\u00f3n\u201d. \u00bfQu\u00e9 puede amenazar esa posici\u00f3n? <\/p>\n<p class><b>R.<\/b> El PIB han sido resiliente y esperamos cifras que podr\u00edan ser incluso mejores que las previstas. La inflaci\u00f3n ha fluctuado en torno a nuestro objetivo en los \u00faltimos meses. La buena noticia, desde mi punto de vista, es que la \u00faltima revisi\u00f3n se debi\u00f3 esencialmente a la inversi\u00f3n. Esta no es solo un componente de la demanda, sino tambi\u00e9n un componente del lado de la oferta: significa inversi\u00f3n en mayor capacidad [productiva], que deber\u00eda reflejarse en un crecimiento m\u00e1s r\u00e1pido sin poner en peligro la estabilidad de precios. <\/p>\n<p class><b>P.<\/b> Pero s\u00ed que est\u00e1 aumentando la incertidumbre en las \u00faltimas semanas. <\/p>\n<p class><b>R. <\/b>S\u00ed, la incertidumbre puede aumentar y esto puede repercutir en la solidez de la recuperaci\u00f3n, ya que pondr\u00eda en peligro la inversi\u00f3n. Por lo tanto, el aspecto positivo que mencionaba antes se ver\u00eda obstaculizado. S\u00ed, esto podr\u00eda tener un impacto, especialmente en el crecimiento, y obviamente tendr\u00eda un efecto en la inflaci\u00f3n. Si esta incertidumbre se prolonga, tendr\u00e1 un impacto en la econom\u00eda real.<\/p>\n<\/div>\n<div id=\"me-dis\" class=\"me _pf\">\n<div class=\"me_bg\">\n<div class=\"me-dis _pa _df\">\n<div class=\"me-dis_c\">\n<h2 class=\"me-dis_t\">Tu suscripci\u00f3n se est\u00e1 usando en otro dispositivo<\/h2>\n<p>\u00bfQuieres a\u00f1adir otro usuario a tu suscripci\u00f3n?<\/p>\n<div class=\"me-dis_l\"><a href=\"https:\/\/elpais.com\/suscripciones\/premium\/upgrade\/?utm_source=autopromo&amp;utm_medium=interno&amp;utm_campaign=YYYY_MM_capping_upgrade\" id=\"capping-upgrade\" class=\"btn\">A\u00f1adir usuario<\/a><a href=\"https:\/\/elpais.com\/economia\/2026-01-28\/cipollone-necesitamos-un-sistema-de-pagos-europeo-que-este-totalmente-bajo-nuestro-control.html\" id=\"capping-continue\" class=\"btn btn-b\">Continuar leyendo aqu\u00ed<\/a><\/div>\n<p>Si contin\u00faas leyendo en este dispositivo, no se podr\u00e1 leer en el otro.<\/p>\n<p class=\"lk\"><a href=\"https:\/\/elpais.com\/economia\/2026-01-28\/cipollone-necesitamos-un-sistema-de-pagos-europeo-que-este-totalmente-bajo-nuestro-control.html\" id=\"capping-show-more-button\">\u00bfPor qu\u00e9 est\u00e1s viendo esto?<\/a><\/p>\n<p><span class=\"arrow\" id=\"capping-arrow\">Flecha<\/span><\/p>\n<div class=\"me-dis_d\">\n<div class=\"me-dis_d_t\">\n<h2 class=\"enc\">Tu suscripci\u00f3n se est\u00e1 usando en otro dispositivo y solo puedes acceder a EL PA\u00cdS desde un dispositivo a la vez.<\/h2>\n<div class=\"tx\">\n<p>Si quieres compartir tu cuenta, cambia tu suscripci\u00f3n a la modalidad Premium, as\u00ed podr\u00e1s a\u00f1adir otro usuario. Cada uno acceder\u00e1 con su propia cuenta de email, lo que os permitir\u00e1 personalizar vuestra experiencia en EL PA\u00cdS.<\/p>\n<p>\u00bfTienes una suscripci\u00f3n de empresa? Accede <a target=\"_blank\" rel=\"noreferrer\" href=\"https:\/\/elpais.com\/suscripciones\/premium\/upgrade\/\">aqu\u00ed<\/a> para contratar m\u00e1s cuentas.<\/p>\n<p>En el caso de no saber qui\u00e9n est\u00e1 usando tu cuenta, te recomendamos cambiar tu contrase\u00f1a <a target=\"_blank\" rel=\"noreferrer\" href=\"https:\/\/elpais.com\/subscriptions\/#\/forgot-password\">aqu\u00ed.<\/a><\/p>\n<p>Si decides continuar compartiendo tu cuenta, este mensaje se mostrar\u00e1 en tu dispositivo y en el de la otra persona que est\u00e1 usando tu cuenta de forma indefinida, afectando a tu experiencia de lectura. Puedes <a target=\"_blank\" rel=\"noreferrer\" href=\"https:\/\/elpais.com\/suscripciones\/condiciones-generales-servicios\/\">consultar aqu\u00ed los t\u00e9rminos y condiciones de la suscripci\u00f3n digital.<\/a><\/p>\n<\/div>\n<\/div>\n<\/div>\n<\/div>\n<\/div>\n<\/div>\n<\/div>\n<aside class=\"w w-sea\">\n<h2 class=\"w_t\">Sobre la firma<\/h2>\n<div class=\"w_b\">\n<div class=\"_g _g-xs\">\n<figure class=\"w-sea_f a_m-h c_m--nf\"><span class=\"a_m_w _db\"><img decoding=\"async\" alt=\"Manuel V. G\u00f3mez\" class=\"_re lazyload a_m-h\" height=\"100\" width=\"100\" src=\"https:\/\/analyse.optim.biz\/wp-content\/uploads\/2026\/01\/https3a2f2fs3-amazonaws-com2farc-authors2fprisa2f35da2825-f57d-4697-a034-3c552d3e6d5e-2.jpg\" loading=\"lazy\" title=\"https3a2f2fs3-amazonaws-com2farc-authors2fprisa2f35da2825-f57d-4697-a034-3c552d3e6d5e-2\"><\/span><\/figure>\n<div class=\"w-sea_txt\">\n<div class=\"_df\">\n<div class=\"w-sea_txt_na\"><a href=\"https:\/\/elpais.com\/autor\/manuel-vicente-gomez\/\" rel=\"autor_bottom\">Manuel V. G\u00f3mez<\/a><\/div>\n<div class=\"w_rs_i\"><a class=\"_btn \" href=\"http:\/\/twitter.com\/manuelvgomez\" target=\"_blank\" rel=\"noopener noreferrer\"><span class=\"_sr\">Manuel V. G\u00f3mez &#8211; twitter<\/span><\/a><\/div>\n<\/div>\n<div class=\"w-sea_txt_da _dn\">Es corresponsal en Bruselas. Ha desarrollado casi toda su carrera en la secci\u00f3n de Econom\u00eda de EL PA\u00cdS, donde se ha encargado entre 2008 y 2021 de seguir el mercado laboral espa\u00f1ol, el sistema de pensiones y el di\u00e1logo social. Licenciado en Historia por la Universitat de Val\u00e8ncia, en 2006 curs\u00f3 el master de periodismo UAM\/EL PA\u00cdS.<\/div>\n<\/div>\n<\/div>\n<\/div>\n<\/aside>\n<aside class=\"w w-fid\">\n<div class=\"w_b\">\n<div class=\"w-fid_t\"><a href=\"https:\/\/plus.elpais.com\/newsletters\/lnp\/1\/475#?prm=footer_economia\">Recibe nuestro bolet\u00edn de actualidad econ\u00f3mica solo para suscriptores.<\/a><\/div>\n<div class=\"w-fid_s\">\n<div class=\"w_rs\">\n<div class=\"w_rs_i\"><a class=\"_btn\" href=\"https:\/\/www.facebook.com\/elpais\" rel=\"nofollow\"><span class=\"_sr\">Economia El Pa\u00eds en Facebook<\/span><\/a><\/div>\n<div class=\"w_rs_i\"><a class=\"_btn\" href=\"https:\/\/www.instagram.com\/el_pais\/\" rel=\"nofollow\"><span class=\"_sr\">Economia El Pa\u00eds en Instagram<\/span><\/a><\/div>\n<div class=\"w_rs_i\"><a class=\"_btn\" href=\"https:\/\/twitter.com\/el_pais\" rel=\"nofollow\"><span class=\"_sr\">Economia El Pa\u00eds en Twitter<\/span><\/a><\/div>\n<\/div>\n<\/div>\n<\/div>\n<\/aside>\n<aside class=\"a_com w w-com _df\"><a class=\"a_com_l\" href=\"https:\/\/elpais.com\/info\/normas-de-participacion\/\">Normas \u203a<\/a><\/aside>\n<div class=\"me _pf\" id=\"me-c\">\n<div class=\"me_bg\">\n<div class=\"me-c _pa\" id=\"comments_container\" data-dtm-region=\"articulo_comentarios\">\n<div class=\"me_f me_f-os me_cc\"><a href=\"https:\/\/plus.elpais.com\/perfil\/actividad\/\">Mis comentarios<\/a><a href=\"https:\/\/elpais.com\/info\/normas-de-participacion\/\">Normas<\/a><\/div>\n<div class=\"me_f me_f-ns\"><span class=\"me_f_txt _db\">Rellena tu <b>nombre y apellido<\/b> para comentar<\/span><a href=\"https:\/\/plus.elpais.com\/autorization.html\/?prod=COM&amp;backURL=https%3A%2F%2Felpais.com%2Feconomia%2F2026-01-28%2Fcipollone-necesitamos-un-sistema-de-pagos-europeo-que-este-totalmente-bajo-nuestro-control.html\" class=\"btn btn-2\">completar datos<\/a><\/div>\n<div class=\"me_f\" id=\"comments_msg\"><a class=\"btn btn-2\" href=\"https:\/\/elpais.com\/suscripciones\/#\/campaign?prod=SUSDIGCRART&amp;o=COM&amp;prm=suscrip_articulo_comentarios_el-pais&amp;backURL=https%3A%2F%2Felpais.com%2Feconomia%2F2026-01-28%2Fcipollone-necesitamos-un-sistema-de-pagos-europeo-que-este-totalmente-bajo-nuestro-control.html\" id=\"comments_subscribe_link\" data-link-am=\"https:\/\/elpais.com\/suscripciones\/america\/#\/campaign?prod=SUSDIGCRARTAM&amp;o=COMAM&amp;prm=suscrip_articulo_comentarios_el-pais-america&amp;backURL=https%3A%2F%2Felpais.com%2Feconomia%2F2026-01-28%2Fcipollone-necesitamos-un-sistema-de-pagos-europeo-que-este-totalmente-bajo-nuestro-control.html\" data-link-mx=\"https:\/\/elpais.com\/suscripciones\/america\/#\/campaign?prod=SUSDIGMX&amp;o=COMMX&amp;prm=suscrip_articulo_comentarios_el-pais-mexico&amp;backURL=https%3A%2F%2Felpais.com%2Feconomia%2F2026-01-28%2Fcipollone-necesitamos-un-sistema-de-pagos-europeo-que-este-totalmente-bajo-nuestro-control.html\" data-link-co=\"https:\/\/elpais.com\/suscripciones\/america\/#\/campaign?prod=SUSDIGCOL&amp;o=COMCOL&amp;prm=suscrip_articulo_comentarios_el-pais_colombia&amp;backURL=https%3A%2F%2Felpais.com%2Feconomia%2F2026-01-28%2Fcipollone-necesitamos-un-sistema-de-pagos-europeo-que-este-totalmente-bajo-nuestro-control.html\" data-link-ar=\"https:\/\/elpais.com\/suscripciones\/america\/#\/campaign?prod=SUSDIGCRARTAR&amp;o=COMAR&amp;backURL=https%3A%2F%2Felpais.com%2Feconomia%2F2026-01-28%2Fcipollone-necesitamos-un-sistema-de-pagos-europeo-que-este-totalmente-bajo-nuestro-control.html\" data-link-cl=\"https:\/\/elpais.com\/suscripciones\/america\/#\/campaign?prod=SUSDIGCHILE&amp;o=COMCHILE&amp;backURL=https%3A%2F%2Felpais.com%2Feconomia%2F2026-01-28%2Fcipollone-necesitamos-un-sistema-de-pagos-europeo-que-este-totalmente-bajo-nuestro-control.html\" data-link-us=\"https:\/\/elpais.com\/suscripciones\/america\/#\/campaign?prod=SUSDIGCRARTEUCAN&amp;o=COMUS&amp;prm=suscrip_articulo_comentarios_el-pais_eucan&amp;backURL=https%3A%2F%2Felpais.com%2Feconomia%2F2026-01-28%2Fcipollone-necesitamos-un-sistema-de-pagos-europeo-que-este-totalmente-bajo-nuestro-control.html\">Suscr\u00edbete en El Pa\u00eds para participar<\/a><a class=\"btn btn-3\" href=\"https:\/\/elpais.com\/subscriptions\/#\/sign-in?prod=REG&amp;o=COM&amp;prm=login_articulo_comentarios_el-pais&amp;backURL=https%3A%2F%2Felpais.com%2Feconomia%2F2026-01-28%2Fcipollone-necesitamos-un-sistema-de-pagos-europeo-que-este-totalmente-bajo-nuestro-control.html\" id=\"comments_login_link\" data-link-am=\"https:\/\/elpais.com\/subscriptions\/#\/sign-in?prod=REG&amp;o=COM&amp;prm=login_articulo_comentarios_el-pais-america&amp;backURL=https%3A%2F%2Felpais.com%2Feconomia%2F2026-01-28%2Fcipollone-necesitamos-un-sistema-de-pagos-europeo-que-este-totalmente-bajo-nuestro-control.html\" data-link-mx=\"https:\/\/elpais.com\/subscriptions\/#\/sign-in?prod=REG&amp;o=COM&amp;prm=login_articulo_comentarios_el-pais-mexico&amp;backURL=https%3A%2F%2Felpais.com%2Feconomia%2F2026-01-28%2Fcipollone-necesitamos-un-sistema-de-pagos-europeo-que-este-totalmente-bajo-nuestro-control.html\" data-link-co=\"https:\/\/elpais.com\/subscriptions\/#\/sign-in?prod=REG&amp;o=COM&amp;backURL=https%3A%2F%2Felpais.com%2Feconomia%2F2026-01-28%2Fcipollone-necesitamos-un-sistema-de-pagos-europeo-que-este-totalmente-bajo-nuestro-control.html\" data-link-ar=\"https:\/\/elpais.com\/subscriptions\/#\/sign-in?prod=REG&amp;o=COM&amp;backURL=https%3A%2F%2Felpais.com%2Feconomia%2F2026-01-28%2Fcipollone-necesitamos-un-sistema-de-pagos-europeo-que-este-totalmente-bajo-nuestro-control.html\" data-link-cl=\"https:\/\/elpais.com\/subscriptions\/#\/sign-in?prod=REG&amp;o=COM&amp;backURL=https%3A%2F%2Felpais.com%2Feconomia%2F2026-01-28%2Fcipollone-necesitamos-un-sistema-de-pagos-europeo-que-este-totalmente-bajo-nuestro-control.html\" data-link-us=\"https:\/\/elpais.com\/subscriptions\/#\/sign-in?prod=REG&amp;o=COM&amp;backURL=https%3A%2F%2Felpais.com%2Feconomia%2F2026-01-28%2Fcipollone-necesitamos-un-sistema-de-pagos-europeo-que-este-totalmente-bajo-nuestro-control.html\">Ya tengo una suscripci\u00f3n<\/a><\/div>\n<p>Please enable JavaScript to view the &lt;a href=&#8221;https:\/\/disqus.com\/?ref_noscript&#8221; rel=&#8221;nofollow&#8221;&gt; comments powered by Disqus.&lt;\/a&gt;<\/p><\/div>\n<\/div>\n<\/div>\n<aside class=\"w w-rel\" data-dtm-region=\"articulo_mas-informacion\">\n<h2 class=\"w_t\">M\u00e1s informaci\u00f3n<\/h2>\n<ul class=\"w_b _ls\">\n<li class=\"_g _g-xs w-rel_n\">\n<div class=\" a_m-h c_m--nf\"><span class=\"_db _pr\"><img decoding=\"async\" class=\"_re lazyload a_m-h\" height=\"311\" width=\"414\" src=\"https:\/\/analyse.optim.biz\/wp-content\/uploads\/2026\/01\/uidk5gsqnjkf5dum6ex7cfopgm.jpg\" loading=\"lazy\" title=\"uidk5gsqnjkf5dum6ex7cfopgm\"><\/span><\/div>\n<div class=\"nt\">\n<h3 class=\"nt_t\"><a href=\"https:\/\/elpais.com\/economia\/2025-10-31\/el-pp-europeo-propone-un-euro-digital-desinflado-frente-a-la-ambicion-del-bce-y-la-comision-europea.html#?rel=mas\">El PP europeo propone un euro digital desinflado frente a la ambici\u00f3n del BCE y la Comisi\u00f3n Europea <\/a><\/h3>\n<div class=\"nt_a\"><a href=\"https:\/\/elpais.com\/autor\/manuel-vicente-gomez\/\" title=\"Ver todas las noticias de Manuel V. G\u00f3mez\">Manuel V. G\u00f3mez<\/a> | Bruselas<\/div>\n<\/div>\n<\/li>\n<li class=\"_g _g-xs w-rel_n\">\n<div class=\" a_m-h c_m--nf\"><span class=\"_db _pr\"><img decoding=\"async\" class=\"_re lazyload a_m-h\" height=\"311\" width=\"414\" src=\"https:\/\/analyse.optim.biz\/wp-content\/uploads\/2026\/01\/dwxjczpxjjkmtdouae7yuagyqq.jpg\" loading=\"lazy\" title=\"dwxjczpxjjkmtdouae7yuagyqq\"><\/span><\/div>\n<div class=\"nt\">\n<h3 class=\"nt_t\"><a href=\"https:\/\/elpais.com\/economia\/2025-10-06\/la-ue-aprieta-el-paso-con-el-euro-digital-mientras-la-banca-busca-el-encaje-de-sus-sistemas-de-pago-electronicos.html#?rel=mas\">La UE aprieta el paso con el euro digital mientras la banca busca el encaje de sus sistemas de pago electr\u00f3nicos<\/a><\/h3>\n<div class=\"nt_a\"><a href=\"https:\/\/elpais.com\/autor\/manuel-vicente-gomez\/\" title=\"Ver todas las noticias de Manuel V. G\u00f3mez\">Manuel V. G\u00f3mez<\/a> \/ <a href=\"https:\/\/elpais.com\/autor\/elisa-tasca\/\" title=\"Ver todas las noticias de Elisa Tasca\">Elisa Tasca<\/a> \/ <a href=\"https:\/\/elpais.com\/autor\/ricardo-sobrino-franco\/\" title=\"Ver todas las noticias de Ricardo Sobrino\">Ricardo Sobrino<\/a> | Madrid \/ Bruselas<\/div>\n<\/div>\n<\/li>\n<\/ul>\n<\/aside>\n<section class=\"w w-ae\" data-dtm-region=\"articulo_archivado-en\">\n<h2 class=\"w_t\">Archivado En<\/h2>\n<div class=\"w_b\">\n<ul class=\"w_ul w_ul--mh _df _ls\">\n<li><a href=\"https:\/\/elpais.com\/noticias\/economia\/#?rel=arch\" rel=\"noopener noreferrer\">Econom\u00eda<\/a><\/li>\n<li><a href=\"https:\/\/elpais.com\/noticias\/ue-union-europea\/#?rel=arch\" rel=\"noopener noreferrer\">Uni\u00f3n Europea<\/a><\/li>\n<li><a href=\"https:\/\/elpais.com\/noticias\/bce-banco-central-europeo\/#?rel=arch\" rel=\"noopener noreferrer\">BCE<\/a><\/li>\n<li><a href=\"https:\/\/elpais.com\/noticias\/euro\/#?rel=arch\" rel=\"noopener noreferrer\">Euro<\/a><\/li>\n<li><a href=\"https:\/\/elpais.com\/noticias\/euro-digital\/#?rel=arch\" rel=\"noopener noreferrer\">Euro digital<\/a><\/li>\n<li><a href=\"https:\/\/elpais.com\/noticias\/pago\/#?rel=arch\" rel=\"noopener noreferrer\">Pago<\/a><\/li>\n<li><a href=\"https:\/\/elpais.com\/noticias\/pago-electronico\/#?rel=arch\" rel=\"noopener noreferrer\">Pagos online<\/a><\/li>\n<li><a href=\"https:\/\/elpais.com\/noticias\/finanzas\/#?rel=arch\" rel=\"noopener noreferrer\">Finanzas<\/a><\/li>\n<li><a href=\"https:\/\/elpais.com\/noticias\/banca\/#?rel=arch\" rel=\"noopener noreferrer\">Banca<\/a><\/li>\n<\/ul>\n<\/div>\n<\/section>\n<aside class=\"a_tp _df\">\n<div class=\"a_tp_txt\"><span class=\"a_tp_t\">Se adhiere a los criterios de<\/span><\/p>\n<figure class=\"a_m a_m-h c_m--nf\"><a class=\"a_tp_i _dib\" href=\"https:\/\/elpais.com\/estaticos\/que-es-the-trust-project\/\" target=\"_blank\" rel=\"noopener noreferrer nofollow\"><img decoding=\"async\" alt=\"The Trust Project\" class=\" lazyload a_m-h\" height=\"20\" width=\"117\" src=\"https:\/\/analyse.optim.biz\/wp-content\/uploads\/2026\/01\/the-trust-project-238.svg\" loading=\"lazy\" title=\"the-trust-project-238\"><\/a><\/figure>\n<p><a class=\"a_tp_mi\" href=\"https:\/\/elpais.com\/estaticos\/codigo-etico\/\" target=\"_blank\" rel=\"noopener noreferrer nofollow\">M\u00e1s informaci\u00f3n<\/a><\/div>\n<div class=\"a_tp_si\">Si est\u00e1 interesado en licenciar este contenido, pinche <a class=\"a_tp_si_l\" href=\"https:\/\/profesional.elpais.com\/soluciones-sindicacion\/?utm_medium=interno&amp;utm_source=crosslinking&amp;utm_campaign=sindicacion_ep_pie_articulos\" target=\"_blank\" rel=\"noopener noreferrer nofollow\">aqu\u00ed<\/a><\/div>\n<\/aside>\n<div class=\"a_o _pr\" data-dtm-region=\"articulo_right-rail\">\n<div id=\"elpais_gpt-MPU1\" data-adtype=\"MPU\" class=\"ad ad-mpu\"><span class=\"_dn\">_<\/span><\/div>\n<section class=\"w w-sc b_col\" data-dtm-region=\"articulo_ultimas-noticias\">\n<header class=\"w_h b_col_h\">\n<h3 class=\"w_t\"><a href=\"https:\/\/elpais.com\/ultimas-noticias\/\" rel=\"story-card-ultimas-noticias\">\u00daltimas noticias<\/a><\/h3>\n<\/header>\n<div class=\"w_b\">\n<article class=\"c  c--m-n   \" data-word=\"0\">\n<header class=\"c_h\"><time datetime=\"2026-01-28T10:55:13+01:00\" class=\"c_da\">10:55<\/time><\/p>\n<h2 class=\"c_t \"><a href=\"https:\/\/elpais.com\/espana\/madrid\/2026-01-28\/la-dgt-activa-el-nivel-negro-en-la-a-6-de-madrid-y-el-rojo-la-n-6.html\">La DGT activa el nivel negro en la A-6 de Madrid y el rojo en la N-6, en Segovia<\/a><\/h2>\n<\/header>\n<\/article>\n<article class=\"c  c--m-n   \" data-word=\"0\">\n<header class=\"c_h\"><time datetime=\"2026-01-28T10:51:36+01:00\" class=\"c_da\">10:51<\/time><\/p>\n<h2 class=\"c_t \"><a href=\"https:\/\/elpais.com\/cultura\/2026-01-28\/muere-sal-buscema-emblematico-historietista-de-marvel-a-los-89-anos.html\">Muere Sal Buscema, emblem\u00e1tico historietista de Marvel, a los 89 a\u00f1os<\/a><\/h2>\n<\/header>\n<\/article>\n<article class=\"c  c--m-n   \" data-word=\"0\">\n<header class=\"c_h\"><time datetime=\"2026-01-28T10:49:21+01:00\" class=\"c_da\">10:49<\/time><\/p>\n<h2 class=\"c_t \"><a href=\"https:\/\/elpais.com\/el-tiempo\/2026-01-28\/el-paso-de-la-borrasca-kristin-en-imagenes.html\">El paso de la borrasca \u2018Kristin\u2019, en im\u00e1genes<\/a><\/h2>\n<\/header>\n<\/article>\n<article class=\"c  c--m-n   \" data-word=\"0\">\n<header class=\"c_h\"><time datetime=\"2026-01-28T10:43:29+01:00\" class=\"c_da\">10:43<\/time><\/p>\n<h2 class=\"c_t \"><a href=\"https:\/\/elpais.com\/internacional\/2026-01-28\/drones-rusos-alcanzan-un-tren-de-pasajeros-en-el-noreste-de-ucrania-y-causan-cinco-muertos.html\">Drones rusos alcanzan un tren de pasajeros en el noreste de Ucrania y causan cinco muertos<\/a><\/h2>\n<\/header>\n<\/article>\n<\/div>\n<\/section>\n<aside class=\"w w-lmv\" data-dtm-region=\"articulo_lom\">\n<h2 class=\"w_t\"><a href=\"https:\/\/elpais.com\/lo-mas-visto\/\">Lo m\u00e1s visto<\/a><\/h2>\n<div class=\"w_b\">\n<ol class=\"_ls\">\n<li><a href=\"https:\/\/elpais.com\/mamas-papas\/familia\/2026-01-27\/la-historia-de-claudia-el-amor-como-el-salvavidas-de-una-nina-abandonada.html#?rel=lom\">La historia de Claudia: el amor como el salvavidas de una ni\u00f1a abandonada <\/a><\/li>\n<li><a href=\"https:\/\/elpais.com\/economia\/2026-01-27\/tres-escenarios-para-la-subida-de-las-pensiones-ante-la-votacion-clave-del-congreso.html#?rel=lom\">Y si el decreto cae, \u00bfqu\u00e9 pasar\u00e1 con las pensiones? Tres escenarios ante la votaci\u00f3n clave del Congreso<\/a><\/li>\n<li><a href=\"https:\/\/elpais.com\/internacional\/2026-01-26\/mark-rutte-asegura-que-europa-no-tiene-capacidad-para-defenderse-sola-sigan-sonando.html#?rel=lom\">Mark Rutte asegura que Europa no tiene capacidad para defenderse sola: \u201cSigan so\u00f1ando\u201d<\/a><\/li>\n<li><a href=\"https:\/\/elpais.com\/espana\/catalunya\/2026-01-27\/jose-antonio-santano-en-renfe-ha-habido-descoordinacion-y-en-adif-falta-de-mantenimiento-del-entorno-ferroviario.html#?rel=lom\">Jos\u00e9 Antonio Santano: \u201cEn Renfe ha habido descoordinaci\u00f3n y en Adif falta de mantenimiento del entorno ferroviario\u201d<\/a><\/li>\n<li><a href=\"https:\/\/elpais.com\/sociedad\/2026-01-27\/julio-iglesias-acusa-a-sus-extrabajadoras-de-denuncia-falsa-y-estudia-medidas.html#?rel=lom\">Julio Iglesias acusa a sus extrabajadoras de \u201cdenuncia falsa\u201d y estudia medidas <\/a><\/li>\n<\/ol>\n<\/div>\n<\/aside>\n<\/div>\n<\/article>\n<article class=\"c  c--m-n   \" data-word=\"0\">\n<header class=\"c_h\"><time datetime=\"2026-01-28T10:55:13+01:00\" class=\"c_da\">10:55<\/time><\/p>\n<h2 class=\"c_t \"><a href=\"https:\/\/elpais.com\/espana\/madrid\/2026-01-28\/la-dgt-activa-el-nivel-negro-en-la-a-6-de-madrid-y-el-rojo-la-n-6.html\">La DGT activa el nivel negro en la A-6 de Madrid y el rojo en la N-6, en Segovia<\/a><\/h2>\n<\/header>\n<\/article>\n<article class=\"c  c--m-n   \" data-word=\"0\">\n<header class=\"c_h\"><time datetime=\"2026-01-28T10:51:36+01:00\" class=\"c_da\">10:51<\/time><\/p>\n<h2 class=\"c_t \"><a href=\"https:\/\/elpais.com\/cultura\/2026-01-28\/muere-sal-buscema-emblematico-historietista-de-marvel-a-los-89-anos.html\">Muere Sal Buscema, emblem\u00e1tico historietista de Marvel, a los 89 a\u00f1os<\/a><\/h2>\n<\/header>\n<\/article>\n<article class=\"c  c--m-n   \" data-word=\"0\">\n<header class=\"c_h\"><time datetime=\"2026-01-28T10:49:21+01:00\" class=\"c_da\">10:49<\/time><\/p>\n<h2 class=\"c_t \"><a href=\"https:\/\/elpais.com\/el-tiempo\/2026-01-28\/el-paso-de-la-borrasca-kristin-en-imagenes.html\">El paso de la borrasca \u2018Kristin\u2019, en im\u00e1genes<\/a><\/h2>\n<\/header>\n<\/article>\n<article class=\"c  c--m-n   \" data-word=\"0\">\n<header class=\"c_h\"><time datetime=\"2026-01-28T10:43:29+01:00\" class=\"c_da\">10:43<\/time><\/p>\n<h2 class=\"c_t \"><a href=\"https:\/\/elpais.com\/internacional\/2026-01-28\/drones-rusos-alcanzan-un-tren-de-pasajeros-en-el-noreste-de-ucrania-y-causan-cinco-muertos.html\">Drones rusos alcanzan un tren de pasajeros en el noreste de Ucrania y causan cinco muertos<\/a><\/h2>\n<\/header>\n<\/article>\n<p> Source URL: https:\/\/elpais.com\/economia\/2026-01-28\/cipollone-necesitamos-un-sistema-de-pagos-europeo-que-este-totalmente-bajo-nuestro-control.html<\/p>\n","protected":false},"excerpt":{"rendered":"<p>Finanzas Cipollone: \u201cNecesitamos un sistema de pagos europeo que est\u00e9 totalmente bajo nuestro control\u201d El miembro del comit\u00e9 ejecutivo del BCE defiende el euro digital porque el dinero en met\u00e1lico \u201cno cubre todas las necesidades\u201d actuales y se\u00f1ala que el supervisor lleva \u201cmuchos a\u00f1os\u201d pidiendo una soluci\u00f3n al sector privado El miembro del Comit\u00e9 Ejecutivo [&hellip;]<\/p>\n","protected":false},"author":1,"featured_media":1479507,"comment_status":"open","ping_status":"","sticky":false,"template":"","format":"standard","meta":{"footnotes":""},"categories":[88],"tags":[92],"class_list":["post-1479506","post","type-post","status-publish","format-standard","has-post-thumbnail","hentry","category-spain","tag-elpais-com"],"_links":{"self":[{"href":"https:\/\/analyse.optim.biz\/index.php?rest_route=\/wp\/v2\/posts\/1479506","targetHints":{"allow":["GET"]}}],"collection":[{"href":"https:\/\/analyse.optim.biz\/index.php?rest_route=\/wp\/v2\/posts"}],"about":[{"href":"https:\/\/analyse.optim.biz\/index.php?rest_route=\/wp\/v2\/types\/post"}],"author":[{"embeddable":true,"href":"https:\/\/analyse.optim.biz\/index.php?rest_route=\/wp\/v2\/users\/1"}],"replies":[{"embeddable":true,"href":"https:\/\/analyse.optim.biz\/index.php?rest_route=%2Fwp%2Fv2%2Fcomments&post=1479506"}],"version-history":[{"count":0,"href":"https:\/\/analyse.optim.biz\/index.php?rest_route=\/wp\/v2\/posts\/1479506\/revisions"}],"wp:featuredmedia":[{"embeddable":true,"href":"https:\/\/analyse.optim.biz\/index.php?rest_route=\/wp\/v2\/media\/1479507"}],"wp:attachment":[{"href":"https:\/\/analyse.optim.biz\/index.php?rest_route=%2Fwp%2Fv2%2Fmedia&parent=1479506"}],"wp:term":[{"taxonomy":"category","embeddable":true,"href":"https:\/\/analyse.optim.biz\/index.php?rest_route=%2Fwp%2Fv2%2Fcategories&post=1479506"},{"taxonomy":"post_tag","embeddable":true,"href":"https:\/\/analyse.optim.biz\/index.php?rest_route=%2Fwp%2Fv2%2Ftags&post=1479506"}],"curies":[{"name":"wp","href":"https:\/\/api.w.org\/{rel}","templated":true}]}}