{"id":1474540,"date":"2016-01-19T08:46:05","date_gmt":"2016-01-19T05:46:05","guid":{"rendered":"https:\/\/analyse.optim.biz\/?p=1474540"},"modified":"2016-01-19T08:46:05","modified_gmt":"2016-01-19T05:46:05","slug":"unisalento-la-protesta-dei-prof-sugli-scatti-stipendiali-pronti-a-fermare-le-lezioni","status":"publish","type":"post","link":"https:\/\/analyse.optim.biz\/?p=1474540","title":{"rendered":"Unisalento, la protesta dei prof sugli scatti stipendiali: \u00abPronti a fermare le lezioni\u00bb"},"content":{"rendered":"<article class=\"free-content\" id=\"content\">\n<header>\n<h1 class=\"titolo\">Unisalento, la protesta dei prof sugli scatti stipendiali: \u00abPronti a fermare le lezioni\u00bb<\/h1>\n<\/header>\n<div class=\"row\">\n<section id=\"main-content\" class=\"col-xs-8\">\n<figure class=\"main-photo\"><img decoding=\"async\" src=\"https:\/\/analyse.optim.biz\/wp-content\/uploads\/2026\/01\/1491309_20160118_appunti07.jpg\" width height alt=\"Unisalento, la protesta dei prof sugli scatti stipendiali: \u00abPronti a fermare le lezioni\u00bb\" title=\"Unisalento, la protesta dei prof sugli scatti stipendiali: \u00abPronti a fermare le lezioni\u00bb\"><\/figure>\n<div class=\"info-container-top\">\n<div class=\"row middle-xs\">\n<div class=\"col-xs end-xs\"><span class=\"tempo\">3 Minuti di Lettura<\/span><\/div>\n<\/div>\n<\/div>\n<div class=\"info-container-bottom\">\n<div class=\"row middle-xs\">\n<div class=\"col-xs-8\">\n              marted\u00ec 19 gennaio 2016, 09:46                            <span class=\"last_agg\"> &#8211; Ultimo aggiornamento:<br \/>\n                  <b>28 gennaio, 15:17<\/b><\/span><\/div>\n<div class=\"col-xs\">\n<div class=\"share_bar_wrapper\">\n<div class=\"share-item share-box\">\n<ul>\n<li class=\"copy\">\n<li class=\"facebook\">\n<li class=\"twitter\">\n<li class=\"mail\">\n<li class=\"whatsapp\"><\/ul>\n<\/div>\n<\/div>\n<\/div>\n<\/div>\n<\/div>\n<div class=\"body-text\"> \u00abStop Vqr\u00bb. Per ora bloccano sono la Vqr, ovvero la \u201cValutazione della qualit\u00e0 della ricerca\u201d, ma presto le azioni di protesta potrebbero estendersi fino allo stop di lezioni e sessioni di laurea. Sono pi\u00f9 di 20.000 i docenti universitari di 82 Atenei italiani \u201cin rivolta\u201d contro il blocco delle classi di concorso e degli scatti stipendiali. Tra questi anche i professori dell\u2019Universit\u00e0 del Salento, pronti ad azioni pi\u00f9 decise qualora dal Governo non dovessero arrivare le risposte attese da tempo. <\/p>\n<p>Ieri l\u2019assemblea dei docenti del Dipartimento di Storia, Societ\u00e0 e Studi sull\u2019Uomo ha stilato il primo documento pubblico sulla protesta, ma anche gli altri Dipartimenti di Unisalento si stanno muovendo nella stessa direzione. La questione all\u2019ordine del giorno \u00e8 pi\u00f9 che spinosa e riguarda il blocco degli scatti stipendiali e quello delle classi di concorso: \u00ab\u00c8 una questione di dignit\u00e0\u00bb sottolineano i docenti di Unisalento, stanchi di chinare sempre la testa, soprattutto dopo che gli ultimi governi hanno considerato l\u2019universit\u00e0 pubblica un salvadanaio, a cui sottrarre continuamente risorse senza mai aggiungerne di nuove, a non troppo velato vantaggio degli Atenei privati. <\/p>\n<p>\u00abNoi docenti e ricercatori del Dipartimento di Storia, Societ\u00e0 e Studi sull\u2019Uomo siamo completamente insoddisfatti del trattamento riservatoci dal Governo italiano. Come altre categorie di lavoratori pubblici abbiamo subito un blocco degli scatti stipendiali dal 2011 al 2015, ma a differenza degli altri non \u00e8 prevista nel cosiddetto \u201cProvvedimento Mille proroghe\u201d nessuna forma di rimborso e di adeguamento stipendiale &#8211; incalzano i professori -. Nella maggior parte dei casi il danno arriva a superare i 90.000 euro netti complessivi (tra mancati accrediti, trattamento di fine rapporto e pensionistico) e penalizza soprattutto i pi\u00f9 giovani. I mezzi d\u2019informazione che hanno elogiato la pessima Riforma Gelmini insistono da molti anni sui favolosi stipendi dei docenti e dei ricercatori universitari. Ricordiamo che gli stipendi medi dei professori aggregati si aggirano intorno ai 1.800 euro al mese, dei professori associati intorno ai 2.500 euro mensili e dei professori ordinari intorno ai 3.000 euro mensili. Tutti gli stipendi, si noti bene, sono calcolati con un\u2019anzianit\u00e0 di servizio di almeno 10 anni\u00bb. Da qui la protesta, sull\u2019onda di quanto sta accadendo in tutta Italia.<\/p>\n<p>\u00abSiamo stanchi della continua disattenzione ai problemi della nostra categoria, cui sono stati negli ultimi anni aggiunti infiniti oneri burocratici, tanto che impieghiamo pi\u00f9 della met\u00e0 del nostro tempo di lavoro in incombenze amministrative, penalizzando cos\u00ec la didattica e la ricerca e quindi la formazione dei nostri stessi ragazzi &#8211; sottolineano i docenti del Dipartimento di Storia, Societ\u00e0 e Studi sull\u2019Uomo -. Vogliamo che gli studenti e le loro famiglie siano consapevoli dei motivi per cui lottiamo: si tratta di una battaglia di dignit\u00e0. Le universit\u00e0 italiane sono state letteralmente spolpate di risorse. La ricerca di base, fondamentale per la scienza nel nostro paese, \u00e8 stata totalmente azzerata. Negli ultimi anni la linea politica seguita dai diversi governi \u00e8 stata quella di colpire in primo luogo le universit\u00e0 meridionali, con l\u2019obiettivo sempre pi\u00f9 evidente di svuotarle della ricerca e di trasformarle in corsi di formazione para-scolastici (le cosiddette teaching university), trasferendo le risorse unicamente alle maggiori universit\u00e0 settentrionali\u00bb. <\/p>\n<p>Il movimento di protesta non chiede di non essere valutato n\u00e9 aumenti di stipendio, chiede di essere trattato come altre categorie non contrattualizzate di analogo livello. Una battaglia, questa, che non riguarda esclusivamente le tasche dei docenti, ma soprattutto la dignit\u00e0 della categoria. \u00abIl Ministero ci impone una \u201cValutazione della qualit\u00e0 della ricerca\u201d (Vqr) per distribuire quote crescenti di budget universitario a seconda del presunto valore delle pubblicazioni dei singoli Dipartimenti delle singole Universit\u00e0 &#8211; concludono i docenti -. Per ora bloccheremo la Vqr che ci riguarda: ciascuno di noi ha scritto ben pi\u00f9 delle due pubblicazioni che vengono richieste per l\u2019ultimo quinquennio e presto saranno tutte visibili nel sito del nostro Dipartimento. Per rispetto nei confronti degli studenti e delle loro famiglie che continuano a investire con sacrificio nel sapere universitario, non abbiamo per ora intenzione di arrivare al blocco totale della didattica e delle sedute di laurea. Per ora\u00bb.<br \/>M.C.M.<\/div>\n<div class=\"wrap-box-end\">\n<div class=\"item-options\">\n<div class=\"share_bar_wrapper\">\n<div class=\"share-item share-box\">\n<ul>\n<li class=\"copy\">\n<li class=\"facebook\">\n<li class=\"twitter\">\n<li class=\"mail\">\n<li class=\"whatsapp\"><\/ul>\n<\/div>\n<\/div>\n<\/div>\n<\/div>\n<aside class=\"area\">&#8216;;<br \/>\n        outbrainEl.insertAdjacentHTML(&#8220;afterBegin&#8221;, AdCodeOutbrain);<\/p>\n<p>        loadScript(&#8216;\/\/widgets.outbrain.com\/outbrain.js&#8217;, function(){<br \/>\n            \/\/ cerco il widget. Necessario se c&#8217;\u00e8 un&#8217;altro widget di Outbrain in pagina (es: inread)<br \/>\n            OBR.extern.researchWidget();<br \/>\n        });<br \/>\n    }<\/p>\n<p>    function AnnunciOutbrain(callback) {<br \/>\n        var outbrainDiv = document.getElementById(&#8216;outbrainWait&#8217;);<br \/>\n        \/\/ Verifica se l&#8217;elemento esiste<br \/>\n        if (outbrainDiv) {<br \/>\n            \/\/ Modifica l&#8217;id dell&#8217;elemento div<br \/>\n            outbrainDiv.id = &#8216;outbrain&#8217;;<br \/>\n        }<\/p>\n<p>                    var load_method = impostazioni_testata.outbrain.load_method || &#8216;first-interaction&#8217;;<\/p>\n<p>        var outbrainEl = document.getElementById(&#8216;outbrain&#8217;);<\/p>\n<p>        CED.log(&#8220;outbrain load_method:&#8221; + load_method);<\/p>\n<p>        if (load_method == &#8216;when-near-viewport&#8217;) {<\/p>\n<p>            \/\/ outbrain parte solo quando scrollando arriva abbastanza vicino alla viewport<br \/>\n            if (typeof callback === &#8220;function&#8221;) {<\/p>\n<p>                \/\/ Listen for the scroll event<br \/>\n                \/\/document.addEventListener(&#8216;scroll&#8217;, onScroll(outbrainEl,callback), false);<br \/>\n                CedsWNV.watch(outbrainEl, callback, {<br \/>\n                    checkInterval: 300,<br \/>\n                    offset: 500<br \/>\n                });<\/p>\n<p>                \/*devo chiamare la funzione con argomenti e variabili *\/<br \/>\n            }<\/p>\n<p>        } else {<br \/>\n            \/\/ DEFAULT: outbrain parte alla prima interazione o dopo il timeout inattivit\u00e0<br \/>\n            _waitOnceFor(load_method, callback);<br \/>\n        }<br \/>\n    }<\/p>\n<p>            AnnunciOutbrain(WidgetOutbrainTag);<\/p>\n<div id=\"correlati-verticali\">\n<div class=\"testatabox default\">\n<h3>POTREBBE INTERESSARTI ANCHE<\/h3>\n<\/div>\n<div class=\"strip-2-bottom listing\">\n<div class=\"row\">\n<article class=\"col-xs-6 html_base_bottom   taranto \">\n<div class=\"item_content\">\n<figure class=\"medium\"><a href=\"http:\/\/quotidianodipuglia.it\/taranto\/cittadella_carita_sconforto_rabbia_senza_soldi_fare_la_spesa-9307570.html\" title=\"Cittadella della carit\u00e0, sconforto e rabbia: \u00abSenza soldi per fare la spesa\u00bb\"><img loading=\"lazy\" decoding=\"async\" src=\"https:\/\/analyse.optim.biz\/wp-content\/uploads\/2026\/01\/9307570_19215254_whatsapp_image_2026_01_19_at_11-43-27.jpg\" title=\"Cittadella della carit\u00e0, sconforto e rabbia: \u00abSenza soldi per fare la spesa\u00bb\" width=\"404\" height=\"221\"><\/a><\/figure>\n<p><span class=\"testatina testatina-articolo\"><a href=\"http:\/\/quotidianodipuglia.it\/taranto\/cittadella_carita_sconforto_rabbia_senza_soldi_fare_la_spesa-9307570.html\">LA PROTESTA<\/a><\/span><\/p>\n<div class=\"titolo\"><a href=\"http:\/\/quotidianodipuglia.it\/taranto\/cittadella_carita_sconforto_rabbia_senza_soldi_fare_la_spesa-9307570.html\" class=\"ml_primary_link\">Cittadella della carit\u00e0, sconforto e rabbia: \u00abSenza soldi per fare la spesa\u00bb<\/a><\/div>\n<p><span class=\"firma\"><span>di Alessio PIGNATELLI<\/span><\/span><\/div>\n<\/article>\n<article class=\"col-xs-6 html_base_bottom   bari \">\n<div class=\"item_content\">\n<figure class=\"medium\"><a href=\"http:\/\/quotidianodipuglia.it\/bari\/bari_protesta_studenti_aule_freddo_cosa_e_successo-9293740.html\" title=\"Scuole a pezzi e freddo in aula. Studenti in sit-in all\u2019ex provincia\"><img loading=\"lazy\" decoding=\"async\" src=\"https:\/\/analyse.optim.biz\/wp-content\/uploads\/2026\/01\/9293740_12213828_bari_protesta_studenti_aule_freddo_cosa_e_successo.jpg\" title=\"Scuole a pezzi e freddo in aula. Studenti in sit-in all\u2019ex provincia\" width=\"404\" height=\"221\"><\/a><\/figure>\n<p><span class=\"testatina testatina-articolo\"><a href=\"http:\/\/quotidianodipuglia.it\/bari\/bari_protesta_studenti_aule_freddo_cosa_e_successo-9293740.html\">FORMAZIONE<\/a><\/span><\/p>\n<div class=\"titolo\"><a href=\"http:\/\/quotidianodipuglia.it\/bari\/bari_protesta_studenti_aule_freddo_cosa_e_successo-9293740.html\" class=\"ml_primary_link\">Scuole a pezzi e freddo in aula. Studenti in sit-in all\u2019ex provincia<\/a><\/div>\n<p><span class=\"firma\"><span>di Ilaria LIA<\/span><\/span><\/div>\n<\/article>\n<article class=\"col-xs-6 html_base_bottom   bari \">\n<div class=\"item_content\">\n<figure class=\"medium\"><a href=\"http:\/\/quotidianodipuglia.it\/bari\/brt_bari_cantiere_percorsi_bus_protesta-9284280.html\" title=\"Brt, si allarga il cantiere e cambiano i percorsi dei bus. Parte la protesta: \u00abAttendiamo il piano sosta\u00bb\"><img loading=\"lazy\" decoding=\"async\" src=\"https:\/\/analyse.optim.biz\/wp-content\/uploads\/2026\/01\/9284280_07225413_brt_bari.jpg\" title=\"Brt, si allarga il cantiere e cambiano i percorsi dei bus. Parte la protesta: \u00abAttendiamo il piano sosta\u00bb\" width=\"404\" height=\"221\"><\/a><\/figure>\n<p><span class=\"testatina testatina-articolo\"><a href=\"http:\/\/quotidianodipuglia.it\/bari\/brt_bari_cantiere_percorsi_bus_protesta-9284280.html\">BARI<\/a><\/span><\/p>\n<div class=\"titolo\"><a href=\"http:\/\/quotidianodipuglia.it\/bari\/brt_bari_cantiere_percorsi_bus_protesta-9284280.html\" class=\"ml_primary_link\">Brt, si allarga il cantiere e cambiano i percorsi dei bus. Parte la protesta: \u00abAttendiamo il piano sosta\u00bb<\/a><\/div>\n<p><span class=\"firma\"><span>di Samantha DELL\u2019EDERA<\/span><\/span><\/div>\n<\/article>\n<article class=\"col-xs-6 html_base_bottom   lecce \">\n<div class=\"item_content\">\n<figure class=\"medium\"><a href=\"http:\/\/quotidianodipuglia.it\/lecce\/protesta_lecce_stagione_lirica_artisti_provincia_ridotti_giorni_prova_compensi_cosa_succede-9247219.html\" title=\"Stagione lirica, gli artisti contro la Provincia: \u00abRidotti giorni di prova e compensi\u00bb\"><img loading=\"lazy\" decoding=\"async\" src=\"https:\/\/analyse.optim.biz\/wp-content\/uploads\/2026\/01\/9247219_17144426_protesta_lecce_stagione_lirica_artisti_provincia_ridotti_giorni_prova_compensi_cosa_succede.jpg\" title=\"Stagione lirica, gli artisti contro la Provincia: \u00abRidotti giorni di prova e compensi\u00bb\" width=\"404\" height=\"221\"><\/a><\/figure>\n<p><span class=\"testatina testatina-articolo\"><a href=\"http:\/\/quotidianodipuglia.it\/lecce\/protesta_lecce_stagione_lirica_artisti_provincia_ridotti_giorni_prova_compensi_cosa_succede-9247219.html\">LECCE<\/a><\/span><\/p>\n<div class=\"titolo\"><a href=\"http:\/\/quotidianodipuglia.it\/lecce\/protesta_lecce_stagione_lirica_artisti_provincia_ridotti_giorni_prova_compensi_cosa_succede-9247219.html\" class=\"ml_primary_link\">Stagione lirica, gli artisti contro la Provincia: \u00abRidotti giorni di prova e compensi\u00bb<\/a><\/div>\n<p><span class=\"firma\"><span>di Maurizio TARANTINO<\/span><\/span><\/div>\n<\/article>\n<article class=\"col-xs-6 html_base_bottom   bari \">\n<div class=\"item_content\">\n<figure class=\"medium\"><a href=\"http:\/\/quotidianodipuglia.it\/bari\/bari_borse_studio_universita_studenti_protesta_cosa_sappiamo-9246518.html\" title=\"\u00abBorse di studio in ritardo, 4.400 idonei a secco\u00bb, e gli studenti si incatenano davanti alla sede Adisu\"><img loading=\"lazy\" decoding=\"async\" src=\"https:\/\/analyse.optim.biz\/wp-content\/uploads\/2026\/01\/9246518_15112839_bari_borse_studio_universita_studenti_protesta_cosa_sappiamo.jpg\" title=\"\u00abBorse di studio in ritardo, 4.400 idonei a secco\u00bb, e gli studenti si incatenano davanti alla sede Adisu\" width=\"404\" height=\"221\"><\/a><\/figure>\n<p><span class=\"testatina testatina-articolo\"><a href=\"http:\/\/quotidianodipuglia.it\/bari\/bari_borse_studio_universita_studenti_protesta_cosa_sappiamo-9246518.html\">BARI<\/a><\/span><\/p>\n<div class=\"titolo\"><a href=\"http:\/\/quotidianodipuglia.it\/bari\/bari_borse_studio_universita_studenti_protesta_cosa_sappiamo-9246518.html\" class=\"ml_primary_link\">\u00abBorse di studio in ritardo, 4.400 idonei a secco\u00bb, e gli studenti si incatenano davanti alla sede Adisu<\/a><\/div>\n<\/div>\n<\/article>\n<article class=\"col-xs-6 html_base_bottom   regione \">\n<div class=\"item_content\">\n<figure class=\"medium\"><a href=\"http:\/\/quotidianodipuglia.it\/regione\/bari_regione_puglia_protesta_caro_affitti-9239472.html\" title=\"\u00abQuesta Puglia non \u00e8 un albergo\u00bb, protesta a Bari contro il caro-affitti\"><img loading=\"lazy\" decoding=\"async\" src=\"https:\/\/analyse.optim.biz\/wp-content\/uploads\/2026\/01\/9239472_11141152_whatsapp_image_2025_12_11_at_13-21-01.jpg\" title=\"\u00abQuesta Puglia non \u00e8 un albergo\u00bb, protesta a Bari contro il caro-affitti\" width=\"404\" height=\"221\"><\/a><\/figure>\n<p><span class=\"testatina testatina-articolo\"><a href=\"http:\/\/quotidianodipuglia.it\/regione\/bari_regione_puglia_protesta_caro_affitti-9239472.html\">REGIONE<\/a><\/span><\/p>\n<div class=\"titolo\"><a href=\"http:\/\/quotidianodipuglia.it\/regione\/bari_regione_puglia_protesta_caro_affitti-9239472.html\" class=\"ml_primary_link\">\u00abQuesta Puglia non \u00e8 un albergo\u00bb, protesta a Bari contro il caro-affitti<\/a><\/div>\n<\/div>\n<\/article>\n<article class=\"col-xs-6 html_base_bottom   lecce \">\n<div class=\"item_content\">\n<figure class=\"medium\"><a href=\"http:\/\/quotidianodipuglia.it\/lecce\/lecce_strisce_blu_protesta_salesiani_consiglio_comunale_cosa_e_successo-9230782.html\" title=\"No alle strisce blu: \u00abPronti ad andare in Consiglio per farci sentire\u00bb\"><img loading=\"lazy\" decoding=\"async\" src=\"https:\/\/analyse.optim.biz\/wp-content\/uploads\/2026\/01\/9230782_06225958_onecms_1nnvl6vyk7kr44go05w_129t705arr4.jpg\" title=\"No alle strisce blu: \u00abPronti ad andare in Consiglio per farci sentire\u00bb\" width=\"404\" height=\"221\"><\/a><\/figure>\n<p><span class=\"testatina testatina-articolo\"><a href=\"http:\/\/quotidianodipuglia.it\/lecce\/lecce_strisce_blu_protesta_salesiani_consiglio_comunale_cosa_e_successo-9230782.html\">LECCE<\/a><\/span><\/p>\n<div class=\"titolo\"><a href=\"http:\/\/quotidianodipuglia.it\/lecce\/lecce_strisce_blu_protesta_salesiani_consiglio_comunale_cosa_e_successo-9230782.html\" class=\"ml_primary_link\">No alle strisce blu: \u00abPronti ad andare in Consiglio per farci sentire\u00bb<\/a><\/div>\n<p><span class=\"firma\"><span>di Matteo BOTTAZZO<\/span><\/span><\/div>\n<\/article>\n<article class=\"col-xs-6 html_base_bottom   lecce \">\n<div class=\"item_content\">\n<figure class=\"medium\"><a href=\"http:\/\/quotidianodipuglia.it\/lecce\/lecce_aumento_costo_parcheggi_protesta_opposizione_commercianti-9230072.html\" title=\"Aumento delle strisce blu, opposizione in strada: \u00abLecce non \u00e8 un bancomat\u00bb\"><img loading=\"lazy\" decoding=\"async\" src=\"https:\/\/analyse.optim.biz\/wp-content\/uploads\/2026\/01\/9230072_06081620_screenshot_2025_12_06_alle_08-16-08-2.jpg\" title=\"Aumento delle strisce blu, opposizione in strada: \u00abLecce non \u00e8 un bancomat\u00bb\" width=\"404\" height=\"221\"><\/a><\/figure>\n<p><span class=\"testatina testatina-articolo\"><a href=\"http:\/\/quotidianodipuglia.it\/lecce\/lecce_aumento_costo_parcheggi_protesta_opposizione_commercianti-9230072.html\">LECCE<\/a><\/span><\/p>\n<div class=\"titolo\"><a href=\"http:\/\/quotidianodipuglia.it\/lecce\/lecce_aumento_costo_parcheggi_protesta_opposizione_commercianti-9230072.html\" class=\"ml_primary_link\">Aumento delle strisce blu, opposizione in strada: \u00abLecce non \u00e8 un bancomat\u00bb<\/a><\/div>\n<\/div>\n<\/article>\n<article class=\"col-xs-6 html_base_bottom   lecce \">\n<div class=\"item_content\">\n<figure class=\"medium\"><a href=\"http:\/\/quotidianodipuglia.it\/lecce\/parcheggi_pagamento_vetrine_lecce_strisce_blu_rivolta_commercianti_cosa_sappiamo-9226176.html\" title=\"La rivolta delle vetrine, commercianti sulle barricate: \u00abStop alle strisce blu\u00bb Video\"><img loading=\"lazy\" decoding=\"async\" src=\"https:\/\/analyse.optim.biz\/wp-content\/uploads\/2026\/01\/9226176_04094850_caffe_e_benz_2025_12_04t094840-566.jpg\" title=\"La rivolta delle vetrine, commercianti sulle barricate: \u00abStop alle strisce blu\u00bb Video\" width=\"404\" height=\"221\"><\/a><\/p>\n<ul class=\"info-item\">\n<li class=\"has-foto ri-camera-line\"><\/ul>\n<\/figure>\n<p><span class=\"testatina testatina-articolo\"><a href=\"http:\/\/quotidianodipuglia.it\/lecce\/parcheggi_pagamento_vetrine_lecce_strisce_blu_rivolta_commercianti_cosa_sappiamo-9226176.html\">LECCE<\/a><\/span><\/p>\n<div class=\"titolo\"><a href=\"http:\/\/quotidianodipuglia.it\/lecce\/parcheggi_pagamento_vetrine_lecce_strisce_blu_rivolta_commercianti_cosa_sappiamo-9226176.html\" class=\"ml_primary_link\">La rivolta delle vetrine, commercianti sulle barricate: \u00abStop alle strisce blu\u00bb Video<\/a><\/div>\n<p><span class=\"firma\"><span>di \u200bMatteo BOTTAZZO<\/span><\/span><\/div>\n<\/article>\n<article class=\"col-xs-6 html_base_bottom   taranto \">\n<div class=\"item_content\">\n<figure class=\"medium\"><a href=\"http:\/\/quotidianodipuglia.it\/taranto\/ex_ilva_blocco_stradale_dei_lavoratori_sulla_statale_100-9222327.html\" title=\"Ex Ilva, blocco stradale dei lavoratori sulla statale 100\"><img loading=\"lazy\" decoding=\"async\" src=\"https:\/\/analyse.optim.biz\/wp-content\/uploads\/2026\/01\/9222327_02181303_whatsapp_image_2025_12_02_at_18-12-41-2.jpg\" title=\"Ex Ilva, blocco stradale dei lavoratori sulla statale 100\" width=\"404\" height=\"221\"><\/a><\/figure>\n<p><span class=\"testatina testatina-articolo\"><a href=\"http:\/\/quotidianodipuglia.it\/taranto\/ex_ilva_blocco_stradale_dei_lavoratori_sulla_statale_100-9222327.html\">TARANTO<\/a><\/span><\/p>\n<div class=\"titolo\"><a href=\"http:\/\/quotidianodipuglia.it\/taranto\/ex_ilva_blocco_stradale_dei_lavoratori_sulla_statale_100-9222327.html\" class=\"ml_primary_link\">Ex Ilva, blocco stradale dei lavoratori sulla statale 100<\/a><\/div>\n<\/div>\n<\/article>\n<\/div>\n<\/div>\n<\/div>\n<\/aside>\n<\/section>\n<\/div>\n<aside id=\"right-rail\" class=\"col-xs-4\">\n<div id=\"right-content\">\n<div class=\"area right\">\n<div class=\"area right_articolo\" data-id=\"445\" data-nome=\"Right Articolo (generico) 2022\">\n<div class=\"strip-1-x-video box-tv\" data-strip-id=\"31674\">\n<div class=\"strip-1-video_player\">\n<div class=\"row\">\n<article class=\"col-xs-12 html_base_bottom  video sport \">\n<div class=\"item_content video\">\n<div class=\"embed_video\">\n<div class=\"jw_embed\" data-mediaid=\"vHgoHtF1\" data-disable_video_float_on_non_adv_content=\"cedjs-dynamic\" data-autostart=\"true\" data-related='{\"oncomplete\":\"show\"}' data-mute=\"true\" data-adv_always_floating=\"false\"><img loading=\"lazy\" decoding=\"async\" src=\"https:\/\/analyse.optim.biz\/wp-content\/uploads\/2026\/01\/video-190.svg\" width=\"340\" height=\"180\" alt=\"Video\" title=\"video-190\"><\/div>\n<\/div>\n<div class=\"titolo\"><a href=\"http:\/\/quotidianodipuglia.it\/video\/sport\/cce_lsb_lecce_pall_a9_nardo_68_67-9278426.html\" class=\"ml_primary_link\">Cce Lsb Lecce-Pall. A9 Nard\u00f2 68-67<\/a><\/div>\n<\/div>\n<\/article>\n<\/div>\n<\/div>\n<div class=\"strip-1-square listing\">\n<div class=\"row\">\n<article class=\"col-xs-12 html_base_square  video \">\n<div class=\"item_content\">\n<div class=\"row\">\n<div class=\"col-xs valign__content\">\n<div class=\"square___content\">\n<figure class=\"thumbnail\"><a href=\"http:\/\/quotidianodipuglia.it\/video\/guyana_calabria_campania_prime_in_ue_per_rischio_poverta-9135288.html\" title=\"Guyana, Calabria, Campania prime in Ue per rischio povert\u00e0\"><img loading=\"lazy\" decoding=\"async\" src=\"https:\/\/analyse.optim.biz\/wp-content\/uploads\/2026\/01\/9135288_poster-58.jpg\" title=\"Guyana, Calabria, Campania prime in Ue per rischio povert\u00e0\" width=\"64\" height=\"64\"><\/a><\/figure>\n<\/div>\n<div class=\"valign\">\n<div class=\"titolo\"><a href=\"http:\/\/quotidianodipuglia.it\/video\/guyana_calabria_campania_prime_in_ue_per_rischio_poverta-9135288.html\" class=\"ml_primary_link\">Guyana, Calabria, Campania prime in Ue per rischio povert\u00e0<\/a><\/div>\n<\/div>\n<\/div>\n<\/div>\n<\/div>\n<\/article>\n<article class=\"col-xs-12 html_base_square  video \">\n<div class=\"item_content\">\n<div class=\"row\">\n<div class=\"col-xs valign__content\">\n<div class=\"square___content\">\n<figure class=\"thumbnail\"><a href=\"http:\/\/quotidianodipuglia.it\/video\/storie_italiane_il_racconto_di_mario_ermito-9105224.html\" title=\"Storie Italiane, il racconto di Mario Ermito\"><img loading=\"lazy\" decoding=\"async\" src=\"https:\/\/analyse.optim.biz\/wp-content\/uploads\/2026\/01\/9105224_poster-58.jpg\" title=\"Storie Italiane, il racconto di Mario Ermito\" width=\"64\" height=\"64\"><\/a><\/figure>\n<\/div>\n<div class=\"valign\">\n<div class=\"titolo\"><a href=\"http:\/\/quotidianodipuglia.it\/video\/storie_italiane_il_racconto_di_mario_ermito-9105224.html\" class=\"ml_primary_link\">Storie Italiane, il racconto di Mario Ermito<\/a><\/div>\n<\/div>\n<\/div>\n<\/div>\n<\/div>\n<\/article>\n<article class=\"col-xs-12 html_base_square  video \">\n<div class=\"item_content\">\n<div class=\"row\">\n<div class=\"col-xs valign__content\">\n<div class=\"square___content\">\n<figure class=\"thumbnail\"><a href=\"http:\/\/quotidianodipuglia.it\/video\/lecce_protocollo_scuola_istituzioni_prefettura-9089424.html\" title=\"\u00abL'autismo non \u00e8 solo una diagnosi, \u00e8 un modo diverso di percepire il mondo\u00bb, il commovente messaggio di Emma\"><img loading=\"lazy\" decoding=\"async\" src=\"https:\/\/analyse.optim.biz\/wp-content\/uploads\/2026\/01\/9089424_25191819_myfilename-58.jpg\" title=\"\u00abL'autismo non \u00e8 solo una diagnosi, \u00e8 un modo diverso di percepire il mondo\u00bb, il commovente messaggio di Emma\" width=\"64\" height=\"64\"><\/a><\/figure>\n<\/div>\n<div class=\"valign\">\n<div class=\"titolo\"><a href=\"http:\/\/quotidianodipuglia.it\/video\/lecce_protocollo_scuola_istituzioni_prefettura-9089424.html\" class=\"ml_primary_link\">\u00abL&#8217;autismo non \u00e8 solo una diagnosi, \u00e8 un modo diverso di percepire il mondo\u00bb, il commovente messaggio di Emma<\/a><\/div>\n<\/div>\n<\/div>\n<\/div>\n<\/div>\n<\/article>\n<\/div>\n<\/div>\n<\/div>\n<div class=\"strip-combo \">\n<div class=\"testatabox default sinistra  scuolaeuniversita\">\n<h3 class=\"scuolaeuniversita\">Della stessa sezione<\/h3>\n<\/div>\n<div class=\"strip-1-bottom principale\">\n<div class=\"row\">\n<article class=\"col-xs-12 html_base_bottom   regione \">\n<div class=\"item_content\">\n<figure class=\"medium\"><a href=\"http:\/\/quotidianodipuglia.it\/regione\/nuovo_corso_di_laurea_tra_italia_e_albania_intesa_fra_politecnico_di_bari_e_universita_di_valona-9069420.html\" title=\"Nuovo corso di laurea tra Italia e Albania: intesa fra Politecnico di Bari e Universit\u00e0 di Valona\"><img decoding=\"async\" src=\"https:\/\/analyse.optim.biz\/wp-content\/uploads\/2026\/01\/9069420_15191807_onecms_1j04r9elichsy66kycw_za5bxr56o0.jpg\" title=\"Nuovo corso di laurea tra Italia e Albania: intesa fra Politecnico di Bari e Universit\u00e0 di Valona\" width=\"-16\" height=\"-9\"><\/a><\/figure>\n<p><span class=\"testatina testatina-articolo\"><a href=\"http:\/\/quotidianodipuglia.it\/regione\/nuovo_corso_di_laurea_tra_italia_e_albania_intesa_fra_politecnico_di_bari_e_universita_di_valona-9069420.html\">UNIVERSITA&#8217;<\/a><\/span><\/p>\n<div class=\"titolo\"><a href=\"http:\/\/quotidianodipuglia.it\/regione\/nuovo_corso_di_laurea_tra_italia_e_albania_intesa_fra_politecnico_di_bari_e_universita_di_valona-9069420.html\" class=\"ml_primary_link\">Nuovo corso di laurea tra Italia e Albania: intesa fra Politecnico di Bari e Universit\u00e0 di Valona<\/a><\/div>\n<\/div>\n<\/article>\n<\/div>\n<\/div>\n<div class=\"strip-1-square seconda listing\">\n<div class=\"row\">\n<article class=\"col-xs-12 html_base_square  attualita \">\n<div class=\"item_content\">\n<div class=\"row\">\n<div class=\"col-xs valign__content\">\n<div class=\"square___content\">\n<figure class=\"thumbnail\"><a href=\"http:\/\/quotidianodipuglia.it\/attualita\/franco_anelli_morto_rettore_cattolica_cosa_ha_avuto-8138076.html\" title=\"Franco Anelli si \u00e8 ucciso, il rettore dell'Universit\u00e0 Cattolica aveva 60 anni\"><img loading=\"lazy\" decoding=\"async\" src=\"https:\/\/analyse.optim.biz\/wp-content\/uploads\/2026\/01\/8137930_24130114_anelli_suicidio_milano.jpg\" title=\"Franco Anelli si \u00e8 ucciso, il rettore dell'Universit\u00e0 Cattolica aveva 60 anni\" width=\"64\" height=\"64\"><\/a><\/figure>\n<\/div>\n<div class=\"valign\"><span class=\"testatina testatina-articolo\"><a href=\"http:\/\/quotidianodipuglia.it\/attualita\/franco_anelli_morto_rettore_cattolica_cosa_ha_avuto-8138076.html\">MILANO<\/a><\/span><\/p>\n<div class=\"titolo\"><a href=\"http:\/\/quotidianodipuglia.it\/attualita\/franco_anelli_morto_rettore_cattolica_cosa_ha_avuto-8138076.html\" class=\"ml_primary_link\">Franco Anelli si \u00e8 ucciso, il rettore dell&#8217;Universit\u00e0 Cattolica aveva 60 anni<\/a><a href=\"http:\/\/quotidianodipuglia.it\/schede\/franco_anelli_chi_era_rettore_universita_sacro_cuore_di_milano_morto_61_anni-8137966.html\" class=\"ml_articolo\"><span>\u00abLa sua vita dedicata all&#8217;ateneo\u00bb<\/span><\/a><\/div>\n<\/div>\n<\/div>\n<\/div>\n<\/div>\n<\/article>\n<article class=\"col-xs-12 html_base_square  scuola_e_universita \">\n<div class=\"item_content\">\n<div class=\"row\">\n<div class=\"col-xs valign__content\">\n<div class=\"square___content\">\n<figure class=\"thumbnail\"><a href=\"http:\/\/quotidianodipuglia.it\/scuola_e_universita\/universita_puglia_rete_sviluppo_sostenibile_accordo_cosa_sappiamo-8109137.html\" title=\"Le universit\u00e0 di Puglia fanno rete: i cinque Atenei insieme per lo sviluppo sostenibile\"><img loading=\"lazy\" decoding=\"async\" src=\"https:\/\/analyse.optim.biz\/wp-content\/uploads\/2026\/01\/8109137_10171448_universita_puglia_rete_sviluppo_sostenibile_accordo_cosa_sappiamo.jpg\" title=\"Le universit\u00e0 di Puglia fanno rete: i cinque Atenei insieme per lo sviluppo sostenibile\" width=\"64\" height=\"64\"><\/a><\/figure>\n<\/div>\n<div class=\"valign\"><span class=\"testatina testatina-articolo\"><a href=\"http:\/\/quotidianodipuglia.it\/scuola_e_universita\/universita_puglia_rete_sviluppo_sostenibile_accordo_cosa_sappiamo-8109137.html\">SCUOLA E UNIVERSITA<\/a><\/span><\/p>\n<div class=\"titolo\"><a href=\"http:\/\/quotidianodipuglia.it\/scuola_e_universita\/universita_puglia_rete_sviluppo_sostenibile_accordo_cosa_sappiamo-8109137.html\" class=\"ml_primary_link\">Le universit\u00e0 di Puglia fanno rete: i cinque Atenei insieme per lo sviluppo sostenibile<\/a><\/div>\n<\/div>\n<\/div>\n<\/div>\n<\/div>\n<\/article>\n<article class=\"col-xs-12 html_base_square  schede \">\n<div class=\"item_content\">\n<div class=\"row\">\n<div class=\"col-xs valign__content\">\n<div class=\"square___content\">\n<figure class=\"thumbnail\"><a href=\"http:\/\/quotidianodipuglia.it\/schede\/concorso_docenti_prova_scritta_come_funziona_orale_quando_cosa_sappiamo-7988314.html\" title=\"Concorso docenti, come funziona la prova e il punteggio minimo per l'orale. In Puglia 1.700 posti\"><img loading=\"lazy\" decoding=\"async\" src=\"https:\/\/analyse.optim.biz\/wp-content\/uploads\/2026\/01\/7988314_11180114_2.jpg\" title=\"Concorso docenti, come funziona la prova e il punteggio minimo per l'orale. In Puglia 1.700 posti\" width=\"64\" height=\"64\"><\/a><\/figure>\n<\/div>\n<div class=\"valign\"><span class=\"testatina testatina-articolo\"><a href=\"http:\/\/quotidianodipuglia.it\/schede\/concorso_docenti_prova_scritta_come_funziona_orale_quando_cosa_sappiamo-7988314.html\">LE ASSUNZIONI<\/a><\/span><\/p>\n<div class=\"titolo\"><a href=\"http:\/\/quotidianodipuglia.it\/schede\/concorso_docenti_prova_scritta_come_funziona_orale_quando_cosa_sappiamo-7988314.html\" class=\"ml_primary_link\">Concorso docenti, come funziona la prova e il punteggio minimo per l&#8217;orale.<span> In Puglia 1.700 posti<\/span><\/a><\/div>\n<\/div>\n<\/div>\n<\/div>\n<\/div>\n<\/article>\n<article class=\"col-xs-12 html_base_square  scuola_e_universita \">\n<div class=\"item_content\">\n<div class=\"row\">\n<div class=\"col-xs valign__content\">\n<div class=\"square___content\">\n<figure class=\"thumbnail\"><a href=\"http:\/\/quotidianodipuglia.it\/scuola_e_universita\/prof_abusiva_senza_laurea_e_diploma_da_20_anni_maxi_risarcimento-7818511.html\" title=\"Prof abusiva, da 20 anni insegnava inglese e tedesco senza avere laurea n\u00e9 diploma. \u00abDeve restituire 247mila euro\u00bb\"><img loading=\"lazy\" decoding=\"async\" src=\"https:\/\/analyse.optim.biz\/wp-content\/uploads\/2026\/01\/7818511_15120316_dd.jpg\" title=\"Prof abusiva, da 20 anni insegnava inglese e tedesco senza avere laurea n\u00e9 diploma. \u00abDeve restituire 247mila euro\u00bb\" width=\"64\" height=\"64\"><\/a><\/figure>\n<\/div>\n<div class=\"valign\"><span class=\"testatina testatina-articolo\"><a href=\"http:\/\/quotidianodipuglia.it\/scuola_e_universita\/prof_abusiva_senza_laurea_e_diploma_da_20_anni_maxi_risarcimento-7818511.html\">COMO <\/a><\/span><\/p>\n<div class=\"titolo\"><a href=\"http:\/\/quotidianodipuglia.it\/scuola_e_universita\/prof_abusiva_senza_laurea_e_diploma_da_20_anni_maxi_risarcimento-7818511.html\" class=\"ml_primary_link\">Prof abusiva, da 20 anni insegnava inglese e tedesco senza avere laurea n\u00e9 diploma. \u00abDeve restituire 247mila euro\u00bb<\/a><\/div>\n<\/div>\n<\/div>\n<\/div>\n<\/div>\n<\/article>\n<\/div>\n<\/div>\n<\/div>\n<div class=\"strip-1-square listing strip_moltofood_flexible  quotidianodipuglia\">\n<div class=\"testatabox testatina-box grande moltofood default\">\n<h3><a href=\"https:\/\/www.moltofood.it\" target=\"_blank\" title=\"moltofood.it\"><img loading=\"lazy\" decoding=\"async\" src=\"https:\/\/analyse.optim.biz\/wp-content\/uploads\/2026\/01\/moltofood-164.svg\" width=\"140\" height=\"20\" title=\"moltofood-164\"><\/a><\/h3>\n<\/div>\n<div class=\"row \">\n<article class=\"col-xs-12 html_base_square\">\n<div class=\"item_content\">\n<div class=\"row\">\n<div class=\"square___content\">\n<figure><a href=\"https:\/\/www.moltofood.it\/dahl-di-lenticchie-rosse-ricetta\/?utm_source=quotidianodipuglia&amp;utm_medium=strip_moltofood_flexible&amp;utm_campaign=right_articolo\" target=\"_blank\" title=\"Dahl di lenticchie, la ricetta che ti far\u00e0 amare ancora di pi\u00f9 i legumi\"><img decoding=\"async\" src=\"https:\/\/analyse.optim.biz\/wp-content\/uploads\/2026\/01\/dahldilenticchie_copertina-150x150-1-75.jpeg\" title=\"Dahl di lenticchie, la ricetta che ti far\u00e0 amare ancora di pi\u00f9 i legumi\"><\/a><\/figure>\n<\/div>\n<div class=\"col-xs valign__content\">\n<div class=\"valign\"><span class=\"testatina testatina-articolo\"><a href=\"https:\/\/www.moltofood.it\/dahl-di-lenticchie-rosse-ricetta\/?utm_source=quotidianodipuglia&amp;utm_medium=strip_moltofood_flexible&amp;utm_campaign=right_articolo\"><br \/>\n                                                Piatti unici                                                <\/a><\/span><\/p>\n<h2 class=\"titolo\"><a href=\"https:\/\/www.moltofood.it\/dahl-di-lenticchie-rosse-ricetta\/?utm_source=quotidianodipuglia&amp;utm_medium=strip_moltofood_flexible&amp;utm_campaign=right_articolo\" title=\"Dahl di lenticchie, la ricetta che ti far\u00e0 amare ancora di pi\u00f9 i legumi\" target=\"_blank\">Dahl di lenticchie, la ricetta che ti far\u00e0 amare ancora di pi\u00f9 i legumi<\/a><\/h2>\n<p><span class=\"firma\">di Virginia Fabbri<\/span><\/div>\n<\/div>\n<\/div>\n<\/div>\n<\/article>\n<article class=\"col-xs-12 html_base_square\">\n<div class=\"item_content\">\n<div class=\"row\">\n<div class=\"square___content\">\n<figure><a href=\"https:\/\/www.moltofood.it\/spaghetti-spinaci-e-stracchino-ricetta\/?utm_source=quotidianodipuglia&amp;utm_medium=strip_moltofood_flexible&amp;utm_campaign=right_articolo\" target=\"_blank\" title=\"Spaghetti spinaci e stracchino: la pasta verde brillante che piace anche ai pi\u00f9 piccoli\"><img decoding=\"async\" src=\"https:\/\/analyse.optim.biz\/wp-content\/uploads\/2026\/01\/spaghettispinaciestracchino_cover-150x150-1-193.jpg\" title=\"Spaghetti spinaci e stracchino: la pasta verde brillante che piace anche ai pi\u00f9 piccoli\"><\/a><\/figure>\n<\/div>\n<div class=\"col-xs valign__content\">\n<div class=\"valign\"><span class=\"testatina testatina-articolo\"><a href=\"https:\/\/www.moltofood.it\/spaghetti-spinaci-e-stracchino-ricetta\/?utm_source=quotidianodipuglia&amp;utm_medium=strip_moltofood_flexible&amp;utm_campaign=right_articolo\"><br \/>\n                                                Primi                                                <\/a><\/span><\/p>\n<h2 class=\"titolo\"><a href=\"https:\/\/www.moltofood.it\/spaghetti-spinaci-e-stracchino-ricetta\/?utm_source=quotidianodipuglia&amp;utm_medium=strip_moltofood_flexible&amp;utm_campaign=right_articolo\" title=\"Spaghetti spinaci e stracchino: la pasta verde brillante che piace anche ai pi\u00f9 piccoli\" target=\"_blank\">Spaghetti spinaci e stracchino: la pasta verde brillante che piace anche ai pi\u00f9 piccoli<\/a><\/h2>\n<p><span class=\"firma\">di Francesco Palumbo<\/span><\/div>\n<\/div>\n<\/div>\n<\/div>\n<\/article>\n<\/div>\n<p><a href=\"https:\/\/www.moltofood.it?utm_source=quotidianodipuglia&amp;utm_medium=strip_moltofood_flexible&amp;utm_campaign=right_articolo\" class=\"testatabox show_more\" target=\"_blank\" title=\"moltofood.it\">Vedi tutte le ricette<\/a><\/div>\n<div class=\"strip-1-bottom\">\n<div class=\"testatabox default sinistra rosso partner news\">\n<h3 class=\"partner news\"><a href=\"https:\/\/www.romevaticancard.com\/it\/omniacards\/omnia-card-72\/?ref=banner\">OMNIA CARD<\/a><\/h3>\n<\/div>\n<div class=\"row\">\n<article class=\"col-xs-12 html_base_bottom   partner news \">\n<div class=\"item_content hyperlink\">\n<figure class=\"medium\"><a href=\"https:\/\/www.romevaticancard.com\/it\/omniacards\/omnia-card-72\/?ref=banner\" title=\"Omnia card 72h + Roma Pass: Musei Vaticani e Colosseo inclusi\"><img decoding=\"async\" src=\"https:\/\/analyse.optim.biz\/wp-content\/uploads\/2026\/01\/7772044_27112113_rome-57.jpg\" title=\"Omnia card 72h + Roma Pass: Musei Vaticani e Colosseo inclusi\" width=\"-16\" height=\"-9\"><\/a><\/figure>\n<div class=\"titolo\"><a href=\"https:\/\/www.romevaticancard.com\/it\/omniacards\/omnia-card-72\/?ref=banner\" class=\"ml_primary_link\">Omnia card 72h + Roma Pass: Musei Vaticani e Colosseo inclusi<\/a><\/div>\n<\/div>\n<\/article>\n<\/div>\n<\/div>\n<div class=\"strip-1-no_foto ranking listing\">\n<div class=\"testatabox boxed sinistra  \">\n<h3 class>LE PI\u00d9 LETTE<\/h3>\n<\/div>\n<div class=\"row\">\n<article class=\"col-xs-12 html_base_no_foto  schede \">\n<div class=\"item_content\"><span class=\"testatina testatina-articolo\"><a href=\"http:\/\/quotidianodipuglia.it\/schede\/caldo_arrivo_anticiclone_previsioni_meteo_puglia-9320949.html\">SCHEDE<\/a><\/span><\/p>\n<div class=\"titolo\"><a href=\"http:\/\/quotidianodipuglia.it\/schede\/caldo_arrivo_anticiclone_previsioni_meteo_puglia-9320949.html\" class=\"ml_primary_link\">Meteo Puglia: l&#8217;inverno si ferma ai Giorni della Merla, poi esplode il caldo nordafricano. Le previsioni<\/a><\/div>\n<\/div>\n<\/article>\n<article class=\"col-xs-12 html_base_no_foto  lecce \">\n<div class=\"item_content\"><span class=\"testatina testatina-articolo\"><a href=\"http:\/\/quotidianodipuglia.it\/lecce\/gallipoli_cristo_croce_crocifisso_sabbia_spiaggia_arte_cosa_sappiamo-9321272.html\">LECCE<\/a><\/span><\/p>\n<div class=\"titolo\"><a href=\"http:\/\/quotidianodipuglia.it\/lecce\/gallipoli_cristo_croce_crocifisso_sabbia_spiaggia_arte_cosa_sappiamo-9321272.html\" class=\"ml_primary_link\">Gallipoli, la bellezza dopo la tempesta: il Cristo di legno che sorge dai detriti della mareggiata<\/a><\/div>\n<div class=\"row item_content_moreinfo middle-xs\">\n<div class=\"col-xs-8\"><span class=\"firma\"><span>di Pierangelo TEMPESTA<\/span><\/span><\/div>\n<\/div>\n<\/div>\n<\/article>\n<article class=\"col-xs-12 html_base_no_foto  lecce \">\n<div class=\"item_content\"><span class=\"testatina testatina-articolo\"><a href=\"http:\/\/quotidianodipuglia.it\/lecce\/salento_pasta_ambra_corigliano_pastificio_acquisito_venduto_mine_vaganti_ozpetek-9321381.html\">LECCE<\/a><\/span><\/p>\n<div class=\"titolo\"><a href=\"http:\/\/quotidianodipuglia.it\/lecce\/salento_pasta_ambra_corigliano_pastificio_acquisito_venduto_mine_vaganti_ozpetek-9321381.html\" class=\"ml_primary_link\">Venduto il pastificio di &#8220;Mine Vaganti&#8221;: il set salentino di Ozpetek passa ai campani di Pasta Reggia<\/a><\/div>\n<div class=\"row item_content_moreinfo middle-xs\">\n<div class=\"col-xs-8\"><span class=\"firma\"><span>di \u200bPierpaolo SPADA<\/span><\/span><\/div>\n<\/div>\n<\/div>\n<\/article>\n<article class=\"col-xs-12 html_base_no_foto  lecce \">\n<div class=\"item_content\"><span class=\"testatina testatina-articolo\"><a href=\"http:\/\/quotidianodipuglia.it\/lecce\/squinzano_incidente_ferito_cosa_e_successo-9322912.html\">LECCE<\/a><\/span><\/p>\n<div class=\"titolo\"><a href=\"http:\/\/quotidianodipuglia.it\/lecce\/squinzano_incidente_ferito_cosa_e_successo-9322912.html\" class=\"ml_primary_link\">Squinzano, ancora sangue all&#8217;incrocio maledetto: furgone buca lo stop e travolge una Panda, grave un giovane<\/a><\/div>\n<div class=\"row item_content_moreinfo middle-xs\">\n<div class=\"col-xs-8\"><span class=\"firma\"><span>di Salvatore PAPA<\/span><\/span><\/div>\n<\/div>\n<\/div>\n<\/article>\n<article class=\"col-xs-12 html_base_no_foto  schede \">\n<div class=\"item_content\"><span class=\"testatina testatina-articolo\"><a href=\"http:\/\/quotidianodipuglia.it\/schede\/sanremo_2026_pagelle_primo_ascolto_canzoni_fedez_serena_brancale_sal_da_vinci_erman_meta_elettra_lamborghi-9321329.html\">I BRANI IN GARA<\/a><\/span><\/p>\n<div class=\"titolo\"><a href=\"http:\/\/quotidianodipuglia.it\/schede\/sanremo_2026_pagelle_primo_ascolto_canzoni_fedez_serena_brancale_sal_da_vinci_erman_meta_elettra_lamborghi-9321329.html\" class=\"ml_primary_link\">Le pagelle dopo il primo ascolto: pi\u00f9 nostalgia che picchi<\/a><a href=\"http:\/\/quotidianodipuglia.it\/spettacoli\/sanremo\/ospiti_sanremo_2026_carlo_conti_madonna_nomi_ultime_notizie-9321085.html\" class=\"ml_articolo\"><u>Conti: \u00abOspiti? Siamo ancora in alto mare\u00bb<\/u><\/a><\/div>\n<div class=\"row item_content_moreinfo middle-xs\">\n<div class=\"col-xs-8\"><span class=\"firma\"><span>di Federico Vacalebre<\/span><\/span><\/div>\n<div class=\"col-xs\">\n<ul class=\"info-item\">\n<li class=\"has-video ri-video-line\">\n<li class=\"has-foto ri-camera-line\"><\/ul>\n<\/div>\n<\/div>\n<\/div>\n<\/article>\n<\/div>\n<\/div>\n<div class=\"strip- lgw\">\n<div class=\"header\"><span class=\"title\"><br \/>\n                Cerca il tuo immobile all&#8217;asta<br \/>\n            <\/span><\/div>\n<div class=\"content\"><a href=\"https:\/\/www.legalmente.net\/\" target=\"_blank\" class=\"brand\"><img decoding=\"async\" src=\"https:\/\/analyse.optim.biz\/wp-content\/uploads\/2026\/01\/logo-152.jpg\" title=\"logo-152\"><\/a><\/div>\n<\/div>\n<\/div>\n<\/div>\n<\/div>\n<\/aside>\n<\/article>\n<p> Source URL: http:\/\/quotidianodipuglia.it\/scuola_e_universita\/unisalento_protesta_fermare_le_lezioni-1491309.html<\/p>\n","protected":false},"excerpt":{"rendered":"<p>Unisalento, la protesta dei prof sugli scatti stipendiali: \u00abPronti a fermare le lezioni\u00bb 3 Minuti di Lettura marted\u00ec 19 gennaio 2016, 09:46 &#8211; Ultimo aggiornamento: 28 gennaio, 15:17 \u00abStop Vqr\u00bb. Per ora bloccano sono la Vqr, ovvero la \u201cValutazione della qualit\u00e0 della ricerca\u201d, ma presto le azioni di protesta potrebbero estendersi fino allo stop di [&hellip;]<\/p>\n","protected":false},"author":1,"featured_media":0,"comment_status":"open","ping_status":"","sticky":false,"template":"","format":"standard","meta":{"footnotes":""},"categories":[87],"tags":[155],"class_list":["post-1474540","post","type-post","status-publish","format-standard","hentry","category-italy","tag-quotidianodipuglia-it"],"_links":{"self":[{"href":"https:\/\/analyse.optim.biz\/index.php?rest_route=\/wp\/v2\/posts\/1474540","targetHints":{"allow":["GET"]}}],"collection":[{"href":"https:\/\/analyse.optim.biz\/index.php?rest_route=\/wp\/v2\/posts"}],"about":[{"href":"https:\/\/analyse.optim.biz\/index.php?rest_route=\/wp\/v2\/types\/post"}],"author":[{"embeddable":true,"href":"https:\/\/analyse.optim.biz\/index.php?rest_route=\/wp\/v2\/users\/1"}],"replies":[{"embeddable":true,"href":"https:\/\/analyse.optim.biz\/index.php?rest_route=%2Fwp%2Fv2%2Fcomments&post=1474540"}],"version-history":[{"count":0,"href":"https:\/\/analyse.optim.biz\/index.php?rest_route=\/wp\/v2\/posts\/1474540\/revisions"}],"wp:attachment":[{"href":"https:\/\/analyse.optim.biz\/index.php?rest_route=%2Fwp%2Fv2%2Fmedia&parent=1474540"}],"wp:term":[{"taxonomy":"category","embeddable":true,"href":"https:\/\/analyse.optim.biz\/index.php?rest_route=%2Fwp%2Fv2%2Fcategories&post=1474540"},{"taxonomy":"post_tag","embeddable":true,"href":"https:\/\/analyse.optim.biz\/index.php?rest_route=%2Fwp%2Fv2%2Ftags&post=1474540"}],"curies":[{"name":"wp","href":"https:\/\/api.w.org\/{rel}","templated":true}]}}