{"id":147438,"date":"2017-02-13T12:49:29","date_gmt":"2017-02-13T09:49:29","guid":{"rendered":"https:\/\/analyse.optim.biz\/?p=147438"},"modified":"2017-02-13T12:49:29","modified_gmt":"2017-02-13T09:49:29","slug":"presedintele-iohannis-il-invita-pe-premier-la-o-discutie","status":"publish","type":"post","link":"https:\/\/analyse.optim.biz\/?p=147438","title":{"rendered":"Pre\u0219edintele Iohannis \u00eel invit\u0103 pe premier la o discu\u021bie"},"content":{"rendered":"<div class=\"entry data-app-meta data-app-meta-article\" data-embed-base-url-canonical=\"https:\/\/www.digi24.ro\/embed\/stiri\/actualitate\/politica\/presedintele-iohannis-il-invita-la-o-discutie-pe-premier-669048\">\n<p data-index=\"1\"><strong>Pre\u0219edintele Klaus Iohannis i-a transmis luni premierului Sorin Grindeanu o scrisoare prin care \u00eei solicit\u0103 o \u00eentrevedere cu privire la Legea bugetului de stat pe anul 2017. La discu\u021bie este invitat \u0219i ministrul finan\u021belor, Viorel \u0218tefan.<\/strong><\/p>\n<figure class=\"article-thumb\"><img decoding=\"async\" src=\"https:\/\/analyse.optim.biz\/wp-content\/uploads\/2024\/09\/yz0xjmhhc2g9yjlkzme3mji2zjiymzexowqwzmriytawmjbkzwnizjk-thumb_.jpg\" alt=\"170104__COTROCENI_IOHANNIS_GRINDEANU_00_INQUAM_Octav_Ganea\" data-skip-htmlfix=\"1\" title=\"yz0xjmhhc2g9yjlkzme3mji2zjiymzexowqwzmriytawmjbkzwnizjk-thumb_\"><figcaption> Foto: Inquam Photos \/ Octav Ganea <\/figcaption><\/figure>\n<p data-index=\"2\">\u201eAv\u00e2nd \u00een vedere ca ast\u0103zi (luni \u2013 n.r.) Parlamentul Rom\u00e2niei a transmis spre promulgare Legea bugetului de stat pe anul 2017 \u0219i Legea bugetului asigur\u0103rilor sociale de stat pe anul 2017, consider oportun\u0103 o \u00eentrevedere cu privire la cele dou\u0103 acte normative, la care v\u0103 invit \u00eempreun\u0103 cu ministrul Finan\u021belor Publice, domnul Viorel \u0218tefan, mar\u021bi, 14 februarie, ora 11,00, la Palatul Cotroceni\u201d, se arat\u0103 \u00een scrisoarea postat\u0103 pe <a href=\"http:\/\/www.presidency.ro\/ro\/presedinte\/agenda-presedintelui\/scrisoare-transmisa-de-presedintele-romaniei-domnul-klaus-iohannis-prim-ministrului-romaniei-domnul-sorin-mihai-grindeanu1486981420\" target=\"_blank\" data-skip-linkfix=\"1\" rel=\"noopener\">site-ul Administra\u021biei Preziden\u021biale.\u00a0<\/a><\/p>\n<p data-index=\"3\">\u015eeful statului trebuie s\u0103 decid\u0103 asupra promulg\u0103rii celor dou\u0103 proiecte aprobate de Parlament.<\/p>\n<p data-index=\"4\">Anterior adopt\u0103rii bugetului, pre\u0219edintele Klaus Iohannis \u00ee\u0219i exprimase \u00eengrijorarea \u00een privin\u021ba unei posibile dep\u0103\u0219iri a pragului de deficit impus de Uniunea European\u0103, de 3 la sut\u0103, estim\u00e2nd c\u0103 bugetul a fost construit pe o cre\u0219tere economic\u0103 mult prea optimist\u0103.<\/p>\n<p data-index=\"5\">\u00cen schimb, pre\u0219edintele ceruse s\u0103 fie respectat\u0103 alocarea de 2 la sut\u0103 pentru armat\u0103, a\u0219a cum Rom\u00e2nia \u0219i-a luat angajamentul \u00een fa\u021ba partenerilor din NATO.<\/p>\n<p data-index=\"6\">Plenul reunit al celor dou\u0103 Camere a adoptat, mar\u0163ea trecut\u0103, proiectul de buget pe anul 2017. \u00a0PNL, USR \u015fi PMP au votat \u00eempotriv\u0103. \u00a0Bugetul pe 2017 a fost adoptat \u00een timp record, dup\u0103 doar 13 ore de dezbateri \u00een plen, \u00eemp\u0103r\u0163ite \u00een dou\u0103 zile.<\/p>\n<p data-index=\"7\">Votul a fost dat \u00een prezen\u021ba premierului Sorin Grindeanu.<\/p>\n<p data-index=\"8\">\u00a0<\/p>\n<\/div>\n<p> Source URL: https:\/\/www.digi24.ro\/stiri\/actualitate\/politica\/presedintele-iohannis-il-invita-la-o-discutie-pe-premier-669048<\/p>\n","protected":false},"excerpt":{"rendered":"<p>Pre\u0219edintele Klaus Iohannis i-a transmis luni premierului Sorin Grindeanu o scrisoare prin care \u00eei solicit\u0103 o \u00eentrevedere cu privire la Legea bugetului de stat pe anul 2017. La discu\u021bie este invitat \u0219i ministrul finan\u021belor, Viorel \u0218tefan. Foto: Inquam Photos \/ Octav Ganea \u201eAv\u00e2nd \u00een vedere ca ast\u0103zi (luni \u2013 n.r.) Parlamentul Rom\u00e2niei a transmis spre [&hellip;]<\/p>\n","protected":false},"author":1,"featured_media":147439,"comment_status":"open","ping_status":"","sticky":false,"template":"","format":"standard","meta":{"footnotes":""},"categories":[2],"tags":[11],"class_list":["post-147438","post","type-post","status-publish","format-standard","has-post-thumbnail","hentry","category-politics","tag-digi24"],"_links":{"self":[{"href":"https:\/\/analyse.optim.biz\/index.php?rest_route=\/wp\/v2\/posts\/147438","targetHints":{"allow":["GET"]}}],"collection":[{"href":"https:\/\/analyse.optim.biz\/index.php?rest_route=\/wp\/v2\/posts"}],"about":[{"href":"https:\/\/analyse.optim.biz\/index.php?rest_route=\/wp\/v2\/types\/post"}],"author":[{"embeddable":true,"href":"https:\/\/analyse.optim.biz\/index.php?rest_route=\/wp\/v2\/users\/1"}],"replies":[{"embeddable":true,"href":"https:\/\/analyse.optim.biz\/index.php?rest_route=%2Fwp%2Fv2%2Fcomments&post=147438"}],"version-history":[{"count":0,"href":"https:\/\/analyse.optim.biz\/index.php?rest_route=\/wp\/v2\/posts\/147438\/revisions"}],"wp:featuredmedia":[{"embeddable":true,"href":"https:\/\/analyse.optim.biz\/index.php?rest_route=\/wp\/v2\/media\/147439"}],"wp:attachment":[{"href":"https:\/\/analyse.optim.biz\/index.php?rest_route=%2Fwp%2Fv2%2Fmedia&parent=147438"}],"wp:term":[{"taxonomy":"category","embeddable":true,"href":"https:\/\/analyse.optim.biz\/index.php?rest_route=%2Fwp%2Fv2%2Fcategories&post=147438"},{"taxonomy":"post_tag","embeddable":true,"href":"https:\/\/analyse.optim.biz\/index.php?rest_route=%2Fwp%2Fv2%2Ftags&post=147438"}],"curies":[{"name":"wp","href":"https:\/\/api.w.org\/{rel}","templated":true}]}}