{"id":1474372,"date":"2017-01-19T05:14:31","date_gmt":"2017-01-19T02:14:31","guid":{"rendered":"https:\/\/analyse.optim.biz\/?p=1474372"},"modified":"2017-01-19T05:14:31","modified_gmt":"2017-01-19T02:14:31","slug":"i-fondali-si-esplorano-meglio-con-i-robot","status":"publish","type":"post","link":"https:\/\/analyse.optim.biz\/?p=1474372","title":{"rendered":"I fondali? Si esplorano meglio con i robot"},"content":{"rendered":"<article class=\"free-content\" id=\"content\">\n<header>\n<h1 class=\"titolo\">I fondali? Si esplorano meglio con i robot<\/h1>\n<\/header>\n<div class=\"row\">\n<section id=\"main-content\" class=\"col-xs-8\">\n<figure class=\"main-photo\"><img decoding=\"async\" src=\"https:\/\/analyse.optim.biz\/wp-content\/uploads\/2026\/01\/2203895_robot_mare_3.jpg\" width height alt=\"I fondali? Si esplorano meglio con i robot\" title=\"I fondali? Si esplorano meglio con i robot\"><\/figure>\n<div class=\"info-container-top\">\n<div class=\"row middle-xs\">\n<div class=\"col-xs firma\"><span>di Maria Claudia MINERVA<\/span><\/div>\n<div class=\"col-xs end-xs\"><span class=\"tempo\">3 Minuti di Lettura<\/span><\/div>\n<\/div>\n<\/div>\n<div class=\"info-container-bottom\">\n<div class=\"row middle-xs\">\n<div class=\"col-xs-8\">\n              gioved\u00ec 19 gennaio 2017, 06:14                            <span class=\"last_agg\"> &#8211; Ultimo aggiornamento: <b>17:18                  <\/b><\/span><\/div>\n<div class=\"col-xs\">\n<div class=\"share_bar_wrapper\">\n<div class=\"share-item share-box\">\n<ul>\n<li class=\"copy\">\n<li class=\"facebook\">\n<li class=\"twitter\">\n<li class=\"mail\">\n<li class=\"whatsapp\"><\/ul>\n<\/div>\n<\/div>\n<\/div>\n<\/div>\n<\/div>\n<div class=\"body-text\">\n<p>        Uno dei grossi problemi dell\u2019esplorazione degli ecosistemi marini \u00e8 l\u2019eventualit\u00e0 che le sonde inviate per i sopralluoghi o per prelevare campioni di materiale possano danneggiare le creature che vi abitano. Per provare a risolvere questo problema, gli scienziati hanno sviluppato robot marini che si immergono in profondit\u00e0, senza mai perdere il controllo. Sono tanti, collaborano e lavorano senza sosta per mappare i fondali. Addio, quindi, agli esperti subacquei con muta, bombola e pinne, arrivano i robot degli abissi: un vero e proprio sistema di robot subacquei intelligenti, che sanno come muoversi sott\u2019acqua e comunicano fra di loro migliorando notevolmente l\u2019efficacia delle indagini geotecniche in mare.<br \/>\nQuesto \u00e8 quanto promette il progetto europeo \u201cWiMUST\u201d, www.wimust.eu , che \u00e8 supportato nell\u2019ambito di Horizon2020 e coinvolge Universit\u00e0, Enti di Ricerca e aziende da sei Paesi d\u2019Europa (Portogallo, UK, Francia, Germania, Italia e Olanda). Coordinatore del progetto \u00e8 il professor Giovanni Indiveri, docente di Robotica, Automatica e Sistemi di Controllo presso la Facolt\u00e0 di Ingegneria dell\u2019Universit\u00e0 del Salento.<br \/>\n\u00abIl progetto \u00e8 partito ufficialmente il 1 febbraio del 2015, coinvolgendo illustri colleghi italiani, portoghesi, francesi, tedeschi, inglesi e olandesi &#8211; spiega il professor Indiveri -. Dopo due anni di studi e prove in laboratorio e un primo esperimento in mare che si \u00e8 svolto a fine 2016 a Sines in Portogallo, ci apprestiamo ad entrare nell\u2019ultimo anno del progetto. Le tecniche fino ad ora utilizzate per l\u2019esplorazione geotecnica e geofisica dei fondali, prevedono l\u2019utilizzo di una nave che rimorchia una sorgente acustica, in grado di generare un suono che penetra la colonna d\u2019acqua illuminando il fondale. Il segnale di ritorno \u00e8 acquisito da gruppi di ricevitori (idrofoni) montati lungo cavi (streamers) a loro volta trainati in superficie dalla nave &#8211; aggiunge il coordinatore del progetto -. L\u2019insieme degli streamer formano un\u2019antenna acustica di geometria prestabilita\u00bb.<\/p>\n<div class=\"embed_photogallery\" data-titolo=\"I fondali? Si esplorano meglio con i robot\">\n<div class=\"photogallery_embed\" data-id=\"2203896\">\u00a0<\/div>\n<\/div>\n<p>\nNell\u2019ambito di \u201cWiMUST\u201d si sta progettando un sistema alternativo in cui ogni streamer sar\u00e0 trainato da un robot subacqueo. \u00abI robot potranno essere pi\u00f9 vicini al fondale e ci si aspetta, di conseguenza, una migliore qualit\u00e0 del segnale &#8211; spiega, ancora, Indiveri -. Inoltre si punta a disaccoppiare la sorgente acustica dai ricevitori permettendo di cambiare la forma dell\u2019antenna acustica ottimizzando quindi le caratteristiche dei rilevamenti. Questo comporta, ovviamente, interessanti problemi di ricerca quali, ad esempio, la sincronizzazione temporale tra sorgente e ricevitori e il coordinamento e controllo dei robot in navigazione\u00bb.<br \/>\nLa caratteristica fondamentale di \u201cWiMUST\u201d consiste nell\u2019uso di una squadra di robot marini autonomi cooperativi, in grado di ottimizzare la qualit\u00e0 dei dati di rilevamento e variare la geometria della formazione durante l\u2019esplorazione. Alcuni recenti sviluppi della tecnologia hanno evidenziato, infatti, la grande potenzialit\u00e0 dei gruppi di robot marini che agiscono in collaborazione: essi possono servire a migliorare enormemente i metodi disponibili per l\u2019esplorazione dell\u2019oceano.<br \/>\nLa visione alla base di \u201cWiMUST\u201d \u00e8 quella di sviluppare sistemi avanzati di controllo cooperativo, per consentire ad un gran numero di robot marini di interagire attraverso la condivisione di informazioni, come un vero e proprio team.<br \/>\nOltre all\u2019Isme, Centro Interuniversitario di Sistemi Integrati per l\u2019Ambiente Marino, al quale afferiscono diverse Universit\u00e0 Italiane, tra cui Unisalento, sono coinvolti: Ist Istituto Superiore Tecnico di Lisbona, Cintal Centro di Investigazione Tecnologica di Algrave in Portogallo; l\u2019Universit\u00e0 di Hertfordshire in Gran Bretagna, e poi le aziende EvoLogics, Graal tech, Cgg, Geo Marine Survey Sistems e Geosurveys.<br \/>\nSviluppi futuri? Ulteriori attivit\u00e0 sperimentali, condotte dai partners e utilizzando piattaforme robotiche gi\u00e0 disponibili nel consorzio. La tecnologia sviluppata \u00e8 stata e sar\u00e0 sperimentata in acque profonde 20 metri, ma le metodologie che sono alla base del progetto diventeranno immediatamente applicabili anche alle acque molto pi\u00f9 profonde. \u00abCi si auspica che gli sviluppi scientifici e le innovazioni tecnologiche del progetto \u201cWiMUST\u201d &#8211; concludono gli scienziati che lavorano al progetto &#8211; saranno eventualmente sfruttabili in domini subacquei aggiuntivi: quelli relative alle operazioni di ricerca e salvataggio, monitoraggio ambientale e le applicazioni di sorveglianza, sminamento, subacquea archeologia subacquea e della pesca\u00bb.<br \/>\n\u00a0    <\/div>\n<div class=\"wrap-box-end\">\n<div class=\"copy\">\n            \u00a9 RIPRODUZIONE RISERVATA\n            <\/div>\n<div class=\"item-options\">\n<div class=\"share_bar_wrapper\">\n<div class=\"share-item share-box\">\n<ul>\n<li class=\"copy\">\n<li class=\"facebook\">\n<li class=\"twitter\">\n<li class=\"mail\">\n<li class=\"whatsapp\"><\/ul>\n<\/div>\n<\/div>\n<\/div>\n<\/div>\n<aside class=\"area\">&#8216;;<br \/>\n        outbrainEl.insertAdjacentHTML(&#8220;afterBegin&#8221;, AdCodeOutbrain);<\/p>\n<p>        loadScript(&#8216;\/\/widgets.outbrain.com\/outbrain.js&#8217;, function(){<br \/>\n            \/\/ cerco il widget. Necessario se c&#8217;\u00e8 un&#8217;altro widget di Outbrain in pagina (es: inread)<br \/>\n            OBR.extern.researchWidget();<br \/>\n        });<br \/>\n    }<\/p>\n<p>    function AnnunciOutbrain(callback) {<br \/>\n        var outbrainDiv = document.getElementById(&#8216;outbrainWait&#8217;);<br \/>\n        \/\/ Verifica se l&#8217;elemento esiste<br \/>\n        if (outbrainDiv) {<br \/>\n            \/\/ Modifica l&#8217;id dell&#8217;elemento div<br \/>\n            outbrainDiv.id = &#8216;outbrain&#8217;;<br \/>\n        }<\/p>\n<p>                    var load_method = impostazioni_testata.outbrain.load_method || &#8216;first-interaction&#8217;;<\/p>\n<p>        var outbrainEl = document.getElementById(&#8216;outbrain&#8217;);<\/p>\n<p>        CED.log(&#8220;outbrain load_method:&#8221; + load_method);<\/p>\n<p>        if (load_method == &#8216;when-near-viewport&#8217;) {<\/p>\n<p>            \/\/ outbrain parte solo quando scrollando arriva abbastanza vicino alla viewport<br \/>\n            if (typeof callback === &#8220;function&#8221;) {<\/p>\n<p>                \/\/ Listen for the scroll event<br \/>\n                \/\/document.addEventListener(&#8216;scroll&#8217;, onScroll(outbrainEl,callback), false);<br \/>\n                CedsWNV.watch(outbrainEl, callback, {<br \/>\n                    checkInterval: 300,<br \/>\n                    offset: 500<br \/>\n                });<\/p>\n<p>                \/*devo chiamare la funzione con argomenti e variabili *\/<br \/>\n            }<\/p>\n<p>        } else {<br \/>\n            \/\/ DEFAULT: outbrain parte alla prima interazione o dopo il timeout inattivit\u00e0<br \/>\n            _waitOnceFor(load_method, callback);<br \/>\n        }<br \/>\n    }<\/p>\n<p>            AnnunciOutbrain(WidgetOutbrainTag);<\/p>\n<div id=\"correlati-verticali\">\n<div class=\"testatabox default\">\n<h3>POTREBBE INTERESSARTI ANCHE<\/h3>\n<\/div>\n<div class=\"strip-2-bottom listing\">\n<div class=\"row\">\n<article class=\"col-xs-6 html_base_bottom   sport news \">\n<div class=\"item_content\">\n<figure class=\"medium\"><a href=\"http:\/\/quotidianodipuglia.it\/sport\/news\/falcone_lecce_calcio_serie_a_salvezza_big-9323334.html\" title=\"Falcone insegue la quarta salvezza di fila con il Lecce e prepara il trasferimento a una big\"><img loading=\"lazy\" decoding=\"async\" src=\"https:\/\/analyse.optim.biz\/wp-content\/uploads\/2026\/01\/9323334_27185143_falcone-3.jpg\" title=\"Falcone insegue la quarta salvezza di fila con il Lecce e prepara il trasferimento a una big\" width=\"404\" height=\"221\"><\/a><\/figure>\n<p><span class=\"testatina testatina-articolo\"><a href=\"http:\/\/quotidianodipuglia.it\/sport\/news\/falcone_lecce_calcio_serie_a_salvezza_big-9323334.html\">SERIE A<\/a><\/span><\/p>\n<div class=\"titolo\"><a href=\"http:\/\/quotidianodipuglia.it\/sport\/news\/falcone_lecce_calcio_serie_a_salvezza_big-9323334.html\" class=\"ml_primary_link\">Falcone insegue la quarta salvezza di fila con il Lecce e prepara il trasferimento a una big<\/a><\/div>\n<p><span class=\"firma\"><span>di Lino De Lorenzis<\/span><\/span><\/div>\n<\/article>\n<article class=\"col-xs-6 html_base_bottom   sport news \">\n<div class=\"item_content\">\n<figure class=\"medium\"><a href=\"http:\/\/quotidianodipuglia.it\/sport\/news\/siebert_lecce_calcio_serie_a_gaspar_di_francesco-9321261.html\" title=\"Duello Sieber-Gaspar per un posto da titolare nello scontro-salvezza col Torino\"><img loading=\"lazy\" decoding=\"async\" src=\"https:\/\/analyse.optim.biz\/wp-content\/uploads\/2026\/01\/9321261_26191411_siebert_00-14.jpg\" title=\"Duello Sieber-Gaspar per un posto da titolare nello scontro-salvezza col Torino\" width=\"404\" height=\"221\"><\/a><\/figure>\n<p><span class=\"testatina testatina-articolo\"><a href=\"http:\/\/quotidianodipuglia.it\/sport\/news\/siebert_lecce_calcio_serie_a_gaspar_di_francesco-9321261.html\">SERIE A<\/a><\/span><\/p>\n<div class=\"titolo\"><a href=\"http:\/\/quotidianodipuglia.it\/sport\/news\/siebert_lecce_calcio_serie_a_gaspar_di_francesco-9321261.html\" class=\"ml_primary_link\">Duello Sieber-Gaspar per un posto da titolare nello scontro-salvezza col Torino<\/a><\/div>\n<p><span class=\"firma\"><span>di Lino De Lorenzis<\/span><\/span><\/div>\n<\/article>\n<article class=\"col-xs-6 html_base_bottom   lecce \">\n<div class=\"item_content\">\n<figure class=\"medium\"><a href=\"http:\/\/quotidianodipuglia.it\/lecce\/salento_lecce_accoltellamento_multe_sanzioni_controlli_denunce_sicurezza_polizia-9320772.html\" title=\"Denunce, sanzioni e controlli: stretta sulla sicurezza a Lecce e in tutto il Salento\"><img loading=\"lazy\" decoding=\"async\" src=\"https:\/\/analyse.optim.biz\/wp-content\/uploads\/2026\/01\/9320772_26123605_salento_lecce_accoltellamento_multe_sanzioni_controlli_denunce_sicurezza_polizia-10.jpg\" title=\"Denunce, sanzioni e controlli: stretta sulla sicurezza a Lecce e in tutto il Salento\" width=\"404\" height=\"221\"><\/a><\/figure>\n<p><span class=\"testatina testatina-articolo\"><a href=\"http:\/\/quotidianodipuglia.it\/lecce\/salento_lecce_accoltellamento_multe_sanzioni_controlli_denunce_sicurezza_polizia-9320772.html\">GIRO DI VITE <\/a><\/span><\/p>\n<div class=\"titolo\"><a href=\"http:\/\/quotidianodipuglia.it\/lecce\/salento_lecce_accoltellamento_multe_sanzioni_controlli_denunce_sicurezza_polizia-9320772.html\" class=\"ml_primary_link\">Denunce, sanzioni e controlli: stretta sulla sicurezza a Lecce e in tutto il Salento<\/a><\/div>\n<\/div>\n<\/article>\n<article class=\"col-xs-6 html_base_bottom   spettacoli \">\n<div class=\"item_content\">\n<figure class=\"medium\"><a href=\"http:\/\/quotidianodipuglia.it\/spettacoli\/film_cinema_salento_lecce_baby_attrice_vittoria_cucurachi_arnesano_debutta_grande_schermo_chi_e-9320753.html\" title='\"Se nel buio avrai paura\", il film al cinema: la baby-attrice salentina Vittoria Cucurachi, 9 anni, debutta sul grande schermo'><img loading=\"lazy\" decoding=\"async\" src=\"https:\/\/analyse.optim.biz\/wp-content\/uploads\/2026\/01\/9320753_26113406_progetto_senza_titolo_7_-16.jpg\" title='\"Se nel buio avrai paura\", il film al cinema: la baby-attrice salentina Vittoria Cucurachi, 9 anni, debutta sul grande schermo' width=\"404\" height=\"221\"><\/a><\/figure>\n<p><span class=\"testatina testatina-articolo\"><a href=\"http:\/\/quotidianodipuglia.it\/spettacoli\/film_cinema_salento_lecce_baby_attrice_vittoria_cucurachi_arnesano_debutta_grande_schermo_chi_e-9320753.html\">SPETTACOLI<\/a><\/span><\/p>\n<div class=\"titolo\"><a href=\"http:\/\/quotidianodipuglia.it\/spettacoli\/film_cinema_salento_lecce_baby_attrice_vittoria_cucurachi_arnesano_debutta_grande_schermo_chi_e-9320753.html\" class=\"ml_primary_link\">&#8220;Se nel buio avrai paura&#8221;, il film al cinema: la baby-attrice salentina Vittoria Cucurachi, 9 anni, debutta sul grande schermo<\/a><\/div>\n<\/div>\n<\/article>\n<article class=\"col-xs-6 html_base_bottom   lecce \">\n<div class=\"item_content\">\n<figure class=\"medium\"><a href=\"http:\/\/quotidianodipuglia.it\/lecce\/quando_cala_sole_lecce_si_spegne_viaggio_tra_viali_inghiottiti_dall_oscurita-9319535.html\" title=\"Ore 17, quando cala il sole la citt\u00e0 scompare: viaggio tra le strade al buio dallo Stadio alla stazione\"><img loading=\"lazy\" decoding=\"async\" src=\"https:\/\/analyse.optim.biz\/wp-content\/uploads\/2026\/01\/9319535_25214934_buio_lecce-10.jpg\" title=\"Ore 17, quando cala il sole la citt\u00e0 scompare: viaggio tra le strade al buio dallo Stadio alla stazione\" width=\"404\" height=\"221\"><\/a><\/figure>\n<p><span class=\"testatina testatina-articolo\"><a href=\"http:\/\/quotidianodipuglia.it\/lecce\/quando_cala_sole_lecce_si_spegne_viaggio_tra_viali_inghiottiti_dall_oscurita-9319535.html\">LECCE<\/a><\/span><\/p>\n<div class=\"titolo\"><a href=\"http:\/\/quotidianodipuglia.it\/lecce\/quando_cala_sole_lecce_si_spegne_viaggio_tra_viali_inghiottiti_dall_oscurita-9319535.html\" class=\"ml_primary_link\">Ore 17, quando cala il sole la citt\u00e0 scompare: viaggio tra le strade al buio dallo Stadio alla stazione<\/a><\/div>\n<p><span class=\"firma\"><span>di Paolo CONTE<\/span><\/span><\/div>\n<\/article>\n<article class=\"col-xs-6 html_base_bottom   lecce \">\n<div class=\"item_content\">\n<figure class=\"medium\"><a href=\"http:\/\/quotidianodipuglia.it\/lecce\/salento_lecce_malore_palestra_63enne_infarto_salvato_118_cavallino_cosa_sappiamo-9319497.html\" title=\"Malore in palestra e si accascia: un 63enne colpito da infarto salvato dal 118\"><img loading=\"lazy\" decoding=\"async\" src=\"https:\/\/analyse.optim.biz\/wp-content\/uploads\/2026\/01\/9319497_image-12.jpg\" title=\"Malore in palestra e si accascia: un 63enne colpito da infarto salvato dal 118\" width=\"404\" height=\"221\"><\/a><\/figure>\n<p><span class=\"testatina testatina-articolo\"><a href=\"http:\/\/quotidianodipuglia.it\/lecce\/salento_lecce_malore_palestra_63enne_infarto_salvato_118_cavallino_cosa_sappiamo-9319497.html\">SALENTO <\/a><\/span><\/p>\n<div class=\"titolo\"><a href=\"http:\/\/quotidianodipuglia.it\/lecce\/salento_lecce_malore_palestra_63enne_infarto_salvato_118_cavallino_cosa_sappiamo-9319497.html\" class=\"ml_primary_link\">Malore in palestra e si accascia: un 63enne colpito da infarto salvato dal 118<\/a><\/div>\n<p><span class=\"firma\"><span>di Andrea TAFURO<\/span><\/span><\/div>\n<\/article>\n<article class=\"col-xs-6 html_base_bottom   lecce \">\n<div class=\"item_content\">\n<figure class=\"medium\"><a href=\"http:\/\/quotidianodipuglia.it\/lecce\/lecce_polizia_penitenziaria_in_carcere_situazione_esplosiva-9319232.html\" title=\"Polizia penitenziaria, il sindacato: \u00abIn carcere a Lecce situazione esplosiva\u00bb\"><img loading=\"lazy\" decoding=\"async\" src=\"https:\/\/analyse.optim.biz\/wp-content\/uploads\/2026\/01\/9319232_25160044_onecms_1k38u4tbgdnujxucvuu_122a8qh30u8-11.jpg\" title=\"Polizia penitenziaria, il sindacato: \u00abIn carcere a Lecce situazione esplosiva\u00bb\" width=\"404\" height=\"221\"><\/a><\/figure>\n<p><span class=\"testatina testatina-articolo\"><a href=\"http:\/\/quotidianodipuglia.it\/lecce\/lecce_polizia_penitenziaria_in_carcere_situazione_esplosiva-9319232.html\">LECCE<\/a><\/span><\/p>\n<div class=\"titolo\"><a href=\"http:\/\/quotidianodipuglia.it\/lecce\/lecce_polizia_penitenziaria_in_carcere_situazione_esplosiva-9319232.html\" class=\"ml_primary_link\">Polizia penitenziaria, il sindacato: \u00abIn carcere a Lecce situazione esplosiva\u00bb<\/a><\/div>\n<\/div>\n<\/article>\n<article class=\"col-xs-6 html_base_bottom   lecce \">\n<div class=\"item_content\">\n<figure class=\"medium\"><a href=\"http:\/\/quotidianodipuglia.it\/lecce\/sentenza_lecce_salento_caso_nardo_studente_vittima_bullismo_scuola_ministero_istruzione_condannato-9319001.html\" title=\"Salento, studente bullizzato a scuola. Condannato il ministero dell\u2019Istruzione: \u00abNon \u00e8 stato tutelato\u00bb\"><img loading=\"lazy\" decoding=\"async\" src=\"https:\/\/analyse.optim.biz\/wp-content\/uploads\/2026\/01\/9319001_25101731_sentenza_lecce_salento_caso_nardo_studente_vittima_bullismo_scuola_ministero_istruzione_condannato-11.jpg\" title=\"Salento, studente bullizzato a scuola. Condannato il ministero dell\u2019Istruzione: \u00abNon \u00e8 stato tutelato\u00bb\" width=\"404\" height=\"221\"><\/a><\/figure>\n<p><span class=\"testatina testatina-articolo\"><a href=\"http:\/\/quotidianodipuglia.it\/lecce\/sentenza_lecce_salento_caso_nardo_studente_vittima_bullismo_scuola_ministero_istruzione_condannato-9319001.html\">IL CASO <\/a><\/span><\/p>\n<div class=\"titolo\"><a href=\"http:\/\/quotidianodipuglia.it\/lecce\/sentenza_lecce_salento_caso_nardo_studente_vittima_bullismo_scuola_ministero_istruzione_condannato-9319001.html\" class=\"ml_primary_link\">Salento, studente bullizzato a scuola. Condannato il ministero dell\u2019Istruzione: \u00abNon \u00e8 stato tutelato\u00bb<\/a><\/div>\n<p><span class=\"firma\"><span>di Federica SABATO<\/span><\/span><\/div>\n<\/article>\n<article class=\"col-xs-6 html_base_bottom   sport news \">\n<div class=\"item_content\">\n<figure class=\"medium\"><a href=\"http:\/\/quotidianodipuglia.it\/sport\/news\/serie_a_lecce_calcio_lazio_provedel-9317867.html\" title=\"Il Lecce mette alle corde la Lazio ma Provedel chiude la porta ai giallorossi\"><img loading=\"lazy\" decoding=\"async\" src=\"https:\/\/analyse.optim.biz\/wp-content\/uploads\/2026\/01\/9317867_25001230_ched-15.jpg\" title=\"Il Lecce mette alle corde la Lazio ma Provedel chiude la porta ai giallorossi\" width=\"404\" height=\"221\"><\/a><\/figure>\n<p><span class=\"testatina testatina-articolo\"><a href=\"http:\/\/quotidianodipuglia.it\/sport\/news\/serie_a_lecce_calcio_lazio_provedel-9317867.html\">SERIE A<\/a><\/span><\/p>\n<div class=\"titolo\"><a href=\"http:\/\/quotidianodipuglia.it\/sport\/news\/serie_a_lecce_calcio_lazio_provedel-9317867.html\" class=\"ml_primary_link\">Il Lecce mette alle corde la Lazio ma Provedel chiude la porta ai giallorossi<\/a><\/div>\n<p><span class=\"firma\"><span>di Lino De Lorenzis<\/span><\/span><\/div>\n<\/article>\n<article class=\"col-xs-6 html_base_bottom   lecce \">\n<div class=\"item_content\">\n<figure class=\"medium\"><a href=\"http:\/\/quotidianodipuglia.it\/lecce\/lecce_conti_comune_predissesto_intervista_adriana_poli_bortone-9317838.html\" title=\"Predissesto, Poli Bortone: \u00abSiamo fuori pericolo, potremmo chiudere nel 2027\u00bb. L'intervista\"><img loading=\"lazy\" decoding=\"async\" src=\"https:\/\/analyse.optim.biz\/wp-content\/uploads\/2026\/01\/9317838_24222449_onecms_1ohan852b88do142d6j_12suowjumf4-11.jpg\" title=\"Predissesto, Poli Bortone: \u00abSiamo fuori pericolo, potremmo chiudere nel 2027\u00bb. L'intervista\" width=\"404\" height=\"221\"><\/a><\/figure>\n<p><span class=\"testatina testatina-articolo\"><a href=\"http:\/\/quotidianodipuglia.it\/lecce\/lecce_conti_comune_predissesto_intervista_adriana_poli_bortone-9317838.html\">LECCE<\/a><\/span><\/p>\n<div class=\"titolo\"><a href=\"http:\/\/quotidianodipuglia.it\/lecce\/lecce_conti_comune_predissesto_intervista_adriana_poli_bortone-9317838.html\" class=\"ml_primary_link\">Predissesto, Poli Bortone: \u00abSiamo fuori pericolo, potremmo chiudere nel 2027\u00bb. <span>L&#8217;intervista<\/span><\/a><\/div>\n<p><span class=\"firma\"><span>di Roberta GRASSI<\/span><\/span><\/div>\n<\/article>\n<\/div>\n<\/div>\n<\/div>\n<\/aside>\n<\/section>\n<\/div>\n<aside id=\"right-rail\" class=\"col-xs-4\">\n<div id=\"right-content\">\n<div class=\"area right\">\n<div class=\"area right_articolo\" data-id=\"445\" data-nome=\"Right Articolo (generico) 2022\">\n<div class=\"strip-1-x-video box-tv\" data-strip-id=\"32529\">\n<div class=\"strip-1-video_player\">\n<div class=\"row\">\n<article class=\"col-xs-12 html_base_bottom  video sport \">\n<div class=\"item_content video\">\n<div class=\"embed_video\">\n<div class=\"jw_embed\" data-mediaid=\"vHgoHtF1\" data-disable_video_float_on_non_adv_content=\"cedjs-dynamic\" data-autostart=\"true\" data-related='{\"oncomplete\":\"show\"}' data-mute=\"true\" data-adv_always_floating=\"false\"><img loading=\"lazy\" decoding=\"async\" src=\"https:\/\/analyse.optim.biz\/wp-content\/uploads\/2026\/01\/video-188.svg\" width=\"340\" height=\"180\" alt=\"Video\" title=\"video-188\"><\/div>\n<\/div>\n<div class=\"titolo\"><a href=\"http:\/\/quotidianodipuglia.it\/video\/sport\/cce_lsb_lecce_pall_a9_nardo_68_67-9278426.html\" class=\"ml_primary_link\">Cce Lsb Lecce-Pall. A9 Nard\u00f2 68-67<\/a><\/div>\n<\/div>\n<\/article>\n<\/div>\n<\/div>\n<div class=\"strip-1-square listing\">\n<div class=\"row\">\n<article class=\"col-xs-12 html_base_square  video \">\n<div class=\"item_content\">\n<div class=\"row\">\n<div class=\"col-xs valign__content\">\n<div class=\"square___content\">\n<figure class=\"thumbnail\"><a href=\"http:\/\/quotidianodipuglia.it\/video\/guyana_calabria_campania_prime_in_ue_per_rischio_poverta-9135288.html\" title=\"Guyana, Calabria, Campania prime in Ue per rischio povert\u00e0\"><img loading=\"lazy\" decoding=\"async\" src=\"https:\/\/analyse.optim.biz\/wp-content\/uploads\/2026\/01\/9135288_poster-56.jpg\" title=\"Guyana, Calabria, Campania prime in Ue per rischio povert\u00e0\" width=\"64\" height=\"64\"><\/a><\/figure>\n<\/div>\n<div class=\"valign\">\n<div class=\"titolo\"><a href=\"http:\/\/quotidianodipuglia.it\/video\/guyana_calabria_campania_prime_in_ue_per_rischio_poverta-9135288.html\" class=\"ml_primary_link\">Guyana, Calabria, Campania prime in Ue per rischio povert\u00e0<\/a><\/div>\n<\/div>\n<\/div>\n<\/div>\n<\/div>\n<\/article>\n<article class=\"col-xs-12 html_base_square  video \">\n<div class=\"item_content\">\n<div class=\"row\">\n<div class=\"col-xs valign__content\">\n<div class=\"square___content\">\n<figure class=\"thumbnail\"><a href=\"http:\/\/quotidianodipuglia.it\/video\/storie_italiane_il_racconto_di_mario_ermito-9105224.html\" title=\"Storie Italiane, il racconto di Mario Ermito\"><img loading=\"lazy\" decoding=\"async\" src=\"https:\/\/analyse.optim.biz\/wp-content\/uploads\/2026\/01\/9105224_poster-56.jpg\" title=\"Storie Italiane, il racconto di Mario Ermito\" width=\"64\" height=\"64\"><\/a><\/figure>\n<\/div>\n<div class=\"valign\">\n<div class=\"titolo\"><a href=\"http:\/\/quotidianodipuglia.it\/video\/storie_italiane_il_racconto_di_mario_ermito-9105224.html\" class=\"ml_primary_link\">Storie Italiane, il racconto di Mario Ermito<\/a><\/div>\n<\/div>\n<\/div>\n<\/div>\n<\/div>\n<\/article>\n<article class=\"col-xs-12 html_base_square  video \">\n<div class=\"item_content\">\n<div class=\"row\">\n<div class=\"col-xs valign__content\">\n<div class=\"square___content\">\n<figure class=\"thumbnail\"><a href=\"http:\/\/quotidianodipuglia.it\/video\/lecce_protocollo_scuola_istituzioni_prefettura-9089424.html\" title=\"\u00abL'autismo non \u00e8 solo una diagnosi, \u00e8 un modo diverso di percepire il mondo\u00bb, il commovente messaggio di Emma\"><img loading=\"lazy\" decoding=\"async\" src=\"https:\/\/analyse.optim.biz\/wp-content\/uploads\/2026\/01\/9089424_25191819_myfilename-56.jpg\" title=\"\u00abL'autismo non \u00e8 solo una diagnosi, \u00e8 un modo diverso di percepire il mondo\u00bb, il commovente messaggio di Emma\" width=\"64\" height=\"64\"><\/a><\/figure>\n<\/div>\n<div class=\"valign\">\n<div class=\"titolo\"><a href=\"http:\/\/quotidianodipuglia.it\/video\/lecce_protocollo_scuola_istituzioni_prefettura-9089424.html\" class=\"ml_primary_link\">\u00abL&#8217;autismo non \u00e8 solo una diagnosi, \u00e8 un modo diverso di percepire il mondo\u00bb, il commovente messaggio di Emma<\/a><\/div>\n<\/div>\n<\/div>\n<\/div>\n<\/div>\n<\/article>\n<\/div>\n<\/div>\n<\/div>\n<div class=\"strip-combo \">\n<div class=\"testatabox default sinistra  lecce\">\n<h3 class=\"lecce\">Della stessa sezione<\/h3>\n<\/div>\n<div class=\"strip-1-bottom principale\">\n<div class=\"row\">\n<article class=\"col-xs-12 html_base_bottom   regione \">\n<div class=\"item_content\">\n<figure class=\"medium\"><a href=\"http:\/\/quotidianodipuglia.it\/regione\/neogrania_la_farina_etica_vuole_salvare_mondo-9323500.html\" title=\"Neogran\u00eca, la farina etica che vuole salvare il mondo\"><img decoding=\"async\" src=\"https:\/\/analyse.optim.biz\/wp-content\/uploads\/2026\/01\/9323500_27213120_clipboard_01_27_2026_04-1.jpg\" title=\"Neogran\u00eca, la farina etica che vuole salvare il mondo\" width=\"-16\" height=\"-9\"><\/a><\/figure>\n<p><span class=\"testatina testatina-articolo\"><a href=\"http:\/\/quotidianodipuglia.it\/regione\/neogrania_la_farina_etica_vuole_salvare_mondo-9323500.html\">REGIONE<\/a><\/span><\/p>\n<div class=\"titolo\"><a href=\"http:\/\/quotidianodipuglia.it\/regione\/neogrania_la_farina_etica_vuole_salvare_mondo-9323500.html\" class=\"ml_primary_link\">Neogran\u00eca, la farina etica che vuole salvare il mondo<\/a><\/div>\n<p><span class=\"firma\"><span>di Valeria BLANCO<\/span><\/span><\/div>\n<\/article>\n<\/div>\n<\/div>\n<div class=\"strip-1-square seconda listing\">\n<div class=\"row\">\n<article class=\"col-xs-12 html_base_square  lecce \">\n<div class=\"item_content\">\n<div class=\"row\">\n<div class=\"col-xs valign__content\">\n<div class=\"square___content\">\n<figure class=\"thumbnail\"><a href=\"http:\/\/quotidianodipuglia.it\/lecce\/gallipoli_parcheggio_selvaggio_canneto_500_multe-9323483.html\" title=\"Parcheggio selvaggio al Canneto: pi\u00f9 di 700 interventi, 500 le multe\"><img loading=\"lazy\" decoding=\"async\" src=\"https:\/\/analyse.optim.biz\/wp-content\/uploads\/2026\/01\/9323483_27210410_onecms_1oslrpqtz47bra3hxj0_12zvwx0k64g-1.jpg\" title=\"Parcheggio selvaggio al Canneto: pi\u00f9 di 700 interventi, 500 le multe\" width=\"64\" height=\"64\"><\/a><\/figure>\n<\/div>\n<div class=\"valign\"><span class=\"testatina testatina-articolo\"><a href=\"http:\/\/quotidianodipuglia.it\/lecce\/gallipoli_parcheggio_selvaggio_canneto_500_multe-9323483.html\">GALLIPOLI<\/a><\/span><\/p>\n<div class=\"titolo\"><a href=\"http:\/\/quotidianodipuglia.it\/lecce\/gallipoli_parcheggio_selvaggio_canneto_500_multe-9323483.html\" class=\"ml_primary_link\">Parcheggio selvaggio al Canneto: pi\u00f9 di 700 interventi, 500 le multe<\/a><\/div>\n<p><span class=\"firma\"><span>di Alberto STAMERRA<\/span><\/span><\/div>\n<\/div>\n<\/div>\n<\/div>\n<\/article>\n<article class=\"col-xs-12 html_base_square  lecce \">\n<div class=\"item_content\">\n<div class=\"row\">\n<div class=\"col-xs valign__content\">\n<div class=\"square___content\">\n<figure class=\"thumbnail\"><a href=\"http:\/\/quotidianodipuglia.it\/lecce\/salento_contrabbando_tabacchi_256_chili_sigarette_arresto_giovane_21_anni_cosa_sappiamo-9323269.html\" title=\"Torna il contrabbando di tabacchi, sequestrati oltre 256 chili di sigarette: arrestato un 21enne\"><img loading=\"lazy\" decoding=\"async\" src=\"https:\/\/analyse.optim.biz\/wp-content\/uploads\/2026\/01\/9323269_27180300_salento_contrabbando_tabacchi_256_chili_sigarette_arresto_giovane_21_anni_cosa_sappiamo-1.jpg\" title=\"Torna il contrabbando di tabacchi, sequestrati oltre 256 chili di sigarette: arrestato un 21enne\" width=\"64\" height=\"64\"><\/a><\/figure>\n<\/div>\n<div class=\"valign\"><span class=\"testatina testatina-articolo\"><a href=\"http:\/\/quotidianodipuglia.it\/lecce\/salento_contrabbando_tabacchi_256_chili_sigarette_arresto_giovane_21_anni_cosa_sappiamo-9323269.html\">SALENTO     <\/a><\/span><\/p>\n<div class=\"titolo\"><a href=\"http:\/\/quotidianodipuglia.it\/lecce\/salento_contrabbando_tabacchi_256_chili_sigarette_arresto_giovane_21_anni_cosa_sappiamo-9323269.html\" class=\"ml_primary_link\">Torna il contrabbando di tabacchi, sequestrati oltre 256 chili di sigarette: arrestato un 21enne<\/a><\/div>\n<\/div>\n<\/div>\n<\/div>\n<\/div>\n<\/article>\n<article class=\"col-xs-12 html_base_square  lecce \">\n<div class=\"item_content\">\n<div class=\"row\">\n<div class=\"col-xs valign__content\">\n<div class=\"square___content\">\n<figure class=\"thumbnail\"><a href=\"http:\/\/quotidianodipuglia.it\/lecce\/squinzano_incidente_ferito_cosa_e_successo-9322912.html\" title=\"Squinzano, ancora sangue all'incrocio maledetto: furgone buca lo stop e travolge una Panda, grave un giovane\"><img loading=\"lazy\" decoding=\"async\" src=\"https:\/\/analyse.optim.biz\/wp-content\/uploads\/2026\/01\/9322912_27125224_squinzano_incidente_ferito_cosa_e_successo-1.jpg\" title=\"Squinzano, ancora sangue all'incrocio maledetto: furgone buca lo stop e travolge una Panda, grave un giovane\" width=\"64\" height=\"64\"><\/a><\/figure>\n<\/div>\n<div class=\"valign\"><span class=\"testatina testatina-articolo\"><a href=\"http:\/\/quotidianodipuglia.it\/lecce\/squinzano_incidente_ferito_cosa_e_successo-9322912.html\">LECCE<\/a><\/span><\/p>\n<div class=\"titolo\"><a href=\"http:\/\/quotidianodipuglia.it\/lecce\/squinzano_incidente_ferito_cosa_e_successo-9322912.html\" class=\"ml_primary_link\">Squinzano, ancora sangue all&#8217;incrocio maledetto: furgone buca lo stop e travolge una Panda, grave un giovane<\/a><\/div>\n<p><span class=\"firma\"><span>di Salvatore PAPA<\/span><\/span><\/div>\n<\/div>\n<\/div>\n<\/div>\n<\/article>\n<article class=\"col-xs-12 html_base_square  lecce \">\n<div class=\"item_content\">\n<div class=\"row\">\n<div class=\"col-xs valign__content\">\n<div class=\"square___content\">\n<figure class=\"thumbnail\"><a href=\"http:\/\/quotidianodipuglia.it\/lecce\/salento_pasta_ambra_corigliano_pastificio_acquisito_venduto_mine_vaganti_ozpetek-9321381.html\" title='Venduto il pastificio di \"Mine Vaganti\": il set salentino di Ozpetek passa ai campani di Pasta Reggia'><img loading=\"lazy\" decoding=\"async\" src=\"https:\/\/analyse.optim.biz\/wp-content\/uploads\/2026\/01\/9321381_26213833_salento_pasta_ambra_corigliano_pastificio_acquisito_venduto_mine_vaganti_ozpetek-1.jpg\" title='Venduto il pastificio di \"Mine Vaganti\": il set salentino di Ozpetek passa ai campani di Pasta Reggia' width=\"64\" height=\"64\"><\/a><\/figure>\n<\/div>\n<div class=\"valign\"><span class=\"testatina testatina-articolo\"><a href=\"http:\/\/quotidianodipuglia.it\/lecce\/salento_pasta_ambra_corigliano_pastificio_acquisito_venduto_mine_vaganti_ozpetek-9321381.html\">LECCE<\/a><\/span><\/p>\n<div class=\"titolo\"><a href=\"http:\/\/quotidianodipuglia.it\/lecce\/salento_pasta_ambra_corigliano_pastificio_acquisito_venduto_mine_vaganti_ozpetek-9321381.html\" class=\"ml_primary_link\">Venduto il pastificio di &#8220;Mine Vaganti&#8221;: il set salentino di Ozpetek passa ai campani di Pasta Reggia<\/a><\/div>\n<p><span class=\"firma\"><span>di \u200bPierpaolo SPADA<\/span><\/span><\/div>\n<\/div>\n<\/div>\n<\/div>\n<\/article>\n<\/div>\n<\/div>\n<\/div>\n<div class=\"strip-1-square listing strip_moltofood_flexible  quotidianodipuglia\">\n<div class=\"testatabox testatina-box grande moltofood default\">\n<h3><a href=\"https:\/\/www.moltofood.it\" target=\"_blank\" title=\"moltofood.it\"><img loading=\"lazy\" decoding=\"async\" src=\"https:\/\/analyse.optim.biz\/wp-content\/uploads\/2026\/01\/moltofood-162.svg\" width=\"140\" height=\"20\" title=\"moltofood-162\"><\/a><\/h3>\n<\/div>\n<div class=\"row \">\n<article class=\"col-xs-12 html_base_square\">\n<div class=\"item_content\">\n<div class=\"row\">\n<div class=\"square___content\">\n<figure><a href=\"https:\/\/www.moltofood.it\/dahl-di-lenticchie-rosse-ricetta\/?utm_source=quotidianodipuglia&amp;utm_medium=strip_moltofood_flexible&amp;utm_campaign=right_articolo\" target=\"_blank\" title=\"Dahl di lenticchie, la ricetta che ti far\u00e0 amare ancora di pi\u00f9 i legumi\"><img decoding=\"async\" src=\"https:\/\/analyse.optim.biz\/wp-content\/uploads\/2026\/01\/dahldilenticchie_copertina-150x150-1-73.jpeg\" title=\"Dahl di lenticchie, la ricetta che ti far\u00e0 amare ancora di pi\u00f9 i legumi\"><\/a><\/figure>\n<\/div>\n<div class=\"col-xs valign__content\">\n<div class=\"valign\"><span class=\"testatina testatina-articolo\"><a href=\"https:\/\/www.moltofood.it\/dahl-di-lenticchie-rosse-ricetta\/?utm_source=quotidianodipuglia&amp;utm_medium=strip_moltofood_flexible&amp;utm_campaign=right_articolo\"><br \/>\n                                                Piatti unici                                                <\/a><\/span><\/p>\n<h2 class=\"titolo\"><a href=\"https:\/\/www.moltofood.it\/dahl-di-lenticchie-rosse-ricetta\/?utm_source=quotidianodipuglia&amp;utm_medium=strip_moltofood_flexible&amp;utm_campaign=right_articolo\" title=\"Dahl di lenticchie, la ricetta che ti far\u00e0 amare ancora di pi\u00f9 i legumi\" target=\"_blank\">Dahl di lenticchie, la ricetta che ti far\u00e0 amare ancora di pi\u00f9 i legumi<\/a><\/h2>\n<p><span class=\"firma\">di Virginia Fabbri<\/span><\/div>\n<\/div>\n<\/div>\n<\/div>\n<\/article>\n<article class=\"col-xs-12 html_base_square\">\n<div class=\"item_content\">\n<div class=\"row\">\n<div class=\"square___content\">\n<figure><a href=\"https:\/\/www.moltofood.it\/spaghetti-spinaci-e-stracchino-ricetta\/?utm_source=quotidianodipuglia&amp;utm_medium=strip_moltofood_flexible&amp;utm_campaign=right_articolo\" target=\"_blank\" title=\"Spaghetti spinaci e stracchino: la pasta verde brillante che piace anche ai pi\u00f9 piccoli\"><img decoding=\"async\" src=\"https:\/\/analyse.optim.biz\/wp-content\/uploads\/2026\/01\/spaghettispinaciestracchino_cover-150x150-1-191.jpg\" title=\"Spaghetti spinaci e stracchino: la pasta verde brillante che piace anche ai pi\u00f9 piccoli\"><\/a><\/figure>\n<\/div>\n<div class=\"col-xs valign__content\">\n<div class=\"valign\"><span class=\"testatina testatina-articolo\"><a href=\"https:\/\/www.moltofood.it\/spaghetti-spinaci-e-stracchino-ricetta\/?utm_source=quotidianodipuglia&amp;utm_medium=strip_moltofood_flexible&amp;utm_campaign=right_articolo\"><br \/>\n                                                Primi                                                <\/a><\/span><\/p>\n<h2 class=\"titolo\"><a href=\"https:\/\/www.moltofood.it\/spaghetti-spinaci-e-stracchino-ricetta\/?utm_source=quotidianodipuglia&amp;utm_medium=strip_moltofood_flexible&amp;utm_campaign=right_articolo\" title=\"Spaghetti spinaci e stracchino: la pasta verde brillante che piace anche ai pi\u00f9 piccoli\" target=\"_blank\">Spaghetti spinaci e stracchino: la pasta verde brillante che piace anche ai pi\u00f9 piccoli<\/a><\/h2>\n<p><span class=\"firma\">di Francesco Palumbo<\/span><\/div>\n<\/div>\n<\/div>\n<\/div>\n<\/article>\n<\/div>\n<p><a href=\"https:\/\/www.moltofood.it?utm_source=quotidianodipuglia&amp;utm_medium=strip_moltofood_flexible&amp;utm_campaign=right_articolo\" class=\"testatabox show_more\" target=\"_blank\" title=\"moltofood.it\">Vedi tutte le ricette<\/a><\/div>\n<div class=\"strip-1-bottom\">\n<div class=\"testatabox default sinistra rosso partner news\">\n<h3 class=\"partner news\"><a href=\"https:\/\/www.romevaticancard.com\/it\/omniacards\/omnia-card-72\/?ref=banner\">OMNIA CARD<\/a><\/h3>\n<\/div>\n<div class=\"row\">\n<article class=\"col-xs-12 html_base_bottom   partner news \">\n<div class=\"item_content hyperlink\">\n<figure class=\"medium\"><a href=\"https:\/\/www.romevaticancard.com\/it\/omniacards\/omnia-card-72\/?ref=banner\" title=\"Omnia card 72h + Roma Pass: Musei Vaticani e Colosseo inclusi\"><img decoding=\"async\" src=\"https:\/\/analyse.optim.biz\/wp-content\/uploads\/2026\/01\/7772044_27112113_rome-55.jpg\" title=\"Omnia card 72h + Roma Pass: Musei Vaticani e Colosseo inclusi\" width=\"-16\" height=\"-9\"><\/a><\/figure>\n<div class=\"titolo\"><a href=\"https:\/\/www.romevaticancard.com\/it\/omniacards\/omnia-card-72\/?ref=banner\" class=\"ml_primary_link\">Omnia card 72h + Roma Pass: Musei Vaticani e Colosseo inclusi<\/a><\/div>\n<\/div>\n<\/article>\n<\/div>\n<\/div>\n<div class=\"strip-1-no_foto ranking listing\">\n<div class=\"testatabox boxed sinistra  \">\n<h3 class>LE PI\u00d9 LETTE<\/h3>\n<\/div>\n<div class=\"row\">\n<article class=\"col-xs-12 html_base_no_foto  schede \">\n<div class=\"item_content\"><span class=\"testatina testatina-articolo\"><a href=\"http:\/\/quotidianodipuglia.it\/schede\/caldo_arrivo_anticiclone_previsioni_meteo_puglia-9320949.html\">SCHEDE<\/a><\/span><\/p>\n<div class=\"titolo\"><a href=\"http:\/\/quotidianodipuglia.it\/schede\/caldo_arrivo_anticiclone_previsioni_meteo_puglia-9320949.html\" class=\"ml_primary_link\">Meteo Puglia: l&#8217;inverno si ferma ai Giorni della Merla, poi esplode il caldo nordafricano. Le previsioni<\/a><\/div>\n<\/div>\n<\/article>\n<article class=\"col-xs-12 html_base_no_foto  lecce \">\n<div class=\"item_content\"><span class=\"testatina testatina-articolo\"><a href=\"http:\/\/quotidianodipuglia.it\/lecce\/gallipoli_cristo_croce_crocifisso_sabbia_spiaggia_arte_cosa_sappiamo-9321272.html\">LECCE<\/a><\/span><\/p>\n<div class=\"titolo\"><a href=\"http:\/\/quotidianodipuglia.it\/lecce\/gallipoli_cristo_croce_crocifisso_sabbia_spiaggia_arte_cosa_sappiamo-9321272.html\" class=\"ml_primary_link\">Gallipoli, la bellezza dopo la tempesta: il Cristo di legno che sorge dai detriti della mareggiata<\/a><\/div>\n<div class=\"row item_content_moreinfo middle-xs\">\n<div class=\"col-xs-8\"><span class=\"firma\"><span>di Pierangelo TEMPESTA<\/span><\/span><\/div>\n<\/div>\n<\/div>\n<\/article>\n<article class=\"col-xs-12 html_base_no_foto  lecce \">\n<div class=\"item_content\"><span class=\"testatina testatina-articolo\"><a href=\"http:\/\/quotidianodipuglia.it\/lecce\/salento_pasta_ambra_corigliano_pastificio_acquisito_venduto_mine_vaganti_ozpetek-9321381.html\">LECCE<\/a><\/span><\/p>\n<div class=\"titolo\"><a href=\"http:\/\/quotidianodipuglia.it\/lecce\/salento_pasta_ambra_corigliano_pastificio_acquisito_venduto_mine_vaganti_ozpetek-9321381.html\" class=\"ml_primary_link\">Venduto il pastificio di &#8220;Mine Vaganti&#8221;: il set salentino di Ozpetek passa ai campani di Pasta Reggia<\/a><\/div>\n<div class=\"row item_content_moreinfo middle-xs\">\n<div class=\"col-xs-8\"><span class=\"firma\"><span>di \u200bPierpaolo SPADA<\/span><\/span><\/div>\n<\/div>\n<\/div>\n<\/article>\n<article class=\"col-xs-12 html_base_no_foto  lecce \">\n<div class=\"item_content\"><span class=\"testatina testatina-articolo\"><a href=\"http:\/\/quotidianodipuglia.it\/lecce\/squinzano_incidente_ferito_cosa_e_successo-9322912.html\">LECCE<\/a><\/span><\/p>\n<div class=\"titolo\"><a href=\"http:\/\/quotidianodipuglia.it\/lecce\/squinzano_incidente_ferito_cosa_e_successo-9322912.html\" class=\"ml_primary_link\">Squinzano, ancora sangue all&#8217;incrocio maledetto: furgone buca lo stop e travolge una Panda, grave un giovane<\/a><\/div>\n<div class=\"row item_content_moreinfo middle-xs\">\n<div class=\"col-xs-8\"><span class=\"firma\"><span>di Salvatore PAPA<\/span><\/span><\/div>\n<\/div>\n<\/div>\n<\/article>\n<article class=\"col-xs-12 html_base_no_foto  schede \">\n<div class=\"item_content\"><span class=\"testatina testatina-articolo\"><a href=\"http:\/\/quotidianodipuglia.it\/schede\/sanremo_2026_pagelle_primo_ascolto_canzoni_fedez_serena_brancale_sal_da_vinci_erman_meta_elettra_lamborghi-9321329.html\">I BRANI IN GARA<\/a><\/span><\/p>\n<div class=\"titolo\"><a href=\"http:\/\/quotidianodipuglia.it\/schede\/sanremo_2026_pagelle_primo_ascolto_canzoni_fedez_serena_brancale_sal_da_vinci_erman_meta_elettra_lamborghi-9321329.html\" class=\"ml_primary_link\">Le pagelle dopo il primo ascolto: pi\u00f9 nostalgia che picchi<\/a><a href=\"http:\/\/quotidianodipuglia.it\/spettacoli\/sanremo\/ospiti_sanremo_2026_carlo_conti_madonna_nomi_ultime_notizie-9321085.html\" class=\"ml_articolo\"><u>Conti: \u00abOspiti? Siamo ancora in alto mare\u00bb<\/u><\/a><\/div>\n<div class=\"row item_content_moreinfo middle-xs\">\n<div class=\"col-xs-8\"><span class=\"firma\"><span>di Federico Vacalebre<\/span><\/span><\/div>\n<div class=\"col-xs\">\n<ul class=\"info-item\">\n<li class=\"has-video ri-video-line\">\n<li class=\"has-foto ri-camera-line\"><\/ul>\n<\/div>\n<\/div>\n<\/div>\n<\/article>\n<\/div>\n<\/div>\n<div class=\"strip- lgw\">\n<div class=\"header\"><span class=\"title\"><br \/>\n                Cerca il tuo immobile all&#8217;asta<br \/>\n            <\/span><\/div>\n<div class=\"content\"><a href=\"https:\/\/www.legalmente.net\/\" target=\"_blank\" class=\"brand\"><img decoding=\"async\" src=\"https:\/\/analyse.optim.biz\/wp-content\/uploads\/2026\/01\/logo-150.jpg\" title=\"logo-150\"><\/a><\/div>\n<\/div>\n<\/div>\n<\/div>\n<\/div>\n<\/aside>\n<\/article>\n<p> Source URL: http:\/\/quotidianodipuglia.it\/lecce\/unisalento_esplorazione_fondalirobotica-2203895.html<\/p>\n","protected":false},"excerpt":{"rendered":"<p>I fondali? Si esplorano meglio con i robot di Maria Claudia MINERVA 3 Minuti di Lettura gioved\u00ec 19 gennaio 2017, 06:14 &#8211; Ultimo aggiornamento: 17:18 Uno dei grossi problemi dell\u2019esplorazione degli ecosistemi marini \u00e8 l\u2019eventualit\u00e0 che le sonde inviate per i sopralluoghi o per prelevare campioni di materiale possano danneggiare le creature che vi abitano. [&hellip;]<\/p>\n","protected":false},"author":1,"featured_media":0,"comment_status":"open","ping_status":"","sticky":false,"template":"","format":"standard","meta":{"footnotes":""},"categories":[87],"tags":[155],"class_list":["post-1474372","post","type-post","status-publish","format-standard","hentry","category-italy","tag-quotidianodipuglia-it"],"_links":{"self":[{"href":"https:\/\/analyse.optim.biz\/index.php?rest_route=\/wp\/v2\/posts\/1474372","targetHints":{"allow":["GET"]}}],"collection":[{"href":"https:\/\/analyse.optim.biz\/index.php?rest_route=\/wp\/v2\/posts"}],"about":[{"href":"https:\/\/analyse.optim.biz\/index.php?rest_route=\/wp\/v2\/types\/post"}],"author":[{"embeddable":true,"href":"https:\/\/analyse.optim.biz\/index.php?rest_route=\/wp\/v2\/users\/1"}],"replies":[{"embeddable":true,"href":"https:\/\/analyse.optim.biz\/index.php?rest_route=%2Fwp%2Fv2%2Fcomments&post=1474372"}],"version-history":[{"count":0,"href":"https:\/\/analyse.optim.biz\/index.php?rest_route=\/wp\/v2\/posts\/1474372\/revisions"}],"wp:attachment":[{"href":"https:\/\/analyse.optim.biz\/index.php?rest_route=%2Fwp%2Fv2%2Fmedia&parent=1474372"}],"wp:term":[{"taxonomy":"category","embeddable":true,"href":"https:\/\/analyse.optim.biz\/index.php?rest_route=%2Fwp%2Fv2%2Fcategories&post=1474372"},{"taxonomy":"post_tag","embeddable":true,"href":"https:\/\/analyse.optim.biz\/index.php?rest_route=%2Fwp%2Fv2%2Ftags&post=1474372"}],"curies":[{"name":"wp","href":"https:\/\/api.w.org\/{rel}","templated":true}]}}