{"id":147426,"date":"2017-02-13T13:24:28","date_gmt":"2017-02-13T10:24:28","guid":{"rendered":"https:\/\/analyse.optim.biz\/?p=147426"},"modified":"2017-02-13T13:24:28","modified_gmt":"2017-02-13T10:24:28","slug":"ludovic-orban-vrea-sefia-pnl","status":"publish","type":"post","link":"https:\/\/analyse.optim.biz\/?p=147426","title":{"rendered":"Ludovic Orban vrea \u0219efia PNL"},"content":{"rendered":"<div class=\"entry data-app-meta data-app-meta-article\" data-embed-base-url-canonical=\"https:\/\/www.digi24.ro\/embed\/stiri\/actualitate\/politica\/ludovic-orban-vrea-sefia-pnl-669074\">\n<p data-index=\"1\"><strong>Fostul prim-vicepre\u0219edinte liberal a anun\u021bat, \u00een \u0219edin\u021ba de ast\u0103zi a Biroului Politic Na\u021bional al PNL, c\u0103 va candida pentru func\u021bia de pre\u0219edinte. Ludovic Orban a fost achitat, pe 31 ianuarie, \u00een prima instan\u021b\u0103, \u00een dosarul \u00een care DNA l-a acuzat c\u0103 \u0219i-ar fi folosit func\u021bia politic\u0103 atunci c\u00e2nd ar fi cerut 50.000 de euro de la un om de afaceri, \u00een vederea campaniei electorale pentru localele din 2016.<\/strong><\/p>\n<p data-index=\"2\"><img loading=\"lazy\" decoding=\"async\" class=\"alignnone size-full wp-image-519183\" src=\"https:\/\/analyse.optim.biz\/wp-content\/uploads\/2024\/09\/agfzad1motrkodayzjfimthkotjmzwyxzwi2odi5n2i1ognmoa-thumb_.jpg\" alt=\"ludovic orban digi\" width=\"800\" height=\"560\" data-skip-htmlfix=\"1\" title=\"agfzad1motrkodayzjfimthkotjmzwyxzwi2odi5n2i1ognmoa-thumb_\"><\/p>\n<p data-index=\"3\"><span lang=\"ro-RO\"><strong>ACTUALIZARE 18.10.<\/strong> \u201eN<\/span>u fac parte din nicio cooperativ\u0103, din nicio fac\u0163iune, din nicio ga\u015fc\u0103, din niciun grup, eu fac parte dintr-o echip\u0103, iar echipa mea e \u00eentregul PNL. M<span lang=\"ro-RO\">i-am depus candidatura la func\u0163ia de pre\u015fedinte PNL pentru a oferi partidului din care fac parte caracter \u015fi identitate, for\u0163\u0103 \u015fi credibilitate.<\/span><\/p>\n<p data-index=\"4\"><span lang=\"ro-RO\">Ca pre\u015fedinte al PNL vreau s\u0103 fiu garantul unit\u0103\u0163ii coeziunii interne a PNL, iar obiectivul meu principal e s\u0103 transform \u00een bine Partidul Na\u0163ional Liberal, astfel \u00eenc\u00e2t s\u0103 putem c\u00e2\u015ftiga toate competi\u0163iile electorale \u00eempotriva PSD\u201d, a declarat Ludovic Orban.<\/span><\/p>\n<hr>\n<p data-index=\"5\">\u00a0<\/p>\n<p data-index=\"6\">\u201e<strong>Mi-am anun\u021bat candidatura ferm\u0103 la func\u021bia de pre\u0219edinte PNL. Perioada urm\u0103toare va fi decisiv\u0103. Mi-am depus candidatura la func\u021bia de pre\u0219edinte al PNL pentru a oferi partidului din care fac parte caracter \u0219i entitate, for\u021b\u0103 \u0219i credibilitate<\/strong>\u201d, \u0219i-a explicat Orban, la terminarea BPN al PNL, inten\u021bia de a candida. Acesta a mai spus c\u0103, \u00een calitate de pre\u0219edinte al liberalilor, va fi \u201egarantul unit\u0103\u021bii coeziunii interne a PNL\u201d. \u201e<strong>Iar obiectivul meu principal este s\u0103 transform \u00een bine PNL, astfel \u00eenc\u00e2t s\u0103 putem s\u0103 c\u00e2\u0219tig\u0103m toate competi\u021biile electorale \u00eempotriva PSD<\/strong>. (&#8230;) Vreau ca PNL s\u0103 devin\u0103 for\u021ba politic\u0103 dominant\u0103 \u00een societatea rom\u00e2neasc\u0103, s\u0103 reprezinte Rom\u00e2nia dinamic\u0103, Rom\u00e2nia civilizat\u0103, Rom\u00e2nia oamenilor care tr\u0103iesc cinstit pe propriile picioare\u201d, a mai declarat Orban.<\/p>\n<p data-index=\"7\">Anun\u021bul f\u0103cut de Ludovic Orban \u00een fa\u021ba colegilor de partid vine \u00een contextul \u00een care conducerea PNL analizeaz\u0103 declan\u0219area alegerilor interne, de la baz\u0103 spre v\u00e2rf.<\/p>\n<p data-index=\"8\">\u00centr-o postare pe Facebook, \u00eenaintea \u0219edin\u021bei de ast\u0103zi, liberalul spunea c\u0103 a\u0219teapt\u0103 hot\u0103r\u00e2ri \u201ecare s\u0103 garanteze alegeri libere \u0219i corecte, care s\u0103 permit\u0103 membrilor PNL s\u0103 \u00ee\u0219i aleag\u0103 liderii cei mai buni la toate nivelele\u201d. Anterior, pe 5 februarie, tot pe re\u021beaua de socializare, fostul lider liberal ar\u0103ta: \u201eCine nu respect\u0103 membrii simpli ai partidului nu \u00eei va respecta nici pe cet\u0103\u021beni. Cine amenin\u021b\u0103 \u0219i \u00eencearc\u0103 s\u0103 elimine opozi\u021bia din partid, va \u00eencerca s\u0103 fac\u0103 acela\u0219i lucru \u0219i cu opozi\u021bia din societate. Cine folose\u0219te abuziv puterea \u00een partid, o va folosi abuziv \u0219i \u00een stat, atunci c\u00e2nd ajunge la putere. Cui \u00eei este fric\u0103 de alegeri libere \u00een partid \u00eei va fi fric\u0103 de alegeri libere \u0219i \u00een societate. Cine \u00eencalc\u0103 statutul partidului va \u00eencalca \u0219i legea\u201d.<\/p>\n<p data-index=\"9\">Un posibil contracandidat pentru Ludovic Orban este C\u0103t\u0103lin Predoiu.<\/p>\n<p data-index=\"10\">Dup\u0103 demisia Alinei Gorghiu de la \u0219efia PNL, partidul este condus interimar de Raluca Turcan.<\/p>\n<\/div>\n<p> Source URL: https:\/\/www.digi24.ro\/stiri\/actualitate\/politica\/ludovic-orban-vrea-sefia-pnl-669074<\/p>\n","protected":false},"excerpt":{"rendered":"<p>Fostul prim-vicepre\u0219edinte liberal a anun\u021bat, \u00een \u0219edin\u021ba de ast\u0103zi a Biroului Politic Na\u021bional al PNL, c\u0103 va candida pentru func\u021bia de pre\u0219edinte. Ludovic Orban a fost achitat, pe 31 ianuarie, \u00een prima instan\u021b\u0103, \u00een dosarul \u00een care DNA l-a acuzat c\u0103 \u0219i-ar fi folosit func\u021bia politic\u0103 atunci c\u00e2nd ar fi cerut 50.000 de euro de [&hellip;]<\/p>\n","protected":false},"author":1,"featured_media":147427,"comment_status":"open","ping_status":"","sticky":false,"template":"","format":"standard","meta":{"footnotes":""},"categories":[2],"tags":[11],"class_list":["post-147426","post","type-post","status-publish","format-standard","has-post-thumbnail","hentry","category-politics","tag-digi24"],"_links":{"self":[{"href":"https:\/\/analyse.optim.biz\/index.php?rest_route=\/wp\/v2\/posts\/147426","targetHints":{"allow":["GET"]}}],"collection":[{"href":"https:\/\/analyse.optim.biz\/index.php?rest_route=\/wp\/v2\/posts"}],"about":[{"href":"https:\/\/analyse.optim.biz\/index.php?rest_route=\/wp\/v2\/types\/post"}],"author":[{"embeddable":true,"href":"https:\/\/analyse.optim.biz\/index.php?rest_route=\/wp\/v2\/users\/1"}],"replies":[{"embeddable":true,"href":"https:\/\/analyse.optim.biz\/index.php?rest_route=%2Fwp%2Fv2%2Fcomments&post=147426"}],"version-history":[{"count":0,"href":"https:\/\/analyse.optim.biz\/index.php?rest_route=\/wp\/v2\/posts\/147426\/revisions"}],"wp:featuredmedia":[{"embeddable":true,"href":"https:\/\/analyse.optim.biz\/index.php?rest_route=\/wp\/v2\/media\/147427"}],"wp:attachment":[{"href":"https:\/\/analyse.optim.biz\/index.php?rest_route=%2Fwp%2Fv2%2Fmedia&parent=147426"}],"wp:term":[{"taxonomy":"category","embeddable":true,"href":"https:\/\/analyse.optim.biz\/index.php?rest_route=%2Fwp%2Fv2%2Fcategories&post=147426"},{"taxonomy":"post_tag","embeddable":true,"href":"https:\/\/analyse.optim.biz\/index.php?rest_route=%2Fwp%2Fv2%2Ftags&post=147426"}],"curies":[{"name":"wp","href":"https:\/\/api.w.org\/{rel}","templated":true}]}}