{"id":147345,"date":"2017-02-14T00:34:33","date_gmt":"2017-02-13T21:34:33","guid":{"rendered":"https:\/\/analyse.optim.biz\/?p=147345"},"modified":"2017-02-14T00:34:33","modified_gmt":"2017-02-13T21:34:33","slug":"efectul-controversatei-ordonante-13-asupra-psd","status":"publish","type":"post","link":"https:\/\/analyse.optim.biz\/?p=147345","title":{"rendered":"Efectul controversatei ordonan\u021be 13 asupra PSD"},"content":{"rendered":"<div class=\"entry data-app-meta data-app-meta-article\" data-embed-base-url-canonical=\"https:\/\/www.digi24.ro\/embed\/stiri\/actualitate\/politica\/efectul-controversatei-ordonante-13-asupra-psd-669438\">\n<p data-index=\"1\"><strong><span lang=\"ro-RO\">\u00cen PSD apar semne c\u0103 Liviu Dragnea ar avea de gestionat o situa\u0163ie cu poten\u0163ial de criz\u0103 &#8211; furtuna st\u00e2rnit\u0103 de primarul Ia\u015fiului, Mihai Chirica. Acesta crede c\u0103 Liviu Dragnea face r\u0103u propriului partid. Pozi\u0163iile sale critice au st\u00e2rnit reac\u0163ia celor care \u00eel ap\u0103r\u0103 pe actualul lider al partidului \u015fi care \u00eel invit\u0103 pe primarul din Ia\u015fi s\u0103 plece din r\u00e2ndul social-democra\u0163ilor. <\/span><\/strong><\/p>\n<p data-index=\"2\">\u201eDup\u0103 declara\u021biile lui Mihai Chirica, social-democra\u021bii se str\u0103duiesc s\u0103 arate c\u0103 \u00een PSD este unitate. Doi vicepre\u0219edin\u021bi, Paul St\u0103nescu \u0219i Doina Pan\u0103, spun c\u0103 ar fi bine ca Mihai Chirica s\u0103 \u00ee\u0219i dea demisia pentru c\u0103 este o voce singuralar\u0103 \u00een partid\u201d, relateaz\u0103 Alina Manolach, reporter Digi24.<\/p>\n<p data-index=\"3\">\u201e<span lang=\"ro-RO\">Ori e\u0219ti \u00een continuare \u00een conducerea partidului, ori e\u0219ti \u00een afara partidului, dac\u0103 nu se reg\u0103se\u0219te nu \u0219tiu de ce nu-\u0219i d\u0103 demisia din conducerea PSD, de exemplu\u201d, spune Doina Pan\u0103.<\/span><\/p>\n<p data-index=\"4\"><span lang=\"ro-RO\">Dorin\u0163a colegilor s\u0103i de a-l vedea \u00een afara PSD nu \u00eel sperie pe primarul de la Ia\u015fi. El spune c\u0103 nu exist\u0103 niciun fel de argument pentru excluderea sa din partid. <\/span><\/p>\n<p data-index=\"5\">\u201eNu a fost nicio decizie luat\u0103 de partid pe care s\u0103 o contest, eu am contestat o deczie luat\u0103 de Guvern, am cerut s\u0103 fie abrogat\u0103, a fost abrogat\u0103, am solicitat demisia ministrului \u0219i s-a \u00eent\u00e2mplat. Sunt 100% pe trendul partidului\u201d, spune Mihai Chirica.<\/p>\n<p data-index=\"6\"><span lang=\"ro-RO\">La r\u00e2ndul lor, social-democra\u0163ii vor s\u0103 arate c\u0103 nicio voce critic\u0103 la adresa PSD \u015fi mai ales la adresa <\/span><\/p>\n<p data-index=\"7\">\u201eAtmosfera din partid e bun\u0103. Suntem mai uni\u021bi ca oric\u00e2nd \u00een jurul pre\u0219edintelui PSD, \u00een jurul Guvernului\u201d, spune Doina Pan\u0103.<\/p>\n<p data-index=\"8\">Reporter: Sunt tot felul de zvonuri c\u0103 \u00een PSD sunt tabere \u00een acest moment.<\/p>\n<p data-index=\"9\">Eugen Teodorovici, senator PSD: Nu cred, nu cred. Dac\u0103 sunt&#8230;<\/p>\n<p data-index=\"10\">Reporter: Are sprijin 100% Liviu Dragnea, \u00een acest moment, \u00een PSD?<\/p>\n<p data-index=\"11\">Eugen Teodorovici: A\u015fa cum s-a vorbit \u015fi azi dup\u0103 Birourile reunite, da.<\/p>\n<p data-index=\"12\"><span lang=\"ro-RO\">Pe fondul contrelor din PSD apare din nou \u00een prim plan \u015fi numele fostului premier \u015fi lider al forma\u021biunii, Victor Ponta. Potrivit unor surse <a href=\"http:\/\/www.hotnews.ro\/stiri-politic-21608837-surse-premierul-grindeanu-intalnit-victor-ponta-guvern-adanceste-ruptura-liviu-dragnea.htm\" target=\"_blank\" data-skip-linkfix=\"1\" rel=\"noopener\">HotNews<\/a>, Sorin Grindeanu s-ar fi \u00eent\u00e2lnit cu Victor Ponta chiar la sediul Guvernului pe fondul r\u0103cirii rela\u021biilor dintre premier \u015fi \u015feful s\u0103u de partid. Tot HotNews a scris c\u0103 decizia abrog\u0103rii ordonan\u021bei 13 ar fi fost luat\u0103 unilateral de premierul Grindeanu, iar Liviu Dragnea \u015fi C\u0103lin Popescu T\u0103riceanu ar fi fost nemul\u0163umi\u0163i de hot\u0103r\u00e2re.<\/span><\/p>\n<\/div>\n<p> Source URL: https:\/\/www.digi24.ro\/stiri\/actualitate\/politica\/efectul-controversatei-ordonante-13-asupra-psd-669438<\/p>\n","protected":false},"excerpt":{"rendered":"<p>\u00cen PSD apar semne c\u0103 Liviu Dragnea ar avea de gestionat o situa\u0163ie cu poten\u0163ial de criz\u0103 &#8211; furtuna st\u00e2rnit\u0103 de primarul Ia\u015fiului, Mihai Chirica. Acesta crede c\u0103 Liviu Dragnea face r\u0103u propriului partid. Pozi\u0163iile sale critice au st\u00e2rnit reac\u0163ia celor care \u00eel ap\u0103r\u0103 pe actualul lider al partidului \u015fi care \u00eel invit\u0103 pe primarul [&hellip;]<\/p>\n","protected":false},"author":1,"featured_media":147346,"comment_status":"open","ping_status":"","sticky":false,"template":"","format":"standard","meta":{"footnotes":""},"categories":[2],"tags":[11],"class_list":["post-147345","post","type-post","status-publish","format-standard","has-post-thumbnail","hentry","category-politics","tag-digi24"],"_links":{"self":[{"href":"https:\/\/analyse.optim.biz\/index.php?rest_route=\/wp\/v2\/posts\/147345","targetHints":{"allow":["GET"]}}],"collection":[{"href":"https:\/\/analyse.optim.biz\/index.php?rest_route=\/wp\/v2\/posts"}],"about":[{"href":"https:\/\/analyse.optim.biz\/index.php?rest_route=\/wp\/v2\/types\/post"}],"author":[{"embeddable":true,"href":"https:\/\/analyse.optim.biz\/index.php?rest_route=\/wp\/v2\/users\/1"}],"replies":[{"embeddable":true,"href":"https:\/\/analyse.optim.biz\/index.php?rest_route=%2Fwp%2Fv2%2Fcomments&post=147345"}],"version-history":[{"count":0,"href":"https:\/\/analyse.optim.biz\/index.php?rest_route=\/wp\/v2\/posts\/147345\/revisions"}],"wp:featuredmedia":[{"embeddable":true,"href":"https:\/\/analyse.optim.biz\/index.php?rest_route=\/wp\/v2\/media\/147346"}],"wp:attachment":[{"href":"https:\/\/analyse.optim.biz\/index.php?rest_route=%2Fwp%2Fv2%2Fmedia&parent=147345"}],"wp:term":[{"taxonomy":"category","embeddable":true,"href":"https:\/\/analyse.optim.biz\/index.php?rest_route=%2Fwp%2Fv2%2Fcategories&post=147345"},{"taxonomy":"post_tag","embeddable":true,"href":"https:\/\/analyse.optim.biz\/index.php?rest_route=%2Fwp%2Fv2%2Ftags&post=147345"}],"curies":[{"name":"wp","href":"https:\/\/api.w.org\/{rel}","templated":true}]}}