{"id":147333,"date":"2017-02-14T09:40:35","date_gmt":"2017-02-14T06:40:35","guid":{"rendered":"https:\/\/analyse.optim.biz\/?p=147333"},"modified":"2017-02-14T09:40:35","modified_gmt":"2017-02-14T06:40:35","slug":"oug-14-a-fost-adoptata-de-senat-oug-13-ramane-in-comisii","status":"publish","type":"post","link":"https:\/\/analyse.optim.biz\/?p=147333","title":{"rendered":"OUG 14 a fost adoptat\u0103 de Senat. OUG 13 r\u0103m\u00e2ne \u00een comisii"},"content":{"rendered":"<div class=\"entry data-app-meta data-app-meta-article\" data-embed-base-url-canonical=\"https:\/\/www.digi24.ro\/embed\/stiri\/actualitate\/politica\/oug-14-intra-la-vot-in-plenul-senatului-669497\">\n<p lang=\"ro-RO\" data-index=\"1\"><strong>Ordonan\u0163a 14, cea prin care este abrogat\u0103 modificarea Codului Penal, a fost adoptat\u0103 ast\u0103zi plenului Senatului. La r\u00e2ndul s\u0103u, ordonan\u0163a 13 va intra ast\u0103zi, \u00een dezbatere, \u00een comisia juridic\u0103 a Senatului.<\/strong><\/p>\n<figure class=\"article-thumb\"><img decoding=\"async\" src=\"https:\/\/analyse.optim.biz\/wp-content\/uploads\/2024\/09\/mszoyxnoptq5zdy2ytrly2y2mgnimdflmze5zjnjmgnmmwvjmjjj-thumb_.jpg\" alt=\"161220_SED_SENAT_NOUA_LEGISLATURA_01_INQUAM_Octav_Ganea_\" data-skip-htmlfix=\"1\" title=\"mszoyxnoptq5zdy2ytrly2y2mgnimdflmze5zjnjmgnmmwvjmjjj-thumb_\"><figcaption> Foto: InquamPhotos\/Octav Ganea <\/figcaption><\/figure>\n<p lang=\"ro-RO\" data-index=\"2\"><strong>Actualizare 11:40<\/strong>. Senatul a adoptat OUG 14 cu unanimitate de voturi. Mai exact cu 118 voturi \u201epentru\u201d \u00a0\u0219i niciun vot \u201e\u00eempotriv\u0103\u201d.<\/p>\n<p lang=\"ro-RO\" data-index=\"3\"><strong>Actualizare 11:00.<\/strong>\u00a0\u0218edin\u021b\u0103 tensionat\u0103 \u00een plenul Senatului. PNL cere suspendarea \u0219edin\u021bei \u0219i votarea la pachet a celor dou\u0103 ordonan\u021be, 13 \u0219i 14, \u00eentr-o \u0219edin\u021b\u0103 comun\u0103. A\u0219adar, ei cer voturi simultane de respingere a OUG 13 \u0219i de adoptare a OUG 14, dup\u0103 ce \u0218erban Nicolae nu a exclus ca prima ordonan\u021b\u0103\u00a0s\u0103 fie \u0219i ea adoptat\u0103.<\/p>\n<p data-index=\"4\">Vlad Alexandrescu, senator USR: A\u0219 dori s\u0103 v\u0103 propun suplimentarea ordinii de zi \u00een plen cu privire la legea de respingere a OUG 13 \u00een Senat. Exist\u0103 probleme cu OUG 14, posibile probleme de constitu\u021bionalitate. Colegii de la Comisia Juridic\u0103 au g\u0103sit \u00een\u021belegere de a introduce amendamente care s\u0103 o fereasc\u0103 de probleme de constitu\u021bionalitate, dar mai r\u00e2m\u00e2n probleme de constitu\u021bionalitate \u00een ceea ce prive\u0219te OUG 14. Guvernul a abrogat ordonan\u021ba 13, pentru ca aceast\u0103 abrogare s\u0103 fie efectiv\u0103, \u00een Constitu\u021bie se spune foarte clar c\u0103 o ordonan\u021b\u0103 supus\u0103 Parlamentului se aprob\u0103 sau se respinge printr-o lege. Mi se pare foarte important s\u0103 ne pronun\u0163\u0103m \u00een plen \u00een privin\u021ba legii de respingere a OUG 13 \u0219i s\u0103 nu cre\u0103m o fereastr\u0103 de timp pe discu\u021bia \u00eentre OUG 13 \u0219i 14. Ele trebuie s\u0103 mearg\u0103 \u00eempreun\u0103. Ca o dovad\u0103 de bun\u0103 credin\u021b\u0103 a majorit\u0103\u021bii PSD \u0219i ALDE, v\u0103 rog s\u0103 fi\u021bi de acord cu ordinea de zi pentru a discuta \u0219i ordonan\u021ba de respingere. Nu e necesar\u0103 nicio consultare \u00een comisia juridic\u0103, pentru c\u0103 acest consult vizeaz\u0103 o ordonan\u021b\u0103 abrogat\u0103.<\/p>\n<p data-index=\"5\">C\u0103lin Popescu T\u0103riceanu, pre\u0219edintele Senatului: Am vag\u0103 senza\u021bie c\u0103 intra\u021bi \u00eentr-un teren delicat, pe care nu prea \u00eel st\u0103p\u00e2ni\u021bi. Am remarcat inadverten\u021bele. Una e ca OUG 13 are avizul CSM. CCR s-a pronun\u021bat foarte clar c\u0103 nu e nevoie de aviz. Materializ\u00e2nd inten\u021bia dvs. am c\u0103dea \u00een ridicol. Ce s\u0103 respingem? O OUG abrogat\u0103 \u0219i care nu exist\u0103?<\/p>\n<p data-index=\"6\">\u015eerban Nicolae, senator PSD: Am ascultat o lung\u0103 pledoarie inutil\u0103, care face abstrac\u021bie de procedurile regulamentare, dar \u0219i de informa\u021bii esen\u021biale. Nu suntem sesiza\u0163i cu nicio ordonan\u0163\u0103, ci cu proiecte de lege de aprobare a OUG 13 \u0219i aprobare a OUG 14. Din acest punct de vedere, nu s-a pronun\u021bat nicio institu\u021bie din cele men\u021bionate. Chiar dac\u0103 s-ar fi pronun\u021bat, nu \u00eenseamn\u0103 c\u0103 nu puteam face consult\u0103ri. Ar fi ilogic c\u0103 spunem c\u0103 nu putem face consult\u0103ri pentru c\u0103 nu s-a dat preaviz. Am anun\u021bat c\u0103 vom face azi o prim\u0103 dezbatere cu membrii comisiei pe cele trei proiecte: aprobare OUG 13, proiectul privind gra\u021bierea \u0219i proiectul privind modif\u0103rile la legea 254\/2013, urm\u00e2nd ca pe 21 s\u0103 avem o dezbatere, invit\u00e2nd \u0219i institu\u021biile publice. Mi se pare c\u0103 ni se propune o scamatorie s\u0103 anun\u021b\u0103m institu\u021biile publice c\u0103 vor fi consultate pe 21 februarie, \u0219i s\u0103-i anun\u021b\u0103m pe 14 c\u0103 ne-am pronun\u021bat deja.<\/p>\n<hr>\n<p lang=\"ro-RO\" data-index=\"7\">Senatorii juri\u0219ti de la Comisia Juridic\u0103 a Senatului au dat, luni sear\u0103, un vot pentru adoptarea ordonan\u021bei 14. Sunt \u0219anse mari azi ca \u0219i \u00een plenul Senatului s\u0103 se dea un vot asem\u0103n\u0103tor.<\/p>\n<p lang=\"ro-RO\" data-index=\"8\">Dup\u0103 votul de ast\u0103zi, OUG 14 va merge la Camera Deputa\u021bilor \u2013 camer\u0103 decizional\u0103. Mai \u00eent\u00e2i va trece prin comisiile de specialitate, apoi urmeaz\u0103 votul \u00een plen \u00een maximum dou\u0103 s\u0103pt\u0103m\u00e2ni.<\/p>\n<p lang=\"ro-RO\" data-index=\"9\"><strong><a href=\"https:\/\/www.digi24.ro\/stiri\/actualitate\/justitie\/legea-gratierii\/oug-13-serban-nicolae-niciodata-nu-putem-sa-fim-siguri-669413\" target=\"_blank\" data-skip-linkfix=\"1\" rel=\"noopener\">\u0218erban Nicolae (PSD) nu exclude \u0219i adoptarea OUG 13<\/a><\/strong><\/p>\n<p lang=\"ro-RO\" data-index=\"10\">Scandalul ordonan\u0163elor s-a mutat, \u00een Parlament. Pre\u015fedintele comisiei juridice a Senatului, \u015eerban Nicolae, vrea dezbateri cu societatea civil\u0103 \u015fi cu magistra\u0163ii pentru ordonan\u0163a 13, ordonan\u0163\u0103 abrogat\u0103 deja de Guvern.<\/p>\n<p lang=\"ro-RO\" data-index=\"11\">Mai mult, social democratul nu exclude o eventual\u0103 aprobare a controversatei ordonan\u0163e, spun\u00e2nd c\u0103 trebuie discutat\u0103, la fel ca orice alt proiect legislativ.<\/p>\n<p lang=\"ro-RO\" data-index=\"12\"><a href=\"https:\/\/www.digi24.ro\/stiri\/actualitate\/politica\/oug-14-adoptata-in-comisia-juridica-669266\" target=\"_blank\" data-skip-linkfix=\"1\" rel=\"noopener\">\u015eerban Nicolae a fost iritat<\/a> de prezen\u0163a la dezbateri a unui reprezentant al Parchetului General, a\u015fa c\u0103 l-a dat afar\u0103.<\/p>\n<\/div>\n<p> Source URL: https:\/\/www.digi24.ro\/stiri\/actualitate\/politica\/oug-14-intra-la-vot-in-plenul-senatului-669497<\/p>\n","protected":false},"excerpt":{"rendered":"<p>Ordonan\u0163a 14, cea prin care este abrogat\u0103 modificarea Codului Penal, a fost adoptat\u0103 ast\u0103zi plenului Senatului. La r\u00e2ndul s\u0103u, ordonan\u0163a 13 va intra ast\u0103zi, \u00een dezbatere, \u00een comisia juridic\u0103 a Senatului. Foto: InquamPhotos\/Octav Ganea Actualizare 11:40. Senatul a adoptat OUG 14 cu unanimitate de voturi. Mai exact cu 118 voturi \u201epentru\u201d \u00a0\u0219i niciun vot \u201e\u00eempotriv\u0103\u201d. [&hellip;]<\/p>\n","protected":false},"author":1,"featured_media":147334,"comment_status":"open","ping_status":"","sticky":false,"template":"","format":"standard","meta":{"footnotes":""},"categories":[2],"tags":[11],"class_list":["post-147333","post","type-post","status-publish","format-standard","has-post-thumbnail","hentry","category-politics","tag-digi24"],"_links":{"self":[{"href":"https:\/\/analyse.optim.biz\/index.php?rest_route=\/wp\/v2\/posts\/147333","targetHints":{"allow":["GET"]}}],"collection":[{"href":"https:\/\/analyse.optim.biz\/index.php?rest_route=\/wp\/v2\/posts"}],"about":[{"href":"https:\/\/analyse.optim.biz\/index.php?rest_route=\/wp\/v2\/types\/post"}],"author":[{"embeddable":true,"href":"https:\/\/analyse.optim.biz\/index.php?rest_route=\/wp\/v2\/users\/1"}],"replies":[{"embeddable":true,"href":"https:\/\/analyse.optim.biz\/index.php?rest_route=%2Fwp%2Fv2%2Fcomments&post=147333"}],"version-history":[{"count":0,"href":"https:\/\/analyse.optim.biz\/index.php?rest_route=\/wp\/v2\/posts\/147333\/revisions"}],"wp:featuredmedia":[{"embeddable":true,"href":"https:\/\/analyse.optim.biz\/index.php?rest_route=\/wp\/v2\/media\/147334"}],"wp:attachment":[{"href":"https:\/\/analyse.optim.biz\/index.php?rest_route=%2Fwp%2Fv2%2Fmedia&parent=147333"}],"wp:term":[{"taxonomy":"category","embeddable":true,"href":"https:\/\/analyse.optim.biz\/index.php?rest_route=%2Fwp%2Fv2%2Fcategories&post=147333"},{"taxonomy":"post_tag","embeddable":true,"href":"https:\/\/analyse.optim.biz\/index.php?rest_route=%2Fwp%2Fv2%2Ftags&post=147333"}],"curies":[{"name":"wp","href":"https:\/\/api.w.org\/{rel}","templated":true}]}}