{"id":147167,"date":"2017-02-14T20:19:28","date_gmt":"2017-02-14T17:19:28","guid":{"rendered":"https:\/\/analyse.optim.biz\/?p=147167"},"modified":"2017-02-14T20:19:28","modified_gmt":"2017-02-14T17:19:28","slug":"conflictul-dragnea-iohannis-nu-e-nou-firul-acuzatiilor-de-tradare-si-minciuna","status":"publish","type":"post","link":"https:\/\/analyse.optim.biz\/?p=147167","title":{"rendered":"Conflictul Dragnea-Iohannis nu e nou. Firul acuza\u0163iilor de tr\u0103dare \u015fi minciun\u0103"},"content":{"rendered":"<div class=\"entry data-app-meta data-app-meta-article\" data-embed-base-url-canonical=\"https:\/\/www.digi24.ro\/embed\/stiri\/actualitate\/politica\/conflictul-dragnea-iohannis-nu-e-nou-firul-acuzatiilor-de-tradare-si-minciuna-669974\">\n<p data-index=\"1\"><strong>Modul \u00een care Guvernul a ales s\u0103 legifereze \u00een domeniul justi\u0163iei a scos \u00een strad\u0103 sute de mii de oameni timp de 14 zile. Ace\u015ftia au cerut demisia Executivului. \u00cen paralel, mii de protestatari s-au adunat la Cotroceni \u00een ultima s\u0103pt\u0103m\u00e2n\u0103, pentru a cere demisia pre\u015fedintelui Klaus Iohannis pe motiv c\u0103 \u015fi-ar fi \u00eenc\u0103lcat rolul de mediator. Acest tablou al celor &#8220;dou\u0103 Rom\u00e2nii&#8221;, astfel cum des a fost descris\u0103 aceast\u0103 situa\u0163ie \u2013 men\u0163ine \u00een scen\u0103 \u015fi \u00eei reactiveaz\u0103 pe cei doi adversari\u00a0politici: Liviu Dragnea \u015fi Klaus Iohannis. Divergen\u0163ele dintre cei doi nu sunt recente, primele replici acide fiind aruncate <\/strong><strong>\u00een 2014 c\u00e2nd Dragnea l-a acuzat pe Iohannis c\u0103, \u00een 2009, a tr\u0103dat PSD, sus\u0163in\u00e2ndu-l pe Traian B\u0103sescu<\/strong><strong>.<\/strong><\/p>\n<figure class=\"article-thumb\"><img decoding=\"async\" src=\"https:\/\/analyse.optim.biz\/wp-content\/uploads\/2024\/09\/mcz6yz0xjmhhc2g9zmq3zjvhnmrimjrlnjjmy2fhm2yxzme1y2ezmwuwntc-thumb_-1.jpg\" alt=\"Klaus Iohannis Liviu Dragnea agerpres\" data-skip-htmlfix=\"1\" title=\"mcz6yz0xjmhhc2g9zmq3zjvhnmrimjrlnjjmy2fhm2yxzme1y2ezmwuwntc-thumb_-1\"><figcaption> FOTO Agerpres <\/figcaption><\/figure>\n<p data-index=\"2\"><span><strong>\u00cen<span> septembrie 2014,<\/span> Liviu Dragnea, pe atunci vicepremier, \u00eel acuza pe Klaus Iohannis de minciun\u0103 \u00een scandalul pe tema particip\u0103rii sale la negocierile din 2009, la sediul GRIVCO, al\u0103turi de Dan Voiculescu.<\/strong><\/span><\/p>\n<p data-index=\"3\"><span>Pe atunci pre\u015fedinte al PNL \u015fi candidat ACL la preziden\u0163iale, Klaus Iohannis a fost acuzat c\u0103 a fost la o \u00eent\u00e2lnire cu Traian B\u0103sescu la Vila Lac \u015fi c\u0103 a participat la o negociere cu Dan Voiculescu, \u00een 2009, la GRIVCO.<\/span><\/p>\n<p data-index=\"4\"><span>De altfel, fostul ministru al Economiei, Codru\u0163 \u015eere\u015f, declarase c\u0103 l-a \u00eent\u00e2mpinat personal pe Iohannis \u015fi c\u0103 l-a condus c\u0103tre sala de \u015fedin\u0163e, unde se afla Dan Voiculescu. Surse liberale precizau la vremea respectiv\u0103 \u00eens\u0103 c\u0103 fostul lider PNL, Crin Antonescu, le-ar fi spus senatorilor liberali c\u0103 la respectiva \u00eent\u00e2lnire din 2009 au participat doar el \u015fi Mircea Geoan\u0103, nu \u015fi Iohannis.<\/span><\/p>\n<p data-index=\"5\"><span><span>&#8220;Ceea ce nu \u00een\u0163eleg eu este de ce Iohannis neag\u0103 deoarece nu a fost nimic ilegal \u00een asta&#8230; <strong>E un om mincinos&#8221;<\/strong>, afirma Liviu Dragnea, \u00een acest context, \u00een septembrie 2014. &#8220;Sus\u0163inerea lui Iohannis la Sibiu pentru Geoan\u0103 a fost atunci de 65.000 de voturi&#8230; Iohannis trebuia s\u0103 fac\u0103 o conferin\u0163\u0103 de pres\u0103 public\u0103 \u00eempreun\u0103 cu Mircea Geoan\u0103 anun\u0163\u00e2nd doar c\u0103-l sprijin\u0103 pe acesta, dar c\u00e2nd s\u0103 facem conferin\u0163\u0103 domnul Iohannis a disp\u0103rut din \u0163ar\u0103&#8221;, ad\u0103uga Liviu Dragnea.<\/span><\/span><\/p>\n<p data-index=\"6\"><span><strong>\u00cen <span>octombrie 2016<\/span>,<\/strong><em><strong>\u00a0<\/strong><\/em><strong><a href=\"https:\/\/www.digi24.ro\/stiri\/actualitate\/politica\/proiectul-ciolos\/dragnea-ii-face-mincinosi-pe-iohannis-si-ciolos-595500\" target=\"_blank\" data-skip-linkfix=\"1\" rel=\"noopener\">Liviu Dragnea s-a ar\u0103tat iritat<\/a> dup\u0103 ce PNL a votat \u00een \u015fedin\u0163a conducerii ca Dacian Ciolo\u015f s\u0103 fie propunerea de premier a partidului.<\/strong><\/span><\/p>\n<p data-index=\"7\"><span>\u201d<strong>Un mincinos. \u015ei el, \u015fi Klaus Iohannis, doi mincino\u015fi<\/strong>. Klaus Iohannis ne-a spus &#8211; pot s\u0103 \u00eei spun acum Klaus Iohannis pe nume pentru c\u0103 e om politic, este \u015feful de facto al PNL, \u015fi Dacian Julien Ciolo\u015f la fel, \u015fi dumnealui e membru simplu \u00een PNL, deocamdat\u0103 &#8211; am\u00e2ndoi ne-au min\u0163it atunci c\u00e2nd ne-au cerut s\u0103 \u00eel sprijinim pe Dacian Julien Ciolo\u015f premier al Rom\u00e2niei, spun\u00e2nd c\u0103 este un mandat limitat\u201d, spunea Liviu Dragnea.<\/span><\/p>\n<p data-index=\"8\"><span>\u201dLucrul \u0103sta l-a garantat \u015fi pre\u015fedintele Iohannis, la vremea respectiv\u0103, c\u0103 nu se va implica \u00een politic\u0103. S-a dovedit c\u0103 au fost doi mincino\u015fi, de la \u00eenceput, doi ipocri\u0163i\u201d, a mai afirmat atunci Dragnea. El sublinia c\u0103 nu \u00eel intereseaz\u0103 c\u0103 cei doi s-au implicat \u00een politic\u0103, ci \u00eel deranjeaz\u0103 doar c\u0103 nu au curajul s\u0103 \u00ee\u015fi sume, s\u0103 spun\u0103 clar c\u0103 sunt \u00een campanie pentru PNL.<\/span><\/p>\n<p data-index=\"9\"><span><strong>\u00cen <span>decembrie 2016<\/span>, Liviu Dragnea, pre\u015fedintele PSD, \u00eel critica \u00een termeni duri pe pre\u015fedintele Klaus Iohannis, pentru am\u00e2narea desemn\u0103rii premierului<\/strong>. Mai mult, Dragnea \u00eel f\u0103cea din nou mincinos pe \u015feful statului, pentru informa\u0163iile date &#8220;pe surse&#8221; de la Cotroceni.<\/span><\/p>\n<p data-index=\"10\"><span>&#8220;E o b\u0103taie de joc la adresa romanilor. Am inteles c\u0103 de fapt face tot posibilul ca o mare parte din programul nostru de guvernare s\u0103 nu fie aplicat, \u00een a\u015fa fel \u00eenc\u00e2t rom\u00e2nii s\u0103 nu beneficieze, pentru a ne sc\u0103dea nou\u0103 cota de \u00eencredere&#8221;, afirma Liviu Dragnea.<\/span><\/p>\n<p data-index=\"11\"><span>Pre\u015fedintele PSD \u00eel critic\u0103 pe Iohannis \u015fi pentru c\u0103 a transmis &#8220;pe surse&#8221;, f\u0103r\u0103 s\u0103-\u015fi asume public, c\u0103 le-ar fi comunicat liderilor PSD motivele respingerii lui Sevil Shhaideh.<\/span><\/p>\n<p data-index=\"12\"><span>&#8220;Mi se pare jenant ca un \u015fef de stat s\u0103 vrea s\u0103 dea ni\u015fte informa\u0163ii f\u0103r\u0103 s\u0103 \u015fi le asume. <strong>Acuma trebuie s\u0103 coment\u0103m ni\u015fte minciuni ale pre\u015fedintelui Rom\u00e2niei.<\/strong> A spus c\u0103 ne-a trimis o adres\u0103 \u00een care ne-a explicat motivele respingerii. C\u00e2nd am auzit, \u015fi eu, \u015fi domnul T\u0103riceanu am \u00eenceput s\u0103 sun\u0103m la partide s\u0103 vedem dac\u0103 am primit a\u015fa ceva&#8221;, a mai declarat Dragnea.<\/span><\/p>\n<p data-index=\"13\"><strong>\u00cen<span> ianuarie 2017<\/span>, Liviu Dragnea a sus\u0163inut la un post de televiziune c\u0103 exist\u0103 un adev\u0103rat plan de sabotare a programului de guvernare al PSD. Iar \u00een spatele acestui plan s-ar afla pre\u015fedintele Klaus Iohannis. Miza ar fi alegerile preziden\u0163iale din 2019.<\/strong><\/p>\n<p data-index=\"14\"><\/p>\n<p data-index=\"15\">Liviu Dragnea: \u201eEu nu sunt \u00een r\u0103zboi. A, c\u0103 simt o presiune foarte mare, simt amenin\u0163\u0103ri \u00een permanen\u0163\u0103 \u015fi de la dumnealui \u015fi de la al\u0163i purt\u0103tori de voce \u015fi de vorbe, dar eu \u00een r\u0103zboi, nu. A, c\u0103 sunt agresat, da. Dar de la mine nu o s\u0103 vede\u0163i nimic pornit \u00eempotriva dumnealui.<\/p>\n<p data-index=\"16\">La mine cred c\u0103 sunt \u015fansele foarte mici, sper ca \u015fi ceilal\u0163i s\u0103 reziste.<\/p>\n<p data-index=\"17\">Eu dac\u0103 e s\u0103 mor, am ales s\u0103 mor \u00een picioare, jos nu m\u0103 poate pune\u201d.<\/p>\n<p data-index=\"18\">\u00a0<\/p>\n<\/div>\n<p> Source URL: https:\/\/www.digi24.ro\/stiri\/actualitate\/politica\/conflictul-dragnea-iohannis-nu-e-nou-firul-acuzatiilor-de-tradare-si-minciuna-669974<\/p>\n","protected":false},"excerpt":{"rendered":"<p>Modul \u00een care Guvernul a ales s\u0103 legifereze \u00een domeniul justi\u0163iei a scos \u00een strad\u0103 sute de mii de oameni timp de 14 zile. Ace\u015ftia au cerut demisia Executivului. \u00cen paralel, mii de protestatari s-au adunat la Cotroceni \u00een ultima s\u0103pt\u0103m\u00e2n\u0103, pentru a cere demisia pre\u015fedintelui Klaus Iohannis pe motiv c\u0103 \u015fi-ar fi \u00eenc\u0103lcat rolul [&hellip;]<\/p>\n","protected":false},"author":1,"featured_media":147168,"comment_status":"open","ping_status":"","sticky":false,"template":"","format":"standard","meta":{"footnotes":""},"categories":[2],"tags":[11],"class_list":["post-147167","post","type-post","status-publish","format-standard","has-post-thumbnail","hentry","category-politics","tag-digi24"],"_links":{"self":[{"href":"https:\/\/analyse.optim.biz\/index.php?rest_route=\/wp\/v2\/posts\/147167","targetHints":{"allow":["GET"]}}],"collection":[{"href":"https:\/\/analyse.optim.biz\/index.php?rest_route=\/wp\/v2\/posts"}],"about":[{"href":"https:\/\/analyse.optim.biz\/index.php?rest_route=\/wp\/v2\/types\/post"}],"author":[{"embeddable":true,"href":"https:\/\/analyse.optim.biz\/index.php?rest_route=\/wp\/v2\/users\/1"}],"replies":[{"embeddable":true,"href":"https:\/\/analyse.optim.biz\/index.php?rest_route=%2Fwp%2Fv2%2Fcomments&post=147167"}],"version-history":[{"count":0,"href":"https:\/\/analyse.optim.biz\/index.php?rest_route=\/wp\/v2\/posts\/147167\/revisions"}],"wp:featuredmedia":[{"embeddable":true,"href":"https:\/\/analyse.optim.biz\/index.php?rest_route=\/wp\/v2\/media\/147168"}],"wp:attachment":[{"href":"https:\/\/analyse.optim.biz\/index.php?rest_route=%2Fwp%2Fv2%2Fmedia&parent=147167"}],"wp:term":[{"taxonomy":"category","embeddable":true,"href":"https:\/\/analyse.optim.biz\/index.php?rest_route=%2Fwp%2Fv2%2Fcategories&post=147167"},{"taxonomy":"post_tag","embeddable":true,"href":"https:\/\/analyse.optim.biz\/index.php?rest_route=%2Fwp%2Fv2%2Ftags&post=147167"}],"curies":[{"name":"wp","href":"https:\/\/api.w.org\/{rel}","templated":true}]}}