{"id":1471503,"date":"2014-12-08T23:08:19","date_gmt":"2014-12-08T20:08:19","guid":{"rendered":"https:\/\/analyse.optim.biz\/?p=1471503"},"modified":"2014-12-08T23:08:19","modified_gmt":"2014-12-08T20:08:19","slug":"08-12-2014-invitat-mihai-grecu","status":"publish","type":"post","link":"https:\/\/analyse.optim.biz\/?p=1471503","title":{"rendered":"08.12.2014 Invitat Mihai Grecu"},"content":{"rendered":"<article id=\"post-151743\" class=\"post-151743 post type-post status-publish format-standard has-post-thumbnail hentry category-pressalert-tv category-pressalert-tv-live-sezonul-2 tag-emisiune tag-invitat tag-mihai-grecu tag-pressalert-live tag-sef tag-spitalul-judetean tag-timisoara tag-unitatea-primiri-urgente tag-upu\">\n<div class=\"td-post-header td-pb-padding-side\">\n<div class=\"entry-crumbs\"><span><a title class=\"entry-crumb\" href=\"https:\/\/www.pressalert.ro\/\"><span>Acas\u0103<\/span><\/a><\/span><span><a title=\"Vede\u021bi toate articolele \u00een PRESSALERT LIVE\" class=\"entry-crumb\" href=\"https:\/\/www.pressalert.ro\/category\/pressalert-tv\/\"><span>PRESSALERT LIVE<\/span><\/a><\/span><span class=\"td-bred-no-url-last\">08.12.2014 Invitat Mihai Grecu<\/span><\/div>\n<ul class=\"td-category\">\n<li class=\"entry-category\"><a href=\"https:\/\/www.pressalert.ro\/category\/pressalert-tv\/\">PRESSALERT LIVE<\/a><\/li>\n<li class=\"entry-category\"><a href=\"https:\/\/www.pressalert.ro\/category\/pressalert-tv\/pressalert-tv-live-sezonul-2\/\">Pressalert LIVE &#8211; Sezonul II<\/a><\/li>\n<\/ul>\n<header>\n<h1 class=\"entry-title\">08.12.2014 Invitat Mihai Grecu<\/h1>\n<div class=\"meta-info\">\n<div class=\"td-post-author-name\">\n<div class=\"td-author-by\">De<\/div>\n<p><a href=\"https:\/\/www.pressalert.ro\/author\/marius-popescu\/\">Marius Popescu<\/a><\/p>\n<div class=\"td-author-line\"> &#8211; <\/div>\n<\/div>\n<p><span class=\"td-post-date\"><time class=\"entry-date updated td-module-date\" datetime=\"2014-12-08T23:08:19+00:00\">dec. 8, 2014<\/time><\/span><\/p>\n<div class=\"td-post-comments\"><a href=\"https:\/\/www.pressalert.ro\/2014\/12\/08-12-2014-invitat-mihai-grecu\/#respond\">0<\/a><\/div>\n<\/div>\n<\/header>\n<\/div>\n<div class=\"td-post-sharing td-post-sharing-top td-pb-padding-side\"><span class=\"td-post-share-title\">DISTRIBUI\u021aI<\/span><\/p>\n<div class=\"td-default-sharing \"><a class=\"td-social-sharing-buttons td-social-facebook\" href=\"http:\/\/www.facebook.com\/sharer.php?u=https%3A%2F%2Fwww.pressalert.ro%2F2014%2F12%2F08-12-2014-invitat-mihai-grecu%2F\"><\/p>\n<div class=\"td-social-but-text\">Facebook<\/div>\n<p><\/a><a class=\"td-social-sharing-buttons td-social-twitter\" href=\"https:\/\/twitter.com\/intent\/tweet?text=08.12.2014+Invitat+Mihai+Grecu&amp;url=https%3A%2F%2Fwww.pressalert.ro%2F2014%2F12%2F08-12-2014-invitat-mihai-grecu%2F&amp;via=PRESSALERT.ro\"><\/p>\n<div class=\"td-social-but-text\">Twitter<\/div>\n<p><\/a><\/div>\n<\/div>\n<div class=\"td-post-content td-pb-padding-side\">p&gt;Invitat Mihai Grecu, \u0219eful Unit\u0103\u021bii de Primiri Urgen\u021be de la Spitalul Jude\u021bean Timi\u0219ora.<br \/>\n<iframe loading=\"lazy\" src=\"https:\/\/www.youtube.com\/embed\/kJC9B5SQmV4\" width=\"560\" height=\"315\" frameborder allowfullscreen=\"allowfullscreen\"><\/iframe><\/p>\n<\/div>\n<footer>\n<div class=\"td-post-source-tags td-pb-padding-side\">\n<ul class=\"td-tags td-post-small-box clearfix\">\n<li><span>ETICHETE<\/span><\/li>\n<li><a href=\"https:\/\/www.pressalert.ro\/tag\/emisiune\/\">emisiune<\/a><\/li>\n<li><a href=\"https:\/\/www.pressalert.ro\/tag\/invitat\/\">invitat<\/a><\/li>\n<li><a href=\"https:\/\/www.pressalert.ro\/tag\/mihai-grecu\/\">mihai grecu<\/a><\/li>\n<li><a href=\"https:\/\/www.pressalert.ro\/tag\/pressalert-live\/\">pressalert live<\/a><\/li>\n<li><a href=\"https:\/\/www.pressalert.ro\/tag\/sef\/\">sef<\/a><\/li>\n<li><a href=\"https:\/\/www.pressalert.ro\/tag\/spitalul-judetean\/\">spitalul judetean<\/a><\/li>\n<li><a href=\"https:\/\/www.pressalert.ro\/tag\/timisoara\/\">Timisoara<\/a><\/li>\n<li><a href=\"https:\/\/www.pressalert.ro\/tag\/unitatea-primiri-urgente\/\">unitatea primiri urgente<\/a><\/li>\n<li><a href=\"https:\/\/www.pressalert.ro\/tag\/upu\/\">upu<\/a><\/li>\n<\/ul>\n<\/div>\n<div class=\"td-post-sharing td-post-sharing-bottom td-pb-padding-side\"><span class=\"td-post-share-title\">DISTRIBUI\u021aI<\/span><\/p>\n<div class=\"td-default-sharing \"><a class=\"td-social-sharing-buttons td-social-facebook\" href=\"http:\/\/www.facebook.com\/sharer.php?u=https%3A%2F%2Fwww.pressalert.ro%2F2014%2F12%2F08-12-2014-invitat-mihai-grecu%2F\"><\/p>\n<div class=\"td-social-but-text\">Facebook<\/div>\n<p><\/a><a class=\"td-social-sharing-buttons td-social-twitter\" href=\"https:\/\/twitter.com\/intent\/tweet?text=08.12.2014+Invitat+Mihai+Grecu&amp;url=https%3A%2F%2Fwww.pressalert.ro%2F2014%2F12%2F08-12-2014-invitat-mihai-grecu%2F&amp;via=PRESSALERT.ro\"><\/p>\n<div class=\"td-social-but-text\">Twitter<\/div>\n<p><\/a><\/div>\n<\/div>\n<div class=\"td-block-row td-post-next-prev\">\n<div class=\"td-block-span6 td-post-prev-post\">\n<div class=\"td-post-next-prev-content\"><span>Articolul precedent<\/span><a href=\"https:\/\/www.pressalert.ro\/2014\/12\/mihai-grecu-omul-care-ii-incurajeaza-pe-tinerii-medici-sa-nu-ia-spaga-ce-l-impresioneaza-cel-mai-mult-unitatea-de-primiri-urgente\/\">Mihai Grecu, omul care \u00eei \u00eencurajeaz\u0103 pe tinerii medici s\u0103 nu ia \u0218PAG\u0102. Ce-l impresioneaz\u0103 cel mai mult \u00een Unitatea de Primiri Urgen\u021be<\/a><\/div>\n<\/div>\n<div class=\"td-block-span6 td-post-next-post\">\n<div class=\"td-post-next-prev-content\"><span>Articolul urm\u0103tor<\/span><a href=\"https:\/\/www.pressalert.ro\/2014\/12\/incredibil-elicopterul-smurd-solicitat-sa-preia-cetateni-turmentati-de-pe-marginea-drumului-ce-spune-seful-upu-despre-aceste-situatii-video\/\">INCREDIBIL Elicopterul SMURD, solicitat s\u0103 preia \u201ecet\u0103\u021beni turmenta\u021bi\u201d de pe marginea drumului. Ce spune \u0219eful UPU despre aceste situa\u021bii VIDEO<\/a><\/div>\n<\/div>\n<\/div>\n<div class=\"author-box-wrap\"><a href=\"https:\/\/www.pressalert.ro\/author\/marius-popescu\/\"><img loading=\"lazy\" decoding=\"async\" src=\"https:\/\/analyse.optim.biz\/wp-content\/uploads\/2026\/01\/6ff5b29455ffa79f6eac9c7ee3cb2891-303.jpg\" class=\"avatar avatar-96 photo\" height=\"96\" width=\"96\" title=\"6ff5b29455ffa79f6eac9c7ee3cb2891-303\"><\/a><\/p>\n<div class=\"desc\">\n<div class=\"td-author-name vcard author\"><span class=\"fn\"><a href=\"https:\/\/www.pressalert.ro\/author\/marius-popescu\/\">Marius Popescu<\/a><\/span><\/div>\n<div class=\"td-author-url\"><a href=\"http:\/\/www.pressalert.ro\">http:\/\/www.pressalert.ro<\/a><\/div>\n<\/div>\n<\/div>\n<p><span><\/span><span><span><\/span><\/span><span><\/span><\/footer>\n<\/article>\n<p> Source URL: https:\/\/www.pressalert.ro\/2014\/12\/08-12-2014-invitat-mihai-grecu\/<\/p>\n","protected":false},"excerpt":{"rendered":"<p>Acas\u0103PRESSALERT LIVE08.12.2014 Invitat Mihai Grecu PRESSALERT LIVE Pressalert LIVE &#8211; Sezonul II 08.12.2014 Invitat Mihai Grecu De Marius Popescu &#8211; dec. 8, 2014 0 DISTRIBUI\u021aI Facebook Twitter p&gt;Invitat Mihai Grecu, \u0219eful Unit\u0103\u021bii de Primiri Urgen\u021be de la Spitalul Jude\u021bean Timi\u0219ora. ETICHETE emisiune invitat mihai grecu pressalert live sef spitalul judetean Timisoara unitatea primiri urgente upu [&hellip;]<\/p>\n","protected":false},"author":1,"featured_media":0,"comment_status":"open","ping_status":"","sticky":false,"template":"","format":"standard","meta":{"footnotes":""},"categories":[89],"tags":[176],"class_list":["post-1471503","post","type-post","status-publish","format-standard","hentry","category-romania","tag-pressalert-ro"],"_links":{"self":[{"href":"https:\/\/analyse.optim.biz\/index.php?rest_route=\/wp\/v2\/posts\/1471503","targetHints":{"allow":["GET"]}}],"collection":[{"href":"https:\/\/analyse.optim.biz\/index.php?rest_route=\/wp\/v2\/posts"}],"about":[{"href":"https:\/\/analyse.optim.biz\/index.php?rest_route=\/wp\/v2\/types\/post"}],"author":[{"embeddable":true,"href":"https:\/\/analyse.optim.biz\/index.php?rest_route=\/wp\/v2\/users\/1"}],"replies":[{"embeddable":true,"href":"https:\/\/analyse.optim.biz\/index.php?rest_route=%2Fwp%2Fv2%2Fcomments&post=1471503"}],"version-history":[{"count":0,"href":"https:\/\/analyse.optim.biz\/index.php?rest_route=\/wp\/v2\/posts\/1471503\/revisions"}],"wp:attachment":[{"href":"https:\/\/analyse.optim.biz\/index.php?rest_route=%2Fwp%2Fv2%2Fmedia&parent=1471503"}],"wp:term":[{"taxonomy":"category","embeddable":true,"href":"https:\/\/analyse.optim.biz\/index.php?rest_route=%2Fwp%2Fv2%2Fcategories&post=1471503"},{"taxonomy":"post_tag","embeddable":true,"href":"https:\/\/analyse.optim.biz\/index.php?rest_route=%2Fwp%2Fv2%2Ftags&post=1471503"}],"curies":[{"name":"wp","href":"https:\/\/api.w.org\/{rel}","templated":true}]}}