{"id":147146,"date":"2017-02-15T11:39:18","date_gmt":"2017-02-15T08:39:18","guid":{"rendered":"https:\/\/analyse.optim.biz\/?p=147146"},"modified":"2017-02-15T11:39:18","modified_gmt":"2017-02-15T08:39:18","slug":"vicepremierul-sevil-shhaideh-intalnire-cu-ambasadorul-sua-hans-klemm","status":"publish","type":"post","link":"https:\/\/analyse.optim.biz\/?p=147146","title":{"rendered":"Vicepremierul Sevil Shhaideh, \u00eent\u00e2lnire cu ambasadorul SUA, Hans Klemm"},"content":{"rendered":"<div class=\"entry data-app-meta data-app-meta-article\" data-embed-base-url-canonical=\"https:\/\/www.digi24.ro\/embed\/stiri\/actualitate\/politica\/vicepremierul-sevil-shhaideh-intrevedere-cu-ambasadorul-sua-hans-klemm-670243\">\n<p data-index=\"1\"><strong>Vicepremierul Sevil Shhaideh, ministru al Dezvolt\u0103rii Regionale, Administra\u021biei Publice \u0219i Fondurilor Europene, are miercuri o \u00eentrevedere cu Hans Klemm, ambasadorul Statelor Unite ale Americii \u00een Rom\u00e2nia.<\/strong><\/p>\n<figure class=\"article-thumb\"><img decoding=\"async\" src=\"https:\/\/analyse.optim.biz\/wp-content\/uploads\/2024\/09\/yxnoptqwm2qwmja5otyyzdu0mjbkztjlodmyntcxmwjmm2uw-thumb_.jpg\" alt=\"sevil\" data-skip-htmlfix=\"1\" title=\"yxnoptqwm2qwmja5otyyzdu0mjbkztjlodmyntcxmwjmm2uw-thumb_\"><figcaption> Foto: Inquam Photos \/ Octav Ganea <\/figcaption><\/figure>\n<p data-index=\"2\">\u00centrevederea a \u00eenceput la ora 11:00, potrivit unui anun\u021b publicat pe site-ul MDRAPFE.<\/p>\n<p data-index=\"3\">Conform reprezentan\u021bilor ministerului, \u00eentrevederea are loc la sediul MDRAPFE.<\/p>\n<p data-index=\"4\">De la ora 17:00, vicepremierul Sevil Shhaideh se va \u00eent\u00e2lni cu prof. dr. Christoph Zopel, din partea Partidului Sociali\u0219tilor Europeni, se mai arat\u0103 \u00een anun\u021bul ministerului.<\/p>\n<\/div>\n<p> Source URL: https:\/\/www.digi24.ro\/stiri\/actualitate\/politica\/vicepremierul-sevil-shhaideh-intrevedere-cu-ambasadorul-sua-hans-klemm-670243<\/p>\n","protected":false},"excerpt":{"rendered":"<p>Vicepremierul Sevil Shhaideh, ministru al Dezvolt\u0103rii Regionale, Administra\u021biei Publice \u0219i Fondurilor Europene, are miercuri o \u00eentrevedere cu Hans Klemm, ambasadorul Statelor Unite ale Americii \u00een Rom\u00e2nia. Foto: Inquam Photos \/ Octav Ganea \u00centrevederea a \u00eenceput la ora 11:00, potrivit unui anun\u021b publicat pe site-ul MDRAPFE. Conform reprezentan\u021bilor ministerului, \u00eentrevederea are loc la sediul MDRAPFE. De [&hellip;]<\/p>\n","protected":false},"author":1,"featured_media":147147,"comment_status":"open","ping_status":"","sticky":false,"template":"","format":"standard","meta":{"footnotes":""},"categories":[2],"tags":[11],"class_list":["post-147146","post","type-post","status-publish","format-standard","has-post-thumbnail","hentry","category-politics","tag-digi24"],"_links":{"self":[{"href":"https:\/\/analyse.optim.biz\/index.php?rest_route=\/wp\/v2\/posts\/147146","targetHints":{"allow":["GET"]}}],"collection":[{"href":"https:\/\/analyse.optim.biz\/index.php?rest_route=\/wp\/v2\/posts"}],"about":[{"href":"https:\/\/analyse.optim.biz\/index.php?rest_route=\/wp\/v2\/types\/post"}],"author":[{"embeddable":true,"href":"https:\/\/analyse.optim.biz\/index.php?rest_route=\/wp\/v2\/users\/1"}],"replies":[{"embeddable":true,"href":"https:\/\/analyse.optim.biz\/index.php?rest_route=%2Fwp%2Fv2%2Fcomments&post=147146"}],"version-history":[{"count":0,"href":"https:\/\/analyse.optim.biz\/index.php?rest_route=\/wp\/v2\/posts\/147146\/revisions"}],"wp:featuredmedia":[{"embeddable":true,"href":"https:\/\/analyse.optim.biz\/index.php?rest_route=\/wp\/v2\/media\/147147"}],"wp:attachment":[{"href":"https:\/\/analyse.optim.biz\/index.php?rest_route=%2Fwp%2Fv2%2Fmedia&parent=147146"}],"wp:term":[{"taxonomy":"category","embeddable":true,"href":"https:\/\/analyse.optim.biz\/index.php?rest_route=%2Fwp%2Fv2%2Fcategories&post=147146"},{"taxonomy":"post_tag","embeddable":true,"href":"https:\/\/analyse.optim.biz\/index.php?rest_route=%2Fwp%2Fv2%2Ftags&post=147146"}],"curies":[{"name":"wp","href":"https:\/\/api.w.org\/{rel}","templated":true}]}}