{"id":147143,"date":"2017-02-15T12:02:13","date_gmt":"2017-02-15T09:02:13","guid":{"rendered":"https:\/\/analyse.optim.biz\/?p=147143"},"modified":"2017-02-15T12:02:13","modified_gmt":"2017-02-15T09:02:13","slug":"jurnalistii-dati-afara-de-la-discutiile-pe-oug-13-si-oug-14-ce-spune-eugen-nicolicea","status":"publish","type":"post","link":"https:\/\/analyse.optim.biz\/?p=147143","title":{"rendered":"Jurnali\u0219tii, da\u021bi afar\u0103 de la discu\u021biile pe OUG 13 \u0219i OUG 14. Ce spune Eugen Nicolicea"},"content":{"rendered":"<div class=\"entry data-app-meta data-app-meta-article\" data-embed-base-url-canonical=\"https:\/\/www.digi24.ro\/embed\/stiri\/actualitate\/politica\/jurnalistii-dati-afara-de-la-discutiile-pe-oug-13-si-oug-14-670270\">\n<p data-index=\"1\"><strong>Comisia juridic\u0103 a Camerei Deputa\u021bilor, condus\u0103 de Eugen Nicolicea (PSD), a \u00eenceput discu\u021biile preliminare asupra ordonan\u021belor 13 \u0219i 14 f\u0103r\u0103 pres\u0103, dup\u0103 ce jurnali\u0219tii au fost invita\u021bi s\u0103 p\u0103r\u0103seasc\u0103 sala. De obicei, \u0219edin\u021bele comisiilor parlamentare sunt publice.<\/strong><\/p>\n<p data-index=\"2\"><img loading=\"lazy\" decoding=\"async\" class=\"alignnone size-full wp-image-450960\" src=\"https:\/\/analyse.optim.biz\/wp-content\/uploads\/2024\/09\/agfzad1mnwnjyjaymdjjzmi1mdezmzfindczzwvmmdk4nzy1oq-thumb_-1.jpg\" alt=\"EUGEN NICOLICEA\" width=\"800\" height=\"450\" data-skip-htmlfix=\"1\" title=\"agfzad1mnwnjyjaymdjjzmi1mdezmzfindczzwvmmdk4nzy1oq-thumb_-1\"><\/p>\n<p data-index=\"3\"><strong>Actualizare<\/strong>.\u00a0La terminarea \u0219edin\u021bei Comisiei juridice, Nicolicea \u0219i-a explicat decizia de a da presa afar\u0103 prin \u201eprobleme organizatorice\u201d. \u201eAm avut probleme organizatorice interne \u015fi la aceste probleme organizatorice interne nu vrem s\u0103 facem declara\u0163ii la pres\u0103, ci vrem s\u0103 rezolv\u0103m ni\u015fte probleme. Nu v-am dat afar\u0103, ci doar v-am spus c\u0103 \u015fedin\u0163a s-a \u00eencheiat \u015fi urma o chestiune de probleme \u00een afara \u015fedin\u0163ei\u201d, a conchis Eugen Nicolicea.<\/p>\n<p data-index=\"4\">&#8212;&#8211;<\/p>\n<p data-index=\"5\">Pe ordinea de zi a Comisiei juridice a Camerei Deputa\u021bilor figurau ast\u0103zi mai multe proiecte de lege \u0219i propuneri legislative, inclusiv ini\u021biativa cet\u0103\u021beneasc\u0103 de revizuire a Constitu\u021biei Rom\u00e2niei. Nu figurau \u00eens\u0103 proiectele de aprobare a OUG 13 \u0219i OUG 14, \u00een condi\u021biile \u00een care OUG 13 nu a trecut \u00eenc\u0103 de Senat (un raport \u00een Comisia juridic\u0103 a Senatului ar putea fi dat de abia s\u0103pt\u0103m\u00e2na viitoare, dup\u0103 care urmeaz\u0103 votul \u00een plen), iar OUG 14 de abia a fost ieri adoptat\u0103 de Camera Superioar\u0103.<\/p>\n<p data-index=\"6\">Dup\u0103 o serie de am\u00e2n\u0103ri \u0219i discu\u021bii pe diferite proiecte, pre\u0219edintele Comisiei, Eugen Nicolicea, a solicitat ca presa s\u0103 p\u0103r\u0103seasc\u0103 sala de \u0219edin\u021be, pentru ca deputa\u021bii s\u0103 poat\u0103 purta \u201ediscu\u021bii tehnice\u201d pe marginea celor dou\u0103 ordonan\u021be de urgen\u021b\u0103 adoptate de Guvernul Grindeanu.<\/p>\n<p data-index=\"7\">Nicolicea a invocat argumente constitu\u0163ionale pentru ca cele dou\u0103 ordonan\u0163e s\u0103 fie dezb\u0103tute separat, mai \u00eent\u00e2i adopt\u00e2nd OUG 14, care abrog\u0103 OUG 13, iar apoi s\u0103 fie decis\u0103 calea de urmat pentru legea de aprobare a OUG 13, aflat\u0103 \u015fi ea \u00een procedur\u0103 parlamentar\u0103.<\/p>\n<p data-index=\"8\">OUG 14, care abrog\u0103 ordonan\u0163a de modificare a codurilor penale, a fost aprobat\u0103, mar\u0163i, \u00een unanimitate de Senat. Ea va intra acum \u00een procedur\u0103 parlamentar\u0103 \u00een Camera Deputa\u0163ilor.<\/p>\n<\/div>\n<p> Source URL: https:\/\/www.digi24.ro\/stiri\/actualitate\/politica\/jurnalistii-dati-afara-de-la-discutiile-pe-oug-13-si-oug-14-670270<\/p>\n","protected":false},"excerpt":{"rendered":"<p>Comisia juridic\u0103 a Camerei Deputa\u021bilor, condus\u0103 de Eugen Nicolicea (PSD), a \u00eenceput discu\u021biile preliminare asupra ordonan\u021belor 13 \u0219i 14 f\u0103r\u0103 pres\u0103, dup\u0103 ce jurnali\u0219tii au fost invita\u021bi s\u0103 p\u0103r\u0103seasc\u0103 sala. De obicei, \u0219edin\u021bele comisiilor parlamentare sunt publice. Actualizare.\u00a0La terminarea \u0219edin\u021bei Comisiei juridice, Nicolicea \u0219i-a explicat decizia de a da presa afar\u0103 prin \u201eprobleme organizatorice\u201d. \u201eAm [&hellip;]<\/p>\n","protected":false},"author":1,"featured_media":147144,"comment_status":"open","ping_status":"","sticky":false,"template":"","format":"standard","meta":{"footnotes":""},"categories":[2],"tags":[11],"class_list":["post-147143","post","type-post","status-publish","format-standard","has-post-thumbnail","hentry","category-politics","tag-digi24"],"_links":{"self":[{"href":"https:\/\/analyse.optim.biz\/index.php?rest_route=\/wp\/v2\/posts\/147143","targetHints":{"allow":["GET"]}}],"collection":[{"href":"https:\/\/analyse.optim.biz\/index.php?rest_route=\/wp\/v2\/posts"}],"about":[{"href":"https:\/\/analyse.optim.biz\/index.php?rest_route=\/wp\/v2\/types\/post"}],"author":[{"embeddable":true,"href":"https:\/\/analyse.optim.biz\/index.php?rest_route=\/wp\/v2\/users\/1"}],"replies":[{"embeddable":true,"href":"https:\/\/analyse.optim.biz\/index.php?rest_route=%2Fwp%2Fv2%2Fcomments&post=147143"}],"version-history":[{"count":0,"href":"https:\/\/analyse.optim.biz\/index.php?rest_route=\/wp\/v2\/posts\/147143\/revisions"}],"wp:featuredmedia":[{"embeddable":true,"href":"https:\/\/analyse.optim.biz\/index.php?rest_route=\/wp\/v2\/media\/147144"}],"wp:attachment":[{"href":"https:\/\/analyse.optim.biz\/index.php?rest_route=%2Fwp%2Fv2%2Fmedia&parent=147143"}],"wp:term":[{"taxonomy":"category","embeddable":true,"href":"https:\/\/analyse.optim.biz\/index.php?rest_route=%2Fwp%2Fv2%2Fcategories&post=147143"},{"taxonomy":"post_tag","embeddable":true,"href":"https:\/\/analyse.optim.biz\/index.php?rest_route=%2Fwp%2Fv2%2Ftags&post=147143"}],"curies":[{"name":"wp","href":"https:\/\/api.w.org\/{rel}","templated":true}]}}