{"id":1471420,"date":"2015-01-08T22:34:25","date_gmt":"2015-01-08T19:34:25","guid":{"rendered":"https:\/\/analyse.optim.biz\/?p=1471420"},"modified":"2015-01-08T22:34:25","modified_gmt":"2015-01-08T19:34:25","slug":"08-01-2015-invitata-brandusa-armanca","status":"publish","type":"post","link":"https:\/\/analyse.optim.biz\/?p=1471420","title":{"rendered":"08.01.2015 Invitat\u0103 Br\u00e2ndu\u0219a Armanca"},"content":{"rendered":"<article id=\"post-156708\" class=\"post-156708 post type-post status-publish format-standard has-post-thumbnail hentry category-pressalert-tv category-pressalert-tv-live-sezonul-2 tag-brandusa-armanca tag-emisiune tag-invitat tag-jurnalista tag-pressalert-live tag-video\">\n<div class=\"td-post-header td-pb-padding-side\">\n<div class=\"entry-crumbs\"><span><a title class=\"entry-crumb\" href=\"https:\/\/www.pressalert.ro\/\"><span>Acas\u0103<\/span><\/a><\/span><span><a title=\"Vede\u021bi toate articolele \u00een PRESSALERT LIVE\" class=\"entry-crumb\" href=\"https:\/\/www.pressalert.ro\/category\/pressalert-tv\/\"><span>PRESSALERT LIVE<\/span><\/a><\/span><span class=\"td-bred-no-url-last\">08.01.2015 Invitat\u0103 Br\u00e2ndu\u0219a Armanca<\/span><\/div>\n<ul class=\"td-category\">\n<li class=\"entry-category\"><a href=\"https:\/\/www.pressalert.ro\/category\/pressalert-tv\/\">PRESSALERT LIVE<\/a><\/li>\n<li class=\"entry-category\"><a href=\"https:\/\/www.pressalert.ro\/category\/pressalert-tv\/pressalert-tv-live-sezonul-2\/\">Pressalert LIVE &#8211; Sezonul II<\/a><\/li>\n<\/ul>\n<header>\n<h1 class=\"entry-title\">08.01.2015 Invitat\u0103 Br\u00e2ndu\u0219a Armanca<\/h1>\n<div class=\"meta-info\">\n<div class=\"td-post-author-name\">\n<div class=\"td-author-by\">De<\/div>\n<p><a href=\"https:\/\/www.pressalert.ro\/author\/marius-popescu\/\">Marius Popescu<\/a><\/p>\n<div class=\"td-author-line\"> &#8211; <\/div>\n<\/div>\n<p><span class=\"td-post-date\"><time class=\"entry-date updated td-module-date\" datetime=\"2015-01-08T22:34:25+00:00\">ian. 8, 2015<\/time><\/span><\/p>\n<div class=\"td-post-comments\"><a href=\"https:\/\/www.pressalert.ro\/2015\/01\/08-01-2014-invitata-brandusa-armanca\/#respond\">0<\/a><\/div>\n<\/div>\n<\/header>\n<\/div>\n<div class=\"td-post-sharing td-post-sharing-top td-pb-padding-side\"><span class=\"td-post-share-title\">DISTRIBUI\u021aI<\/span><\/p>\n<div class=\"td-default-sharing \"><a class=\"td-social-sharing-buttons td-social-facebook\" href=\"http:\/\/www.facebook.com\/sharer.php?u=https%3A%2F%2Fwww.pressalert.ro%2F2015%2F01%2F08-01-2014-invitata-brandusa-armanca%2F\"><\/p>\n<div class=\"td-social-but-text\">Facebook<\/div>\n<p><\/a><a class=\"td-social-sharing-buttons td-social-twitter\" href=\"https:\/\/twitter.com\/intent\/tweet?text=08.01.2015+Invitat%C4%83+Br%C3%A2ndu%C8%99a+Armanca&amp;url=https%3A%2F%2Fwww.pressalert.ro%2F2015%2F01%2F08-01-2014-invitata-brandusa-armanca%2F&amp;via=PRESSALERT.ro\"><\/p>\n<div class=\"td-social-but-text\">Twitter<\/div>\n<p><\/a><\/div>\n<\/div>\n<div class=\"td-post-content td-pb-padding-side\">p&gt;Invitat\u0103 Br\u00e2ndu\u0219a Armanca, jurnalist\u0103 \u0219i profesor universitar.<\/p>\n<iframe loading=\"lazy\" src=\"https:\/\/www.youtube.com\/embed\/z__MYO2EQQI\" width=\"560\" height=\"315\" frameborder allowfullscreen=\"allowfullscreen\"><\/iframe>\n<\/div>\n<footer>\n<div class=\"td-post-source-tags td-pb-padding-side\">\n<ul class=\"td-tags td-post-small-box clearfix\">\n<li><span>ETICHETE<\/span><\/li>\n<li><a href=\"https:\/\/www.pressalert.ro\/tag\/brandusa-armanca\/\">brandusa armanca<\/a><\/li>\n<li><a href=\"https:\/\/www.pressalert.ro\/tag\/emisiune\/\">emisiune<\/a><\/li>\n<li><a href=\"https:\/\/www.pressalert.ro\/tag\/invitat\/\">invitat<\/a><\/li>\n<li><a href=\"https:\/\/www.pressalert.ro\/tag\/jurnalista\/\">jurnalista<\/a><\/li>\n<li><a href=\"https:\/\/www.pressalert.ro\/tag\/pressalert-live\/\">pressalert live<\/a><\/li>\n<li><a href=\"https:\/\/www.pressalert.ro\/tag\/video\/\">Video<\/a><\/li>\n<\/ul>\n<\/div>\n<div class=\"td-post-sharing td-post-sharing-bottom td-pb-padding-side\"><span class=\"td-post-share-title\">DISTRIBUI\u021aI<\/span><\/p>\n<div class=\"td-default-sharing \"><a class=\"td-social-sharing-buttons td-social-facebook\" href=\"http:\/\/www.facebook.com\/sharer.php?u=https%3A%2F%2Fwww.pressalert.ro%2F2015%2F01%2F08-01-2014-invitata-brandusa-armanca%2F\"><\/p>\n<div class=\"td-social-but-text\">Facebook<\/div>\n<p><\/a><a class=\"td-social-sharing-buttons td-social-twitter\" href=\"https:\/\/twitter.com\/intent\/tweet?text=08.01.2015+Invitat%C4%83+Br%C3%A2ndu%C8%99a+Armanca&amp;url=https%3A%2F%2Fwww.pressalert.ro%2F2015%2F01%2F08-01-2014-invitata-brandusa-armanca%2F&amp;via=PRESSALERT.ro\"><\/p>\n<div class=\"td-social-but-text\">Twitter<\/div>\n<p><\/a><\/div>\n<\/div>\n<div class=\"td-block-row td-post-next-prev\">\n<div class=\"td-block-span6 td-post-prev-post\">\n<div class=\"td-post-next-prev-content\"><span>Articolul precedent<\/span><a href=\"https:\/\/www.pressalert.ro\/2015\/01\/brindusa-armanca-la-pressalert-live-despre-libertate-presei-daca-ai-o-opinie-ea-trebuie-sa-fie-clara-si-argumentata-ce-spune-despre-reactiile-primarului-robu-fata-de-jurnalisti\/\">Br\u00eendu\u015fa Armanca, la PRESSALERT LIVE, despre libertatea presei: \u201eDac\u0103 ai o opinie, ea trebuie s\u0103 fie clar\u0103 \u015fi argumentat\u0103\u201d. Ce spune despre reac\u021biile primarului Robu fa\u021b\u0103 de jurnali\u0219ti VIDEO<\/a><\/div>\n<\/div>\n<div class=\"td-block-span6 td-post-next-post\">\n<div class=\"td-post-next-prev-content\"><span>Articolul urm\u0103tor<\/span><a href=\"https:\/\/www.pressalert.ro\/2015\/01\/avocati-si-notari-din-timisoara-sustin-performanta-cum-au-premiat-pe-cei-mai-silitori-studenti-de-la-drept\/\">Avoca\u021bi \u0219i notari din Timi\u0219oara sus\u021bin performan\u021ba. Cum i-au premiat pe cei mai silitori studen\u021bi de la Drept<\/a><\/div>\n<\/div>\n<\/div>\n<div class=\"author-box-wrap\"><a href=\"https:\/\/www.pressalert.ro\/author\/marius-popescu\/\"><img loading=\"lazy\" decoding=\"async\" src=\"https:\/\/analyse.optim.biz\/wp-content\/uploads\/2026\/01\/6ff5b29455ffa79f6eac9c7ee3cb2891-294.jpg\" class=\"avatar avatar-96 photo\" height=\"96\" width=\"96\" title=\"6ff5b29455ffa79f6eac9c7ee3cb2891-294\"><\/a><\/p>\n<div class=\"desc\">\n<div class=\"td-author-name vcard author\"><span class=\"fn\"><a href=\"https:\/\/www.pressalert.ro\/author\/marius-popescu\/\">Marius Popescu<\/a><\/span><\/div>\n<div class=\"td-author-url\"><a href=\"http:\/\/www.pressalert.ro\">http:\/\/www.pressalert.ro<\/a><\/div>\n<\/div>\n<\/div>\n<p><span><\/span><span><span><\/span><\/span><span><\/span><\/footer>\n<\/article>\n<p> Source URL: https:\/\/www.pressalert.ro\/2015\/01\/08-01-2014-invitata-brandusa-armanca\/<\/p>\n","protected":false},"excerpt":{"rendered":"<p>Acas\u0103PRESSALERT LIVE08.01.2015 Invitat\u0103 Br\u00e2ndu\u0219a Armanca PRESSALERT LIVE Pressalert LIVE &#8211; Sezonul II 08.01.2015 Invitat\u0103 Br\u00e2ndu\u0219a Armanca De Marius Popescu &#8211; ian. 8, 2015 0 DISTRIBUI\u021aI Facebook Twitter p&gt;Invitat\u0103 Br\u00e2ndu\u0219a Armanca, jurnalist\u0103 \u0219i profesor universitar. ETICHETE brandusa armanca emisiune invitat jurnalista pressalert live Video DISTRIBUI\u021aI Facebook Twitter Articolul precedentBr\u00eendu\u015fa Armanca, la PRESSALERT LIVE, despre libertatea presei: [&hellip;]<\/p>\n","protected":false},"author":1,"featured_media":0,"comment_status":"open","ping_status":"","sticky":false,"template":"","format":"standard","meta":{"footnotes":""},"categories":[89],"tags":[176],"class_list":["post-1471420","post","type-post","status-publish","format-standard","hentry","category-romania","tag-pressalert-ro"],"_links":{"self":[{"href":"https:\/\/analyse.optim.biz\/index.php?rest_route=\/wp\/v2\/posts\/1471420","targetHints":{"allow":["GET"]}}],"collection":[{"href":"https:\/\/analyse.optim.biz\/index.php?rest_route=\/wp\/v2\/posts"}],"about":[{"href":"https:\/\/analyse.optim.biz\/index.php?rest_route=\/wp\/v2\/types\/post"}],"author":[{"embeddable":true,"href":"https:\/\/analyse.optim.biz\/index.php?rest_route=\/wp\/v2\/users\/1"}],"replies":[{"embeddable":true,"href":"https:\/\/analyse.optim.biz\/index.php?rest_route=%2Fwp%2Fv2%2Fcomments&post=1471420"}],"version-history":[{"count":0,"href":"https:\/\/analyse.optim.biz\/index.php?rest_route=\/wp\/v2\/posts\/1471420\/revisions"}],"wp:attachment":[{"href":"https:\/\/analyse.optim.biz\/index.php?rest_route=%2Fwp%2Fv2%2Fmedia&parent=1471420"}],"wp:term":[{"taxonomy":"category","embeddable":true,"href":"https:\/\/analyse.optim.biz\/index.php?rest_route=%2Fwp%2Fv2%2Fcategories&post=1471420"},{"taxonomy":"post_tag","embeddable":true,"href":"https:\/\/analyse.optim.biz\/index.php?rest_route=%2Fwp%2Fv2%2Ftags&post=1471420"}],"curies":[{"name":"wp","href":"https:\/\/api.w.org\/{rel}","templated":true}]}}