{"id":1471408,"date":"2015-01-13T22:06:21","date_gmt":"2015-01-13T19:06:21","guid":{"rendered":"https:\/\/analyse.optim.biz\/?p=1471408"},"modified":"2015-01-13T22:06:21","modified_gmt":"2015-01-13T19:06:21","slug":"13-01-2015-invitati-alim-safwan-si-ramez-achras","status":"publish","type":"post","link":"https:\/\/analyse.optim.biz\/?p=1471408","title":{"rendered":"13.01.2015 Invita\u021bi Alim Safwan \u0219i Ramez Achras"},"content":{"rendered":"<article id=\"post-157351\" class=\"post-157351 post type-post status-publish format-standard has-post-thumbnail hentry category-pressalert-tv category-pressalert-tv-live-sezonul-2 tag-emisiune tag-imam-alim-safwan tag-islam tag-pressalert-live tag-ramez-achras tag-timisoara\">\n<div class=\"td-post-header td-pb-padding-side\">\n<div class=\"entry-crumbs\"><span><a title class=\"entry-crumb\" href=\"https:\/\/www.pressalert.ro\/\"><span>Acas\u0103<\/span><\/a><\/span><span><a title=\"Vede\u021bi toate articolele \u00een PRESSALERT LIVE\" class=\"entry-crumb\" href=\"https:\/\/www.pressalert.ro\/category\/pressalert-tv\/\"><span>PRESSALERT LIVE<\/span><\/a><\/span><span class=\"td-bred-no-url-last\">13.01.2015 Invita\u021bi Alim Safwan \u0219i Ramez Achras<\/span><\/div>\n<ul class=\"td-category\">\n<li class=\"entry-category\"><a href=\"https:\/\/www.pressalert.ro\/category\/pressalert-tv\/\">PRESSALERT LIVE<\/a><\/li>\n<li class=\"entry-category\"><a href=\"https:\/\/www.pressalert.ro\/category\/pressalert-tv\/pressalert-tv-live-sezonul-2\/\">Pressalert LIVE &#8211; Sezonul II<\/a><\/li>\n<\/ul>\n<header>\n<h1 class=\"entry-title\">13.01.2015 Invita\u021bi Alim Safwan \u0219i Ramez Achras<\/h1>\n<div class=\"meta-info\">\n<div class=\"td-post-author-name\">\n<div class=\"td-author-by\">De<\/div>\n<p><a href=\"https:\/\/www.pressalert.ro\/author\/marius-popescu\/\">Marius Popescu<\/a><\/p>\n<div class=\"td-author-line\"> &#8211; <\/div>\n<\/div>\n<p><span class=\"td-post-date\"><time class=\"entry-date updated td-module-date\" datetime=\"2015-01-13T22:06:21+00:00\">ian. 13, 2015<\/time><\/span><\/p>\n<div class=\"td-post-comments\"><a href=\"https:\/\/www.pressalert.ro\/2015\/01\/13-01-2014-invitati-alim-safwan-si-ramez-achras\/#respond\">0<\/a><\/div>\n<\/div>\n<\/header>\n<\/div>\n<div class=\"td-post-sharing td-post-sharing-top td-pb-padding-side\"><span class=\"td-post-share-title\">DISTRIBUI\u021aI<\/span><\/p>\n<div class=\"td-default-sharing \"><a class=\"td-social-sharing-buttons td-social-facebook\" href=\"http:\/\/www.facebook.com\/sharer.php?u=https%3A%2F%2Fwww.pressalert.ro%2F2015%2F01%2F13-01-2014-invitati-alim-safwan-si-ramez-achras%2F\"><\/p>\n<div class=\"td-social-but-text\">Facebook<\/div>\n<p><\/a><a class=\"td-social-sharing-buttons td-social-twitter\" href=\"https:\/\/twitter.com\/intent\/tweet?text=13.01.2015+Invita%C8%9Bi+Alim+Safwan+%C8%99i+Ramez+Achras&amp;url=https%3A%2F%2Fwww.pressalert.ro%2F2015%2F01%2F13-01-2014-invitati-alim-safwan-si-ramez-achras%2F&amp;via=PRESSALERT.ro\"><\/p>\n<div class=\"td-social-but-text\">Twitter<\/div>\n<p><\/a><\/div>\n<\/div>\n<div class=\"td-post-content td-pb-padding-side\">p&gt;Invita\u021bi:\u00a0Alim Safwan, imamul moscheei din Timi\u0219oara, \u0219i doctorul Ramez Achras.<\/p>\n<iframe loading=\"lazy\" src=\"https:\/\/www.youtube.com\/embed\/H6IR5Jg6uq0\" width=\"640\" height=\"420\" frameborder allowfullscreen=\"allowfullscreen\"><\/iframe>\n<\/div>\n<footer>\n<div class=\"td-post-source-tags td-pb-padding-side\">\n<ul class=\"td-tags td-post-small-box clearfix\">\n<li><span>ETICHETE<\/span><\/li>\n<li><a href=\"https:\/\/www.pressalert.ro\/tag\/emisiune\/\">emisiune<\/a><\/li>\n<li><a href=\"https:\/\/www.pressalert.ro\/tag\/imam-alim-safwan\/\">imam Alim Safwan<\/a><\/li>\n<li><a href=\"https:\/\/www.pressalert.ro\/tag\/islam\/\">islam<\/a><\/li>\n<li><a href=\"https:\/\/www.pressalert.ro\/tag\/pressalert-live\/\">pressalert live<\/a><\/li>\n<li><a href=\"https:\/\/www.pressalert.ro\/tag\/ramez-achras\/\">Ramez Achras<\/a><\/li>\n<li><a href=\"https:\/\/www.pressalert.ro\/tag\/timisoara\/\">Timisoara<\/a><\/li>\n<\/ul>\n<\/div>\n<div class=\"td-post-sharing td-post-sharing-bottom td-pb-padding-side\"><span class=\"td-post-share-title\">DISTRIBUI\u021aI<\/span><\/p>\n<div class=\"td-default-sharing \"><a class=\"td-social-sharing-buttons td-social-facebook\" href=\"http:\/\/www.facebook.com\/sharer.php?u=https%3A%2F%2Fwww.pressalert.ro%2F2015%2F01%2F13-01-2014-invitati-alim-safwan-si-ramez-achras%2F\"><\/p>\n<div class=\"td-social-but-text\">Facebook<\/div>\n<p><\/a><a class=\"td-social-sharing-buttons td-social-twitter\" href=\"https:\/\/twitter.com\/intent\/tweet?text=13.01.2015+Invita%C8%9Bi+Alim+Safwan+%C8%99i+Ramez+Achras&amp;url=https%3A%2F%2Fwww.pressalert.ro%2F2015%2F01%2F13-01-2014-invitati-alim-safwan-si-ramez-achras%2F&amp;via=PRESSALERT.ro\"><\/p>\n<div class=\"td-social-but-text\">Twitter<\/div>\n<p><\/a><\/div>\n<\/div>\n<div class=\"td-block-row td-post-next-prev\">\n<div class=\"td-block-span6 td-post-prev-post\">\n<div class=\"td-post-next-prev-content\"><span>Articolul precedent<\/span><a href=\"https:\/\/www.pressalert.ro\/2015\/01\/stat-islamic-prezinta-executarea-doi-agenti-ai-serviciilor-secrete-ruse-calaul-un-copil-de-zece-ani-video\/\">Stat Islamic prezint\u0103 executarea a doi agen\u0163i ai serviciilor secrete ruse. C\u0103l\u0103ul, un copil de zece ani VIDEO<\/a><\/div>\n<\/div>\n<div class=\"td-block-span6 td-post-next-post\">\n<div class=\"td-post-next-prev-content\"><span>Articolul urm\u0103tor<\/span><a href=\"https:\/\/www.pressalert.ro\/2015\/01\/imamul-moscheii-din-timisoara-la-pressalert-live-ceea-ce-s-intamplat-la-paris-este-o-crima-pe-care-nu-o-acceptam-de-ce-crede-doctorul-ramez-achras-ca-statul-islamic-fost-creat\/\">Imamul moscheii din Timi\u0219oara, la PRESSALERT LIVE: \u201eCeea ce s-a \u00eent\u00e2mplat la Paris este o crim\u0103 pe care nu o accept\u0103m\u201d. De ce crede doctorul Ramez Achras c\u0103 Statul Islamic a fost creat de americani VIDEO<\/a><\/div>\n<\/div>\n<\/div>\n<div class=\"author-box-wrap\"><a href=\"https:\/\/www.pressalert.ro\/author\/marius-popescu\/\"><img loading=\"lazy\" decoding=\"async\" src=\"https:\/\/analyse.optim.biz\/wp-content\/uploads\/2026\/01\/6ff5b29455ffa79f6eac9c7ee3cb2891-292.jpg\" class=\"avatar avatar-96 photo\" height=\"96\" width=\"96\" title=\"6ff5b29455ffa79f6eac9c7ee3cb2891-292\"><\/a><\/p>\n<div class=\"desc\">\n<div class=\"td-author-name vcard author\"><span class=\"fn\"><a href=\"https:\/\/www.pressalert.ro\/author\/marius-popescu\/\">Marius Popescu<\/a><\/span><\/div>\n<div class=\"td-author-url\"><a href=\"http:\/\/www.pressalert.ro\">http:\/\/www.pressalert.ro<\/a><\/div>\n<\/div>\n<\/div>\n<p><span><\/span><span><span><\/span><\/span><span><\/span><\/footer>\n<\/article>\n<p> Source URL: https:\/\/www.pressalert.ro\/2015\/01\/13-01-2014-invitati-alim-safwan-si-ramez-achras\/<\/p>\n","protected":false},"excerpt":{"rendered":"<p>Acas\u0103PRESSALERT LIVE13.01.2015 Invita\u021bi Alim Safwan \u0219i Ramez Achras PRESSALERT LIVE Pressalert LIVE &#8211; Sezonul II 13.01.2015 Invita\u021bi Alim Safwan \u0219i Ramez Achras De Marius Popescu &#8211; ian. 13, 2015 0 DISTRIBUI\u021aI Facebook Twitter p&gt;Invita\u021bi:\u00a0Alim Safwan, imamul moscheei din Timi\u0219oara, \u0219i doctorul Ramez Achras. ETICHETE emisiune imam Alim Safwan islam pressalert live Ramez Achras Timisoara DISTRIBUI\u021aI [&hellip;]<\/p>\n","protected":false},"author":1,"featured_media":0,"comment_status":"open","ping_status":"","sticky":false,"template":"","format":"standard","meta":{"footnotes":""},"categories":[89],"tags":[176],"class_list":["post-1471408","post","type-post","status-publish","format-standard","hentry","category-romania","tag-pressalert-ro"],"_links":{"self":[{"href":"https:\/\/analyse.optim.biz\/index.php?rest_route=\/wp\/v2\/posts\/1471408","targetHints":{"allow":["GET"]}}],"collection":[{"href":"https:\/\/analyse.optim.biz\/index.php?rest_route=\/wp\/v2\/posts"}],"about":[{"href":"https:\/\/analyse.optim.biz\/index.php?rest_route=\/wp\/v2\/types\/post"}],"author":[{"embeddable":true,"href":"https:\/\/analyse.optim.biz\/index.php?rest_route=\/wp\/v2\/users\/1"}],"replies":[{"embeddable":true,"href":"https:\/\/analyse.optim.biz\/index.php?rest_route=%2Fwp%2Fv2%2Fcomments&post=1471408"}],"version-history":[{"count":0,"href":"https:\/\/analyse.optim.biz\/index.php?rest_route=\/wp\/v2\/posts\/1471408\/revisions"}],"wp:attachment":[{"href":"https:\/\/analyse.optim.biz\/index.php?rest_route=%2Fwp%2Fv2%2Fmedia&parent=1471408"}],"wp:term":[{"taxonomy":"category","embeddable":true,"href":"https:\/\/analyse.optim.biz\/index.php?rest_route=%2Fwp%2Fv2%2Fcategories&post=1471408"},{"taxonomy":"post_tag","embeddable":true,"href":"https:\/\/analyse.optim.biz\/index.php?rest_route=%2Fwp%2Fv2%2Ftags&post=1471408"}],"curies":[{"name":"wp","href":"https:\/\/api.w.org\/{rel}","templated":true}]}}