{"id":1471375,"date":"2015-01-20T22:29:44","date_gmt":"2015-01-20T19:29:44","guid":{"rendered":"https:\/\/analyse.optim.biz\/?p=1471375"},"modified":"2015-01-20T22:29:44","modified_gmt":"2015-01-20T19:29:44","slug":"20-01-2015-invitat-sergiu-stanila","status":"publish","type":"post","link":"https:\/\/analyse.optim.biz\/?p=1471375","title":{"rendered":"20.01.2015 Invitat Sergiu St\u0103nil\u0103"},"content":{"rendered":"<article id=\"post-158783\" class=\"post-158783 post type-post status-publish format-standard has-post-thumbnail hentry category-pressalert-tv category-pressalert-tv-live-sezonul-2 tag-ancheta tag-avocat tag-coruptie tag-ipj-timis tag-pressalert-live tag-sergiu-stanila tag-timisoara\">\n<div class=\"td-post-header td-pb-padding-side\">\n<div class=\"entry-crumbs\"><span><a title class=\"entry-crumb\" href=\"https:\/\/www.pressalert.ro\/\"><span>Acas\u0103<\/span><\/a><\/span><span><a title=\"Vede\u021bi toate articolele \u00een PRESSALERT LIVE\" class=\"entry-crumb\" href=\"https:\/\/www.pressalert.ro\/category\/pressalert-tv\/\"><span>PRESSALERT LIVE<\/span><\/a><\/span><span class=\"td-bred-no-url-last\">20.01.2015 Invitat Sergiu St\u0103nil\u0103<\/span><\/div>\n<ul class=\"td-category\">\n<li class=\"entry-category\"><a href=\"https:\/\/www.pressalert.ro\/category\/pressalert-tv\/\">PRESSALERT LIVE<\/a><\/li>\n<li class=\"entry-category\"><a href=\"https:\/\/www.pressalert.ro\/category\/pressalert-tv\/pressalert-tv-live-sezonul-2\/\">Pressalert LIVE &#8211; Sezonul II<\/a><\/li>\n<\/ul>\n<header>\n<h1 class=\"entry-title\">20.01.2015 Invitat Sergiu St\u0103nil\u0103<\/h1>\n<div class=\"meta-info\">\n<div class=\"td-post-author-name\">\n<div class=\"td-author-by\">De<\/div>\n<p><a href=\"https:\/\/www.pressalert.ro\/author\/marius-popescu\/\">Marius Popescu<\/a><\/p>\n<div class=\"td-author-line\"> &#8211; <\/div>\n<\/div>\n<p><span class=\"td-post-date\"><time class=\"entry-date updated td-module-date\" datetime=\"2015-01-20T22:29:44+00:00\">ian. 20, 2015<\/time><\/span><\/p>\n<div class=\"td-post-comments\"><a href=\"https:\/\/www.pressalert.ro\/2015\/01\/20-01-2015-invitat-sergiu-stanila\/#respond\">0<\/a><\/div>\n<\/div>\n<\/header>\n<\/div>\n<div class=\"td-post-sharing td-post-sharing-top td-pb-padding-side\"><span class=\"td-post-share-title\">DISTRIBUI\u021aI<\/span><\/p>\n<div class=\"td-default-sharing \"><a class=\"td-social-sharing-buttons td-social-facebook\" href=\"http:\/\/www.facebook.com\/sharer.php?u=https%3A%2F%2Fwww.pressalert.ro%2F2015%2F01%2F20-01-2015-invitat-sergiu-stanila%2F\"><\/p>\n<div class=\"td-social-but-text\">Facebook<\/div>\n<p><\/a><a class=\"td-social-sharing-buttons td-social-twitter\" href=\"https:\/\/twitter.com\/intent\/tweet?text=20.01.2015+Invitat+Sergiu+St%C4%83nil%C4%83&amp;url=https%3A%2F%2Fwww.pressalert.ro%2F2015%2F01%2F20-01-2015-invitat-sergiu-stanila%2F&amp;via=PRESSALERT.ro\"><\/p>\n<div class=\"td-social-but-text\">Twitter<\/div>\n<p><\/a><\/div>\n<\/div>\n<footer>\n<div class=\"td-post-source-tags td-pb-padding-side\">\n<ul class=\"td-tags td-post-small-box clearfix\">\n<li><span>ETICHETE<\/span><\/li>\n<li><a href=\"https:\/\/www.pressalert.ro\/tag\/ancheta\/\">ancheta<\/a><\/li>\n<li><a href=\"https:\/\/www.pressalert.ro\/tag\/avocat\/\">avocat<\/a><\/li>\n<li><a href=\"https:\/\/www.pressalert.ro\/tag\/coruptie\/\">coruptie<\/a><\/li>\n<li><a href=\"https:\/\/www.pressalert.ro\/tag\/ipj-timis\/\">ipj timis<\/a><\/li>\n<li><a href=\"https:\/\/www.pressalert.ro\/tag\/pressalert-live\/\">pressalert live<\/a><\/li>\n<li><a href=\"https:\/\/www.pressalert.ro\/tag\/sergiu-stanila\/\">sergiu stanila<\/a><\/li>\n<li><a href=\"https:\/\/www.pressalert.ro\/tag\/timisoara\/\">Timisoara<\/a><\/li>\n<\/ul>\n<\/div>\n<div class=\"td-post-sharing td-post-sharing-bottom td-pb-padding-side\"><span class=\"td-post-share-title\">DISTRIBUI\u021aI<\/span><\/p>\n<div class=\"td-default-sharing \"><a class=\"td-social-sharing-buttons td-social-facebook\" href=\"http:\/\/www.facebook.com\/sharer.php?u=https%3A%2F%2Fwww.pressalert.ro%2F2015%2F01%2F20-01-2015-invitat-sergiu-stanila%2F\"><\/p>\n<div class=\"td-social-but-text\">Facebook<\/div>\n<p><\/a><a class=\"td-social-sharing-buttons td-social-twitter\" href=\"https:\/\/twitter.com\/intent\/tweet?text=20.01.2015+Invitat+Sergiu+St%C4%83nil%C4%83&amp;url=https%3A%2F%2Fwww.pressalert.ro%2F2015%2F01%2F20-01-2015-invitat-sergiu-stanila%2F&amp;via=PRESSALERT.ro\"><\/p>\n<div class=\"td-social-but-text\">Twitter<\/div>\n<p><\/a><\/div>\n<\/div>\n<div class=\"td-block-row td-post-next-prev\">\n<div class=\"td-block-span6 td-post-prev-post\">\n<div class=\"td-post-next-prev-content\"><span>Articolul precedent<\/span><a href=\"https:\/\/www.pressalert.ro\/2015\/01\/avocatul-sergiu-stanila-la-pressalert-live-despre-supravegherile-comandate-de-sorin-muntean-nu-trebuie-sa-fii-specialist-sa-stii-ca-e-ilegal-ce-spune-despre-justitia-din-romania\/\">Avocatul Sergiu St\u0103nil\u0103, despre CORUP\u0162IA din poli\u0163ia timi\u015fean\u0103, la PRESSALERT LIVE: \u201e\u00cen momentul \u00een care asociezi politica cu legalitatea, evident c\u0103 lucrurile nu sunt conforme\u201d VIDEO<\/a><\/div>\n<\/div>\n<div class=\"td-block-span6 td-post-next-post\">\n<div class=\"td-post-next-prev-content\"><span>Articolul urm\u0103tor<\/span><a href=\"https:\/\/www.pressalert.ro\/2015\/01\/iohannis-new-york-times-avem-nevoie-de-un-guvern-suficient-de-puternic-cu-un-nou-mod-de-abordare\/\">Iohannis, \u00een New York Times: Avem nevoie de un guvern suficient de puternic, cu un nou mod de abordare<\/a><\/div>\n<\/div>\n<\/div>\n<div class=\"author-box-wrap\"><a href=\"https:\/\/www.pressalert.ro\/author\/marius-popescu\/\"><img loading=\"lazy\" decoding=\"async\" src=\"https:\/\/analyse.optim.biz\/wp-content\/uploads\/2026\/01\/6ff5b29455ffa79f6eac9c7ee3cb2891-288.jpg\" class=\"avatar avatar-96 photo\" height=\"96\" width=\"96\" title=\"6ff5b29455ffa79f6eac9c7ee3cb2891-288\"><\/a><\/p>\n<div class=\"desc\">\n<div class=\"td-author-name vcard author\"><span class=\"fn\"><a href=\"https:\/\/www.pressalert.ro\/author\/marius-popescu\/\">Marius Popescu<\/a><\/span><\/div>\n<div class=\"td-author-url\"><a href=\"http:\/\/www.pressalert.ro\">http:\/\/www.pressalert.ro<\/a><\/div>\n<\/div>\n<\/div>\n<p><span><\/span><span><span><\/span><\/span><span><\/span><\/footer>\n<\/article>\n<p> Source URL: https:\/\/www.pressalert.ro\/2015\/01\/20-01-2015-invitat-sergiu-stanila\/<\/p>\n","protected":false},"excerpt":{"rendered":"<p>Acas\u0103PRESSALERT LIVE20.01.2015 Invitat Sergiu St\u0103nil\u0103 PRESSALERT LIVE Pressalert LIVE &#8211; Sezonul II 20.01.2015 Invitat Sergiu St\u0103nil\u0103 De Marius Popescu &#8211; ian. 20, 2015 0 DISTRIBUI\u021aI Facebook Twitter ETICHETE ancheta avocat coruptie ipj timis pressalert live sergiu stanila Timisoara DISTRIBUI\u021aI Facebook Twitter Articolul precedentAvocatul Sergiu St\u0103nil\u0103, despre CORUP\u0162IA din poli\u0163ia timi\u015fean\u0103, la PRESSALERT LIVE: \u201e\u00cen momentul [&hellip;]<\/p>\n","protected":false},"author":1,"featured_media":0,"comment_status":"open","ping_status":"","sticky":false,"template":"","format":"standard","meta":{"footnotes":""},"categories":[89],"tags":[176],"class_list":["post-1471375","post","type-post","status-publish","format-standard","hentry","category-romania","tag-pressalert-ro"],"_links":{"self":[{"href":"https:\/\/analyse.optim.biz\/index.php?rest_route=\/wp\/v2\/posts\/1471375","targetHints":{"allow":["GET"]}}],"collection":[{"href":"https:\/\/analyse.optim.biz\/index.php?rest_route=\/wp\/v2\/posts"}],"about":[{"href":"https:\/\/analyse.optim.biz\/index.php?rest_route=\/wp\/v2\/types\/post"}],"author":[{"embeddable":true,"href":"https:\/\/analyse.optim.biz\/index.php?rest_route=\/wp\/v2\/users\/1"}],"replies":[{"embeddable":true,"href":"https:\/\/analyse.optim.biz\/index.php?rest_route=%2Fwp%2Fv2%2Fcomments&post=1471375"}],"version-history":[{"count":0,"href":"https:\/\/analyse.optim.biz\/index.php?rest_route=\/wp\/v2\/posts\/1471375\/revisions"}],"wp:attachment":[{"href":"https:\/\/analyse.optim.biz\/index.php?rest_route=%2Fwp%2Fv2%2Fmedia&parent=1471375"}],"wp:term":[{"taxonomy":"category","embeddable":true,"href":"https:\/\/analyse.optim.biz\/index.php?rest_route=%2Fwp%2Fv2%2Fcategories&post=1471375"},{"taxonomy":"post_tag","embeddable":true,"href":"https:\/\/analyse.optim.biz\/index.php?rest_route=%2Fwp%2Fv2%2Ftags&post=1471375"}],"curies":[{"name":"wp","href":"https:\/\/api.w.org\/{rel}","templated":true}]}}