{"id":147132,"date":"2017-02-15T12:26:55","date_gmt":"2017-02-15T09:26:55","guid":{"rendered":"https:\/\/analyse.optim.biz\/?p=147132"},"modified":"2017-02-15T12:26:55","modified_gmt":"2017-02-15T09:26:55","slug":"oug-14-va-fi-votata-de-deputati-saptamana-viitoare","status":"publish","type":"post","link":"https:\/\/analyse.optim.biz\/?p=147132","title":{"rendered":"OUG 14 va fi votat\u0103 de deputa\u021bi s\u0103pt\u0103m\u00e2na viitoare"},"content":{"rendered":"<div class=\"entry data-app-meta data-app-meta-article\" data-embed-base-url-canonical=\"https:\/\/www.digi24.ro\/embed\/stiri\/actualitate\/politica\/oug-14-va-primi-votul-deputatilor-saptamana-viitoare-670283\">\n<p data-index=\"1\"><strong>Ordonan\u0163a de Urgen\u0163\u0103 14 va fi adoptat\u0103 s\u0103pt\u0103m\u00e2na viitoare de Camera Deputa\u0163ilor, iar OUG 13 ,cea care modific\u0103 codurile penale, nu va mai fi discutat\u0103. Cel pu\u0163in a\u015fa promite pre\u015fedintele Comisiei Juridice a Camerei, Eugen Nicolicea.<\/strong><\/p>\n<p data-index=\"2\"><span lang=\"ro-RO\">Comisiei Juridice a Camerei Deputa\u021bilor a fost notificat\u0103 deja c\u0103 va avea pe ordinea de zi Ordonan\u021ba 14, cea care abrog\u0103 prevederile din Codul Penal modificate prin OUG de c\u0103tre guvernul Grindeanu pe 31 ianuarie.<\/span><\/p>\n<p data-index=\"3\"><span lang=\"ro-RO\">\u0218edin\u021ba \u00een care se va discuta aceast\u0103 Ordonan\u021b\u0103 va avea loc luni pentru ca mar\u021bi ea s\u0103 poat\u0103 fi votat\u0103 \u0219i de Plen \u0219i pentru a merge mai departe pentru promulgare la pre\u0219edintele Klaus Iohannis. <\/span><\/p>\n<p data-index=\"4\"><span lang=\"ro-RO\">Despre controversata Ordonan\u021b\u0103 13, pre\u015fedintele Comisiei Juridice a Camerei, Eugen Nicolicea, spunea c\u0103 \u00een cuprinsul Ordonan\u021bei 14 se va specifica c\u0103 OUG 13 \u00ee\u0219i \u00eenceteaz\u0103 orice efecte juridice pentru c\u0103 a fost abrogat\u0103.<\/span><\/p>\n<\/div>\n<p> Source URL: https:\/\/www.digi24.ro\/stiri\/actualitate\/politica\/oug-14-va-primi-votul-deputatilor-saptamana-viitoare-670283<\/p>\n","protected":false},"excerpt":{"rendered":"<p>Ordonan\u0163a de Urgen\u0163\u0103 14 va fi adoptat\u0103 s\u0103pt\u0103m\u00e2na viitoare de Camera Deputa\u0163ilor, iar OUG 13 ,cea care modific\u0103 codurile penale, nu va mai fi discutat\u0103. Cel pu\u0163in a\u015fa promite pre\u015fedintele Comisiei Juridice a Camerei, Eugen Nicolicea. Comisiei Juridice a Camerei Deputa\u021bilor a fost notificat\u0103 deja c\u0103 va avea pe ordinea de zi Ordonan\u021ba 14, cea [&hellip;]<\/p>\n","protected":false},"author":1,"featured_media":147133,"comment_status":"open","ping_status":"","sticky":false,"template":"","format":"standard","meta":{"footnotes":""},"categories":[2],"tags":[11],"class_list":["post-147132","post","type-post","status-publish","format-standard","has-post-thumbnail","hentry","category-politics","tag-digi24"],"_links":{"self":[{"href":"https:\/\/analyse.optim.biz\/index.php?rest_route=\/wp\/v2\/posts\/147132","targetHints":{"allow":["GET"]}}],"collection":[{"href":"https:\/\/analyse.optim.biz\/index.php?rest_route=\/wp\/v2\/posts"}],"about":[{"href":"https:\/\/analyse.optim.biz\/index.php?rest_route=\/wp\/v2\/types\/post"}],"author":[{"embeddable":true,"href":"https:\/\/analyse.optim.biz\/index.php?rest_route=\/wp\/v2\/users\/1"}],"replies":[{"embeddable":true,"href":"https:\/\/analyse.optim.biz\/index.php?rest_route=%2Fwp%2Fv2%2Fcomments&post=147132"}],"version-history":[{"count":0,"href":"https:\/\/analyse.optim.biz\/index.php?rest_route=\/wp\/v2\/posts\/147132\/revisions"}],"wp:featuredmedia":[{"embeddable":true,"href":"https:\/\/analyse.optim.biz\/index.php?rest_route=\/wp\/v2\/media\/147133"}],"wp:attachment":[{"href":"https:\/\/analyse.optim.biz\/index.php?rest_route=%2Fwp%2Fv2%2Fmedia&parent=147132"}],"wp:term":[{"taxonomy":"category","embeddable":true,"href":"https:\/\/analyse.optim.biz\/index.php?rest_route=%2Fwp%2Fv2%2Fcategories&post=147132"},{"taxonomy":"post_tag","embeddable":true,"href":"https:\/\/analyse.optim.biz\/index.php?rest_route=%2Fwp%2Fv2%2Ftags&post=147132"}],"curies":[{"name":"wp","href":"https:\/\/api.w.org\/{rel}","templated":true}]}}