{"id":147129,"date":"2017-02-15T13:13:31","date_gmt":"2017-02-15T10:13:31","guid":{"rendered":"https:\/\/analyse.optim.biz\/?p=147129"},"modified":"2017-02-15T13:13:31","modified_gmt":"2017-02-15T10:13:31","slug":"procesul-familiei-iohannis-instanta-a-amanat-decizia","status":"publish","type":"post","link":"https:\/\/analyse.optim.biz\/?p=147129","title":{"rendered":"Procesul familiei Iohannis. Instan\u021ba a am\u00e2nat decizia"},"content":{"rendered":"<div class=\"entry data-app-meta data-app-meta-article\" data-embed-base-url-canonical=\"https:\/\/www.digi24.ro\/embed\/stiri\/actualitate\/politica\/procesul-familiei-iohannis-instanta-a-ramas-in-pronuntare-670348\">\n<p data-index=\"1\"><strong>Magistra\u0163ii Cur\u0163ii de Apel Pite\u015fti au am\u00e2nat decizia \u00een procesul \u00een care so\u0163ii Iohannis cer revizuirea sentin\u0163ei prin care au pierdut casa din centrul municipiului Sibiu \u00een urma unei decizii a Cur\u0163ii de Apel Bra\u015fov.<\/strong><\/p>\n<p data-index=\"2\"><img loading=\"lazy\" decoding=\"async\" class=\"alignnone size-full wp-image-629860\" src=\"https:\/\/analyse.optim.biz\/wp-content\/uploads\/2024\/09\/ad04zta3nzvjm2fmmtuxzdewytq5ymyzodg5ztixn2ixza-thumb_.jpg\" alt=\"klaus carmen iohannis\" width=\"2048\" height=\"1363\" data-skip-htmlfix=\"1\" title=\"ad04zta3nzvjm2fmmtuxzdewytq5ymyzodg5ztixn2ixza-thumb_\"><\/p>\n<p data-index=\"3\"><strong>ACTUALIZARE 17.30.\u00a0Curtea de Apel Pite\u015fti a am\u00e2nat pentru 22 februarie<\/strong> pronun\u0163area \u00een acest proces.<\/p>\n<p data-index=\"4\">Potrivit portalului instan\u0163elor din jude\u0163ul Arge\u015f, magistra\u0163ii Cur\u0163ii de Apel Pite\u015fti au decis, miercuri, s\u0103 am\u00e2ne pronun\u0163area \u00een procesul \u00een care so\u0163ii Carmen \u015fi Klaus Iohannis au contestat decizia Cur\u0163ii de Apel Bra\u015fov prin care pierd casa din centrul municipiului Sibiu. Astfel, a fost stabilit\u0103 drept termen pentru pronun\u0163are data de 22 februarie.<\/p>\n<hr>\n<p data-index=\"5\">\u00a0<\/p>\n<p data-index=\"6\">Dup\u0103 ce magistra\u0163ii s-au l\u0103murit cu privire la situa\u0163ia juridic\u0103 a mo\u015ftenitorilor mamei lui Carmen Iohannis, Georgeta L\u0103zurc\u0103, al c\u0103rei nume apare ca parte \u00een proces \u015fi care a decedat recent, instan\u0163a urmeaz\u0103 s\u0103 se pronun\u0163e asupra contesta\u0163iei depuse de so\u0163ii Iohannis, anun\u021b\u0103 <a href=\"http:\/\/www.news.ro\" data-skip-linkfix=\"1\">news.ro<\/a>.<\/p>\n<p data-index=\"7\">La ultimul termen, care a avut loc \u00een 18 ianuarie, avocatul pre\u015fedintelui \u015fi al so\u0163iei acestuia a cerut am\u00e2narea sau suspendarea cauzei, p\u00e2n\u0103 la clarificarea situa\u0163iei privind mo\u015ftenitorii Gerogetei L\u0103zurc\u0103. Magistra\u0163ii au respins cererea.<\/p>\n<p data-index=\"8\">De la \u00eenceputul procesului la instan\u0163a din Pite\u015fti, \u00een iunie 2016, dosarul a fost am\u00e2nat de trei ori.<\/p>\n<p data-index=\"9\">Ultima am\u00e2nare a fost la \u00eenf\u0103\u0163i\u015farea din 7 decembrie. Atunci, completul de judecat\u0103 a dispus am\u00e2narea pentru ca so\u0163ia pre\u015fedintelui s\u0103 depun\u0103 la dosar certificatul de deces al mamei sale, Georgeta L\u0103zurc\u0103, al c\u0103rei nume apare ca parte \u00een proces \u015fi ca s\u0103 fac\u0103 dovada c\u0103 este mo\u015ftenitoarea acesteia.<\/p>\n<p data-index=\"10\">Procesul a fost am\u00e2nat \u015fi \u00een 28 septembrie. Atunci, p\u0103r\u0163ile implicate \u00een proces au fost reprezentate de c\u0103tre avoca\u0163i care au avut o disput\u0103 \u00een fa\u0163a judec\u0103torilor privind validitatea unor acte. \u00cen aceste condi\u0163ii, avoca\u0163ii au cerut instan\u0163ei s\u0103 compare o semn\u0103tur\u0103 a Rodic\u0103i Ba\u015ftea de pe contractul de asisten\u0163\u0103 juridic\u0103 cu cea de pe un alt document aflat la dosar.<\/p>\n<p data-index=\"11\">Primul termen al acestui proces, la Curtea de Apel Pite\u015fti, a avut loc \u00een 22 iunie, c\u00e2nd a fost am\u00e2nat pentru 28 septembrie.<\/p>\n<p data-index=\"12\">Pre\u015fedintele Klaus Iohannis \u015fi so\u0163ia sa, Carmen Iohannis, nu mai sunt proprietarii casei din centrul ora\u015fului Sibiu pierdute \u00een instan\u0163\u0103, dup\u0103 ce Oficiul Jude\u0163ean de Cadastru a admis cererea Administra\u0163iei Finan\u0163elor Publice de radiere a dreptului de proprietate al celor doi.<\/p>\n<p data-index=\"13\">Klaus Iohannis \u015fi so\u0163ia sa, Carmen Iohannis, au pierdut definitiv casa \u00een care este sediul unei b\u0103nci, \u00een noiembrie anul trecut, \u00een urma unei decizii a Cur\u0163ii de Apel Bra\u015fov, dup\u0103 un proces care a durat mai mult de 16 ani.<\/p>\n<p data-index=\"14\">So\u0163ii Iohannis nu au renun\u0163at \u00eens\u0103 la imobil \u015fi au depus contesta\u0163ie \u00een anulare la Curtea de Apel Bra\u015fov. Magistra\u0163ii au stabilit ini\u0163ial termen pentru 4 ianuarie, apoi pentru 25 ianuarie. La termenul din 25 ianuarie, magistra\u0163ii au am\u00e2nat p\u00e2n\u0103 \u00een 6 iunie judecarea acestei contesta\u0163ii.<\/p>\n<p data-index=\"15\">\u00centre timp, procesul a fost str\u0103mutat la Curtea de Apel Pite\u015fti.<\/p>\n<\/div>\n<p> Source URL: https:\/\/www.digi24.ro\/stiri\/actualitate\/politica\/procesul-familiei-iohannis-instanta-a-ramas-in-pronuntare-670348<\/p>\n","protected":false},"excerpt":{"rendered":"<p>Magistra\u0163ii Cur\u0163ii de Apel Pite\u015fti au am\u00e2nat decizia \u00een procesul \u00een care so\u0163ii Iohannis cer revizuirea sentin\u0163ei prin care au pierdut casa din centrul municipiului Sibiu \u00een urma unei decizii a Cur\u0163ii de Apel Bra\u015fov. ACTUALIZARE 17.30.\u00a0Curtea de Apel Pite\u015fti a am\u00e2nat pentru 22 februarie pronun\u0163area \u00een acest proces. Potrivit portalului instan\u0163elor din jude\u0163ul Arge\u015f, [&hellip;]<\/p>\n","protected":false},"author":1,"featured_media":147130,"comment_status":"open","ping_status":"","sticky":false,"template":"","format":"standard","meta":{"footnotes":""},"categories":[2],"tags":[11],"class_list":["post-147129","post","type-post","status-publish","format-standard","has-post-thumbnail","hentry","category-politics","tag-digi24"],"_links":{"self":[{"href":"https:\/\/analyse.optim.biz\/index.php?rest_route=\/wp\/v2\/posts\/147129","targetHints":{"allow":["GET"]}}],"collection":[{"href":"https:\/\/analyse.optim.biz\/index.php?rest_route=\/wp\/v2\/posts"}],"about":[{"href":"https:\/\/analyse.optim.biz\/index.php?rest_route=\/wp\/v2\/types\/post"}],"author":[{"embeddable":true,"href":"https:\/\/analyse.optim.biz\/index.php?rest_route=\/wp\/v2\/users\/1"}],"replies":[{"embeddable":true,"href":"https:\/\/analyse.optim.biz\/index.php?rest_route=%2Fwp%2Fv2%2Fcomments&post=147129"}],"version-history":[{"count":0,"href":"https:\/\/analyse.optim.biz\/index.php?rest_route=\/wp\/v2\/posts\/147129\/revisions"}],"wp:featuredmedia":[{"embeddable":true,"href":"https:\/\/analyse.optim.biz\/index.php?rest_route=\/wp\/v2\/media\/147130"}],"wp:attachment":[{"href":"https:\/\/analyse.optim.biz\/index.php?rest_route=%2Fwp%2Fv2%2Fmedia&parent=147129"}],"wp:term":[{"taxonomy":"category","embeddable":true,"href":"https:\/\/analyse.optim.biz\/index.php?rest_route=%2Fwp%2Fv2%2Fcategories&post=147129"},{"taxonomy":"post_tag","embeddable":true,"href":"https:\/\/analyse.optim.biz\/index.php?rest_route=%2Fwp%2Fv2%2Ftags&post=147129"}],"curies":[{"name":"wp","href":"https:\/\/api.w.org\/{rel}","templated":true}]}}