{"id":147126,"date":"2017-02-15T13:23:41","date_gmt":"2017-02-15T10:23:41","guid":{"rendered":"https:\/\/analyse.optim.biz\/?p=147126"},"modified":"2017-02-15T13:23:41","modified_gmt":"2017-02-15T10:23:41","slug":"cum-au-fost-inabusite-protestele-din-ianuarie-1990-impotriva-fsn","status":"publish","type":"post","link":"https:\/\/analyse.optim.biz\/?p=147126","title":{"rendered":"Cum au fost \u00een\u0103bu\u015fite protestele din ianuarie 1990 \u00eempotriva FSN"},"content":{"rendered":"<div class=\"entry data-app-meta data-app-meta-article\" data-embed-base-url-canonical=\"https:\/\/www.digi24.ro\/embed\/stiri\/actualitate\/politica\/cum-au-fost-inabusite-protestele-din-ianuarie-1990-impotriva-fsn-670364\">\n<p data-index=\"1\"><strong>La c\u00e2teva s\u0103pt\u0103m\u00e2ni de la Revolu\u0163ia din decembrie 1989, Rom\u00e2nia a trecut printr-un moment critic al c\u0103rui deznod\u0103m\u00e2nt a avut un impact decisiv asupra evolu\u0163iei post-comuniste a \u0163\u0103rii. Confruntat\u0103 cu contestarea \u00een strad\u0103 a abuzurilor pe care le f\u0103cea, puterea nou-instalat\u0103 a reu\u015fit \u00een ianuarie-februarie 1990 s\u0103 scape de competitori \u015fi s\u0103 fr\u00e2neze mar\u015ful Rom\u00e2niei spre Europa. \u0162\u0103ri vecine, precum Polonia, Ungaria, Cehoslovacia (\u00eenc\u0103 exista la vremea respectiv\u0103) nu au trecut prin a\u015fa ceva, iar asta s-a putut vedea \u00een parcursul pe care l-au avut.<\/strong><\/p>\n<p data-index=\"2\"><img loading=\"lazy\" decoding=\"async\" class=\"alignnone size-full wp-image-525704\" src=\"https:\/\/analyse.optim.biz\/wp-content\/uploads\/2024\/09\/agfzad0wyje3zwq3odq0yziymtk3zdk2yjfimtaxy2i1zju2oa-thumb_.jpg\" alt=\"ion-iliescu\" width=\"800\" height=\"591\" data-skip-htmlfix=\"1\" title=\"agfzad0wyje3zwq3odq0yziymtk3zdk2yjfimtaxy2i1zju2oa-thumb_\"><\/p>\n<p data-index=\"3\">\u00a0<\/p>\n<p data-index=\"4\">\u201eDar nu ne pune\u0163i sula-n coaste, dom&#8217;le, cu propuneri p\u0103 care s\u0103 le accept\u0103m necondi\u0163ionat\u201d. Astfel li s-a adresat Ion Iliescu liderilor opozi\u0163iei, \u00eentr-o discu\u0163ie televizat\u0103 din 28 ianuarie 1990, pe fondul protestelor anti-FSN din Pia\u0163a Victoriei.<\/p>\n<p data-index=\"5\">Manifesta\u0163ia fusese declan\u015fat\u0103 de anun\u0163ul, f\u0103cut c\u00e2teva zile mai devreme, privind transformarea Frontului Salv\u0103rii Na\u0163ionale \u00een partid politic \u015fi intrarea acestuia \u00een prima curs\u0103 electoral\u0103 de dup\u0103 c\u0103derea regimului comunist.<\/p>\n<p data-index=\"6\">Din punctul de vedere al opozi\u0163iei, dar \u015fi al \u015fanselor reale pentru democratizare \u00eentr-o \u0163ar\u0103 abia ie\u015fit\u0103 din comunism, situa\u0163ia atinsese un punct critic. FSN, care fusese \u00eenfiin\u0163at \u00een zilele Revolu\u0163iei din decembrie 1989, era practic organul de conducere care controla totul: armata, for\u0163ele de ordine, economia, mass-media, justi\u0163ia, p\u00e2rghiile politice existente. Or, transformarea acestuia \u00een partid, de\u015fi Ion Iliescu promisese anterior c\u0103 a\u015fa ceva nu avea s\u0103 se \u00eent\u00e2mple, f\u0103cea tot mai actual riscul ca Rom\u00e2nia s\u0103 plonjeze \u00een zona gri. O zon\u0103 a statelor cu un partid mare \u015fi dominant \u015fi cu o opozi\u0163ie de fa\u0163ad\u0103.<\/p>\n<p data-index=\"7\">Pe acest fond, \u0163\u0103r\u0103ni\u015fii, liberalii, social-democra\u0163ii (vorbim aici de cele trei partide istorice re\u00eenfiin\u0163ate \u00een zilele Revolu\u0163iei) au tras un semnal de alarm\u0103, alert\u00e2nd publicul \u015fi declan\u015f\u00e2nd proteste de strad\u0103.<\/p>\n<p data-index=\"8\">\u00cen 28 ianuarie 1990 a avut loc o mare manifesta\u0163ie anti-FSN, \u00een Pia\u0163a Victoriei, la care au participat membri ai acestor partide, dar \u015fi studen\u0163i sau alte categorii sociale. Cu toate c\u0103 liderii opozi\u0163iei au fost deschi\u015fi la discu\u0163ii \u015fi negocieri cu puterea, reprezentat\u0103 de Ion Iliescu, Petre Roman \u015fi ceilal\u0163i lideri ai FSN, ace\u015ftia din urm\u0103 au indus opiniei publice senza\u0163ia c\u0103 se preg\u0103te\u015fte o lovitur\u0103 de stat, c\u0103 for\u0163e oculte pun \u00een pericol stabilitatea social\u0103 \u015fi politic\u0103 a \u0163\u0103rii, c\u0103 dezordinea \u00een Rom\u00e2nia e iminent\u0103.<\/p>\n<p data-index=\"9\">Acest tip de comunicare a fost amplificat de modul \u00een care televiziunea public\u0103, auto-declarat\u0103 liber\u0103 \u00een timpul Revolu\u0163iei, a reflectat evenimentele.<\/p>\n<p data-index=\"10\">De exemplu, \u00een 28 \u015fi 29 ianuarie 1990, TVR a refuzat s\u0103 transmit\u0103 imagini de la manifesta\u0163ia anti-FSN din Pia\u0163a Victoriei, pretext\u00e2nd c\u0103 este cea\u0163\u0103. Era o dovad\u0103 \u00een plus c\u0103 principalul canal media al Rom\u00e2niei intrase definitiv sub controlul politic al puterii de la acea vreme \u015fi c\u0103 era folosit, din nou, nu pentru a informa opinia public\u0103, ci pentru a distorsiona realitatea.<\/p>\n<p data-index=\"11\">E drept, TVR a transmis, \u00een 28 ianuarie, o dezbatere la care, printre al\u0163ii, au participat Ion Iliescu \u015fi Corneliu Coposu. Tonul liderilor FSN a fost \u00eens\u0103 unul agresiv, ideile vehiculate \u015fi cu ocazia acelei transmisiuni fiind cele binecunoscute \u015fi \u00eencadr\u00e2ndu-se \u00een linia general\u0103 a unei tentative de lovitur\u0103 de stat.<\/p>\n<h5>\u201eMoarte intelectualilor!\u201d<\/h5>\n<p data-index=\"12\">Ce a urmat? \u00cen 29 ianuarie, manifesta\u0163ia anti-FSN a fost deturnat\u0103 de conducerea politic\u0103 de la acea vreme prin manevre subterane specifice epocii pe care Rom\u00e2nia p\u0103rea c\u0103 o va l\u0103sa \u00een urm\u0103 odat\u0103 cu d\u0103r\u00e2marea regimului ceau\u015fist.<\/p>\n<p data-index=\"13\">Au existat voci din cercurile puterii care au cerut condamnarea la moarte a celor care \u201esubminau\u201d ordinea politic\u0103 instalat\u0103 dup\u0103 decembrie 1989. Mai mult, au fost mobiliza\u0163i muncitori, din Valea Jiului au fost adu\u015fi la Bucure\u015fti circa 5.000 de mineri, cu scopul de a \u201erestabili ordinea\u201d, iar sediile unor partide precum PN\u0162CD au fost \u00eenconjurate de manifestan\u0163i pro-FSN \u015fi bande muncitore\u015fti cu comportament violent.<\/p>\n<p data-index=\"14\">De altfel, \u00een acele zile, sediile partidelor istorice au f\u0103cut inclusiv obiectul unor razii de amploare, conduse de for\u0163e care nu aveau nicio autoritate \u00een acest sens.<\/p>\n<p data-index=\"15\">Rom\u00e2nia trecea practic prin prima mineriad\u0103, urm\u0103toarea av\u00e2nd loc c\u00e2teva luni mai t\u00e2rziu, \u00een 13-15 iunie 1990.<\/p>\n<p data-index=\"16\">De semnalat un moment cu totul halucinant, acela \u00een care Corneliu Coposu, care trecuse prin aproape dou\u0103 decenii de deten\u0163ie cumplit\u0103 \u00een anii comunismului, s-a mai v\u0103zut umilit o dat\u0103 \u015fi amenin\u0163at cu moartea: A trebuit s\u0103 fie scos din sediul partidului chiar de primul ministru de la acea vreme, Petre Roman, \u015fi transportat cu o tanchet\u0103 pentru a fi salvat din ghearele sus\u0163in\u0103torilor FSN, veni\u0163i s\u0103 fac\u0103 ordine la PN\u0162CD \u015fi, \u00een general, \u00een toat\u0103 Capitala.<\/p>\n<p data-index=\"17\">De altfel, ca o nou\u0103 ilustrare a ferocit\u0103\u0163ii cu care regimul Iliescu a \u00een\u0103bu\u015fit manifesta\u0163iile anti-FSN din acele zile trebuie reamintit faptul opera\u0163iunile de \u201erestabilire a ordinii\u201d s-au soldat cu c\u00e2teva zeci de r\u0103ni\u0163i.<\/p>\n<p data-index=\"18\">\u00cen acele zile au curs pe str\u0103zile Capitalei sloganuri care au transmis unde de \u015foc \u00een toat\u0103 Europa: \u201eMoarte intelectualilor!\u201d, \u201eNoi muncim, nu g\u00e2ndim!\u201d.<\/p>\n<p data-index=\"19\">Ceea ce a rezultat pe fondul situa\u0163iei tensionate din acele zile a fost o nou\u0103 structur\u0103, Consiliul Provizoriu de Uniune Na\u0163ional\u0103. Decretul de \u00eenfiin\u0163are arat\u0103, \u00eens\u0103, c\u00e2t de dispropor\u0163ionat\u0103 avea s\u0103 fie de aici \u00eencolo via\u0163a politic\u0103 din Rom\u00e2nia: jum\u0103tate din locuri au revenit FSN, cealalt\u0103 jum\u0103tate s-a \u00eemp\u0103r\u0163it \u00eentre nici mai mult nici mai pu\u0163in de 30 de partide, iar Guvernul a r\u0103mas tot sub controlul Frontului Salv\u0103rii Na\u0163ionale.<\/p>\n<p data-index=\"20\">Nu a mai fost, a\u015fasar, o surpriz\u0103 faptul c\u0103 FSN a putut c\u00e2\u015ftiga alegerile din luna mai a aceluia\u015fi an la un scor mai mult dec\u00e2t categoric, circa 85%.<\/p>\n<h5>12 ianuarie<\/h5>\n<p data-index=\"21\">Acea lun\u0103 ianuarie nu fusese deloc una lini\u015ftit\u0103. Trecuser\u0103 doar c\u00e2teva s\u0103pt\u0103m\u00e2ni de la c\u0103derea regimului Ceau\u015fescu, popula\u0163ia se afla \u00eenc\u0103 sub \u015focul imaginilor cu oameni \u00eempu\u015fca\u0163i \u201ela liber\u201d pe str\u0103zile Bucure\u015ftiului, Timi\u015foarei, Clujului ori la Sibiu, iar noile figuri din zona puterii, \u00een frunte cu Ion Iliescu, d\u0103deau semne tot mai numeroase c\u0103 au de g\u00e2nd s\u0103 men\u0163in\u0103 Rom\u00e2nia \u00eentr-o zon\u0103 gri. Ca atare, \u00een 12 ianuarie 1990, are loc o demonstra\u0163ie \u00een care c\u00e2teva zeci de mii de oameni se adun\u0103 \u00een Pia\u0163a Victoriei. Au ajuns \u00een fa\u0163a Guvernului de pe Calea Victoriei, bulevardul Ana Ip\u0103tescu \u015fi dinspre zona Aviatorilor.<\/p>\n<p data-index=\"22\">La Palatul Victoria, mul\u0163imea a cerut aflarea adev\u0103rului despre cei peste o mie de mor\u0163i de la Revolu\u0163ie, au scandat \u00eempotriva comunismului. Situa\u0163ia devenise sensibil\u0103 pentru putere, ca atare Gelu Voican Voiculescu, Petre Roman \u015fi chiar Ion Iliescu s-au adresat mul\u0163ii, \u00eencerc\u00e2nd s\u0103 o lini\u015fteasc\u0103. Un moment semnificativ a fost acela \u00een care, revenit de la Timi\u015foara unde fusese \u00een acea zi pentru a comemora eroii de la Revolu\u0163ie, Dumitru Mazilu a venit \u00een pia\u0163\u0103, a urcat pe un tanc \u015fi a luat cuv\u00e2ntul. Fost director al \u015ecolii de la B\u0103nseasa, fost diplomat, acesta preia unul din solganurile manifestan\u0163ilor: \u201eMoarte securi\u015ftilor\u201d. \u00cen acele zile, Mazilu a mai cerut \u015fi retragerea comuni\u015ftilor din conducerea FSN. Dup\u0103 dou\u0103 s\u0103pt\u0103m\u00e2ni, Dumitru Mazilu, care era vicepre\u015fedinte al CFSN, demisioneaz\u0103.<\/p>\n<h3>Cite\u015fte \u015fi: <strong><a href=\"https:\/\/www.digi24.ro\/opinii\/ce-ii-leaga-pe-dragnea-si-iliescu-670502\" target=\"_blank\" data-skip-linkfix=\"1\" rel=\"noopener\">Ce \u00eei leag\u0103 pe Dragnea \u015fi Iliescu<\/a><\/strong><\/h3>\n<\/div>\n<p> Source URL: https:\/\/www.digi24.ro\/stiri\/actualitate\/politica\/cum-au-fost-inabusite-protestele-din-ianuarie-1990-impotriva-fsn-670364<\/p>\n","protected":false},"excerpt":{"rendered":"<p>La c\u00e2teva s\u0103pt\u0103m\u00e2ni de la Revolu\u0163ia din decembrie 1989, Rom\u00e2nia a trecut printr-un moment critic al c\u0103rui deznod\u0103m\u00e2nt a avut un impact decisiv asupra evolu\u0163iei post-comuniste a \u0163\u0103rii. Confruntat\u0103 cu contestarea \u00een strad\u0103 a abuzurilor pe care le f\u0103cea, puterea nou-instalat\u0103 a reu\u015fit \u00een ianuarie-februarie 1990 s\u0103 scape de competitori \u015fi s\u0103 fr\u00e2neze mar\u015ful Rom\u00e2niei [&hellip;]<\/p>\n","protected":false},"author":1,"featured_media":147127,"comment_status":"open","ping_status":"","sticky":false,"template":"","format":"standard","meta":{"footnotes":""},"categories":[2],"tags":[11],"class_list":["post-147126","post","type-post","status-publish","format-standard","has-post-thumbnail","hentry","category-politics","tag-digi24"],"_links":{"self":[{"href":"https:\/\/analyse.optim.biz\/index.php?rest_route=\/wp\/v2\/posts\/147126","targetHints":{"allow":["GET"]}}],"collection":[{"href":"https:\/\/analyse.optim.biz\/index.php?rest_route=\/wp\/v2\/posts"}],"about":[{"href":"https:\/\/analyse.optim.biz\/index.php?rest_route=\/wp\/v2\/types\/post"}],"author":[{"embeddable":true,"href":"https:\/\/analyse.optim.biz\/index.php?rest_route=\/wp\/v2\/users\/1"}],"replies":[{"embeddable":true,"href":"https:\/\/analyse.optim.biz\/index.php?rest_route=%2Fwp%2Fv2%2Fcomments&post=147126"}],"version-history":[{"count":0,"href":"https:\/\/analyse.optim.biz\/index.php?rest_route=\/wp\/v2\/posts\/147126\/revisions"}],"wp:featuredmedia":[{"embeddable":true,"href":"https:\/\/analyse.optim.biz\/index.php?rest_route=\/wp\/v2\/media\/147127"}],"wp:attachment":[{"href":"https:\/\/analyse.optim.biz\/index.php?rest_route=%2Fwp%2Fv2%2Fmedia&parent=147126"}],"wp:term":[{"taxonomy":"category","embeddable":true,"href":"https:\/\/analyse.optim.biz\/index.php?rest_route=%2Fwp%2Fv2%2Fcategories&post=147126"},{"taxonomy":"post_tag","embeddable":true,"href":"https:\/\/analyse.optim.biz\/index.php?rest_route=%2Fwp%2Fv2%2Ftags&post=147126"}],"curies":[{"name":"wp","href":"https:\/\/api.w.org\/{rel}","templated":true}]}}