{"id":147123,"date":"2017-02-15T15:19:40","date_gmt":"2017-02-15T12:19:40","guid":{"rendered":"https:\/\/analyse.optim.biz\/?p=147123"},"modified":"2017-02-15T15:19:40","modified_gmt":"2017-02-15T12:19:40","slug":"dragnea-nu-o-sa-ma-delimitez-de-guvern-a-facut-bine","status":"publish","type":"post","link":"https:\/\/analyse.optim.biz\/?p=147123","title":{"rendered":"Dragnea: Nu o s\u0103 m\u0103 delimitez de Guvern. A f\u0103cut bine"},"content":{"rendered":"<div class=\"entry data-app-meta data-app-meta-article\" data-embed-base-url-canonical=\"https:\/\/www.digi24.ro\/embed\/stiri\/actualitate\/politica\/dragnea-nu-o-sa-ma-delimitez-de-guvern-a-facut-bine-670462\">\n<p data-index=\"1\"><strong>Pre\u0219edintele PSD, Liviu Dragnea, a admis, \u00eentr-un interviu acordat Radio Rom\u00e2nia Actualit\u0103\u021bi, c\u0103 cele \u00eent\u00e2mplate \u00een ultima vreme i-au afectat serios cota de \u00eencredere \u00een r\u00e2ndul popula\u021biei, dar continu\u0103 s\u0103 sus\u021bin\u0103 c\u0103 lumea nu a \u00een\u021beles corect inten\u021biile Guvernului.<\/strong><\/p>\n<figure class=\"article-thumb\"><img decoding=\"async\" src=\"https:\/\/analyse.optim.biz\/wp-content\/uploads\/2024\/09\/zgzhmjfimtazzjkxowu2yjg4yjlhzdbiymm-thumb_.jpg\" alt=\"161227_PARLAMENT_DRAGNEA_01_INQ_Octav_Ganea\" data-skip-htmlfix=\"1\" title=\"zgzhmjfimtazzjkxowu2yjg4yjlhzdbiymm-thumb_\"><figcaption> Surs\u0103 foto: INQUAM PHOTOS \/ Ocvtav Ganea <\/figcaption><\/figure>\n<p data-index=\"2\">Dragnea spune c\u0103 plasarea sa pe locul cinci \u00een topul \u00eencrederii \u00een politicieni, conform unui sondaj realizat recent, se datoreaz\u0103 \u201ediscu\u021biilor foarte pa\u0219nice despre ordonan\u021ba 13\u201d.<\/p>\n<p data-index=\"3\">\u201e<strong>Ca pre\u0219edinte al partidului, decontezi politic orice critic\u0103 adus\u0103 Guvernului<\/strong>. Este firesc s\u0103 se \u00eent\u00e2mple asta. Niciodat\u0103 nu o s\u0103 m\u0103 vede\u021bi c\u0103, dac\u0103 Guvernul &#8211; <strong>ceea ce nu a fost cazul acum<\/strong> &#8211; va face o gre\u0219eal\u0103, eu s\u0103 m\u0103 delimitez de Guvern. Am \u00eenvestit \u00eencredere \u00een acest Guvern, partidul a \u00eenvestit \u00eencredere \u0219i vom fi solidari\u201d, a declarat Dragnea \u00een interviul pentru <a href=\"http:\/\/www.romania-actualitati.ro\" target=\"_blank\" data-skip-linkfix=\"1\" rel=\"noopener\">RRA<\/a>.<\/p>\n<p data-index=\"4\">Pre\u0219edintele PSD a admis \u0219i c\u0103 scandalul OUG 13 are \u201ecosturi pentru partid\u201d, dar sus\u021bine \u00een continuare c\u0103 oamenii au \u00een\u021beles gre\u0219it inten\u021biile Guvernului Grindeanu. \u201e<strong>\u00cen ceea ce prive\u0219te costurile pentru partid, au fost. Dar, vreau s\u0103 v\u0103 spun ceva: \u00eencet, \u00eencet, adev\u0103rul va ie\u0219i la iveal\u0103 \u0219i, \u00eencet, \u00eencet, lumea va \u00een\u021belege c\u0103 acea ordonan\u021b\u0103 nu a avut \u00een spate un demers ocult, nu a avut \u00een spate interesul unui grup sau unui om, ci a avut aceast\u0103 dorin\u021b\u0103, de a acoperi un vid legislativ<\/strong>\u201d, a spus liderul social-democra\u021bilor.<\/p>\n<p data-index=\"5\">\u00centrebat dac\u0103 Executivul a luat decizia aprob\u0103rii OUG 13 cu asentimentul PSD, Dragnea a refuzat un r\u0103spuns tran\u0219ant, cu \u201eda\u201d sau \u201enu\u201d, dar a l\u0103sat a se \u00een\u021belege c\u0103 partidul \u0219tia foarte bine. \u201e<strong>Ceea ce a f\u0103cut Guvernul a f\u0103cut bine<\/strong>. \u0218i s-a spus atunci &#8211; am spus \u0219i eu de multe ori, a spus \u0219i ministrul Justi\u021biei de multe ori, au spus \u0219i al\u021bi colegi de multe ori &#8211; \u00abAten\u021bie! Dac\u0103 aceast\u0103 ordonan\u021b\u0103 nu intr\u0103 \u00een vigoare, pe abuz \u00een serviciu s-ar putea ca unele instan\u021be din Rom\u00e2nia, pe bun\u0103 dreptate, s\u0103 considere c\u0103 acel articol nu mai produce efecte juridice \u0219i vor adopta sentin\u021be de achitare\u00bb. \u0218i a \u00eenceput s\u0103 se \u00eent\u00e2mple\u201d, a declarat pre\u0219edintele PSD, f\u0103c\u00e2nd referire la deciziile Cur\u021bilor de Apel Alba-Iulia \u0219i Cluj.<\/p>\n<p data-index=\"6\">\u201e<strong>Dac\u0103 OUG 13 era l\u0103sat\u0103 s\u0103 r\u0103m\u00e2n\u0103 \u00een vigoare nu ajungeam la aceste decizii. Mai mult, acum nici m\u0103car prejudiciile nu se mai recupereaz\u0103<\/strong>\u201d, a mai sus\u021binut Dragnea.<\/p>\n<\/div>\n<p> Source URL: https:\/\/www.digi24.ro\/stiri\/actualitate\/politica\/dragnea-nu-o-sa-ma-delimitez-de-guvern-a-facut-bine-670462<\/p>\n","protected":false},"excerpt":{"rendered":"<p>Pre\u0219edintele PSD, Liviu Dragnea, a admis, \u00eentr-un interviu acordat Radio Rom\u00e2nia Actualit\u0103\u021bi, c\u0103 cele \u00eent\u00e2mplate \u00een ultima vreme i-au afectat serios cota de \u00eencredere \u00een r\u00e2ndul popula\u021biei, dar continu\u0103 s\u0103 sus\u021bin\u0103 c\u0103 lumea nu a \u00een\u021beles corect inten\u021biile Guvernului. Surs\u0103 foto: INQUAM PHOTOS \/ Ocvtav Ganea Dragnea spune c\u0103 plasarea sa pe locul cinci \u00een [&hellip;]<\/p>\n","protected":false},"author":1,"featured_media":147124,"comment_status":"open","ping_status":"","sticky":false,"template":"","format":"standard","meta":{"footnotes":""},"categories":[2],"tags":[11],"class_list":["post-147123","post","type-post","status-publish","format-standard","has-post-thumbnail","hentry","category-politics","tag-digi24"],"_links":{"self":[{"href":"https:\/\/analyse.optim.biz\/index.php?rest_route=\/wp\/v2\/posts\/147123","targetHints":{"allow":["GET"]}}],"collection":[{"href":"https:\/\/analyse.optim.biz\/index.php?rest_route=\/wp\/v2\/posts"}],"about":[{"href":"https:\/\/analyse.optim.biz\/index.php?rest_route=\/wp\/v2\/types\/post"}],"author":[{"embeddable":true,"href":"https:\/\/analyse.optim.biz\/index.php?rest_route=\/wp\/v2\/users\/1"}],"replies":[{"embeddable":true,"href":"https:\/\/analyse.optim.biz\/index.php?rest_route=%2Fwp%2Fv2%2Fcomments&post=147123"}],"version-history":[{"count":0,"href":"https:\/\/analyse.optim.biz\/index.php?rest_route=\/wp\/v2\/posts\/147123\/revisions"}],"wp:featuredmedia":[{"embeddable":true,"href":"https:\/\/analyse.optim.biz\/index.php?rest_route=\/wp\/v2\/media\/147124"}],"wp:attachment":[{"href":"https:\/\/analyse.optim.biz\/index.php?rest_route=%2Fwp%2Fv2%2Fmedia&parent=147123"}],"wp:term":[{"taxonomy":"category","embeddable":true,"href":"https:\/\/analyse.optim.biz\/index.php?rest_route=%2Fwp%2Fv2%2Fcategories&post=147123"},{"taxonomy":"post_tag","embeddable":true,"href":"https:\/\/analyse.optim.biz\/index.php?rest_route=%2Fwp%2Fv2%2Ftags&post=147123"}],"curies":[{"name":"wp","href":"https:\/\/api.w.org\/{rel}","templated":true}]}}