{"id":147004,"date":"2017-02-16T20:05:48","date_gmt":"2017-02-16T17:05:48","guid":{"rendered":"https:\/\/analyse.optim.biz\/?p=147004"},"modified":"2017-02-16T20:05:48","modified_gmt":"2017-02-16T17:05:48","slug":"a-tutuianu-am-trei-oameni-care-spun-ca-au-fost-obligati-de-firma-sa-mearga-la-proteste","status":"publish","type":"post","link":"https:\/\/analyse.optim.biz\/?p=147004","title":{"rendered":"A. \u0162u\u0163uianu: Am trei oameni care spun c\u0103 au fost obliga\u0163i de firm\u0103 s\u0103 mearg\u0103 la proteste"},"content":{"rendered":"<div class=\"entry data-app-meta data-app-meta-article\" data-embed-base-url-canonical=\"https:\/\/www.digi24.ro\/embed\/fara-categorie\/a-tutuianu-am-trei-oameni-care-spun-ca-au-fost-obligati-de-firma-sa-mearga-la-proteste-671346\">\n<p data-index=\"1\"><strong>Pre\u0219edintele PSD D\u00e2mbovi\u021ba, senatorul Adrian \u021au\u021buianu, a declarat \u00eentr-o conferin\u021b\u0103 de pres\u0103 organizat\u0103 la T\u00e2rgovi\u0219te c\u0103 angaja\u021bi ai unei firme i-ar fi spus c\u0103 au fost obliga\u021bi s\u0103 mearg\u0103 la protest.<\/strong><\/p>\n<p data-index=\"2\"><img loading=\"lazy\" decoding=\"async\" class=\"alignnone size-full wp-image-656676\" src=\"https:\/\/analyse.optim.biz\/wp-content\/uploads\/2024\/09\/mza0mjm1zdmxzgmwndy5mme4owi5ngiwnwjhzg-thumb_.jpg\" alt=\"adrian tutuianu\" width=\"792\" height=\"509\" data-skip-htmlfix=\"1\" title=\"mza0mjm1zdmxzgmwndy5mme4owi5ngiwnwjhzg-thumb_\"><\/p>\n<p data-index=\"3\">\u201eAst\u0103zi am avut trei oameni de la D\u0103rm\u0103ne\u0219ti, care lucreaz\u0103 la Yazaki, \u0219i mi-au spus c\u0103 dac\u0103 este nevoie vor veni \u0219i dau \u0219i declara\u021bii la institu\u021biile statului c\u0103 au fost obliga\u021bi s\u0103 mearg\u0103 la protest\u201d, a afirmat senatorul PSD, care este pre\u015fedinte al Comisiei de control al SRI \u015fi primul care a cerut verificarea implic\u0103rii multina\u0163ionalelor \u00een demosntra\u0163iile anti-guvernamentale.<\/p>\n<p data-index=\"4\">Acum, \u00een conferin\u0163a de pres\u0103 de la T\u00e2rgovi\u015fte, Adrian \u0162u\u0163uianu a insistat c\u0103 \u201enu este \u00eempotriva multina\u021bionalelor\u201d. \u201eAm avut anumite elemente care privesc firmele, am spus public. Unii m-au \u00eenjurat, au spus c\u0103 sunt \u00eempotriva multina\u021bionalelor. Nu sunt deloc \u00eempotriv\u0103\u201d, a declarat acesta, citat de <a href=\"http:\/\/www.agerpres.ro\/politica\/2017\/02\/16\/adrian-tutuianu-psd-angajati-de-la-o-firma-mi-au-spus-ca-au-fost-obligati-sa-mearga-la-protest-19-23-07\" target=\"_blank\" data-skip-linkfix=\"1\" rel=\"noopener\">Agerpres<\/a>.<\/p>\n<p data-index=\"5\">Parlamentarul a mai f\u0103cut o referire la multina\u021bionale, vorbind despre impozitele pl\u0103tite de aceste mari companii \u00een compara\u021bie cu ce pl\u0103tesc IMM-urile. \u201eSunt publice cifrele, multina\u021bionalele produc cam 80% din cifra de afaceri \u0219i pl\u0103tesc cam 3 miliarde de euro profit, ceilal\u021bi, \u00eentreprinderi mici \u0219i mijlocii produc 20% din cifra de afaceri \u0219i pl\u0103tesc 56 de miliarde de euro impozite\u201d, a declarat Adrian \u021au\u021buianu.<\/p>\n<p data-index=\"6\"><strong>Citi\u0163i \u015fi:<\/strong><\/p>\n<p data-index=\"7\"><strong><a href=\"https:\/\/www.digi24.ro\/stiri\/actualitate\/politica\/seful-comisiei-sri-protestele-sunt-manipulate-85-din-cei-din-piata-nu-au-citit-oug-13-666922\" target=\"_blank\" data-skip-linkfix=\"1\" rel=\"noopener\">\u0218eful comisiei SRI: \u201eProtestele sunt manipulate, 85% din cei din pia\u0163\u0103 nu au citit OUG 13\u201d<\/a><\/strong><\/p>\n<\/div>\n<p> Source URL: https:\/\/www.digi24.ro\/fara-categorie\/a-tutuianu-am-trei-oameni-care-spun-ca-au-fost-obligati-de-firma-sa-mearga-la-proteste-671346<\/p>\n","protected":false},"excerpt":{"rendered":"<p>Pre\u0219edintele PSD D\u00e2mbovi\u021ba, senatorul Adrian \u021au\u021buianu, a declarat \u00eentr-o conferin\u021b\u0103 de pres\u0103 organizat\u0103 la T\u00e2rgovi\u0219te c\u0103 angaja\u021bi ai unei firme i-ar fi spus c\u0103 au fost obliga\u021bi s\u0103 mearg\u0103 la protest. \u201eAst\u0103zi am avut trei oameni de la D\u0103rm\u0103ne\u0219ti, care lucreaz\u0103 la Yazaki, \u0219i mi-au spus c\u0103 dac\u0103 este nevoie vor veni \u0219i dau \u0219i [&hellip;]<\/p>\n","protected":false},"author":1,"featured_media":147005,"comment_status":"open","ping_status":"","sticky":false,"template":"","format":"standard","meta":{"footnotes":""},"categories":[2],"tags":[11],"class_list":["post-147004","post","type-post","status-publish","format-standard","has-post-thumbnail","hentry","category-politics","tag-digi24"],"_links":{"self":[{"href":"https:\/\/analyse.optim.biz\/index.php?rest_route=\/wp\/v2\/posts\/147004","targetHints":{"allow":["GET"]}}],"collection":[{"href":"https:\/\/analyse.optim.biz\/index.php?rest_route=\/wp\/v2\/posts"}],"about":[{"href":"https:\/\/analyse.optim.biz\/index.php?rest_route=\/wp\/v2\/types\/post"}],"author":[{"embeddable":true,"href":"https:\/\/analyse.optim.biz\/index.php?rest_route=\/wp\/v2\/users\/1"}],"replies":[{"embeddable":true,"href":"https:\/\/analyse.optim.biz\/index.php?rest_route=%2Fwp%2Fv2%2Fcomments&post=147004"}],"version-history":[{"count":0,"href":"https:\/\/analyse.optim.biz\/index.php?rest_route=\/wp\/v2\/posts\/147004\/revisions"}],"wp:featuredmedia":[{"embeddable":true,"href":"https:\/\/analyse.optim.biz\/index.php?rest_route=\/wp\/v2\/media\/147005"}],"wp:attachment":[{"href":"https:\/\/analyse.optim.biz\/index.php?rest_route=%2Fwp%2Fv2%2Fmedia&parent=147004"}],"wp:term":[{"taxonomy":"category","embeddable":true,"href":"https:\/\/analyse.optim.biz\/index.php?rest_route=%2Fwp%2Fv2%2Fcategories&post=147004"},{"taxonomy":"post_tag","embeddable":true,"href":"https:\/\/analyse.optim.biz\/index.php?rest_route=%2Fwp%2Fv2%2Ftags&post=147004"}],"curies":[{"name":"wp","href":"https:\/\/api.w.org\/{rel}","templated":true}]}}