{"id":147001,"date":"2017-02-17T12:25:58","date_gmt":"2017-02-17T09:25:58","guid":{"rendered":"https:\/\/analyse.optim.biz\/?p=147001"},"modified":"2017-02-17T12:25:58","modified_gmt":"2017-02-17T09:25:58","slug":"senator-usr-dronele-au-devenit-un-mijloc-de-intimidare-folosit-de-mai","status":"publish","type":"post","link":"https:\/\/analyse.optim.biz\/?p=147001","title":{"rendered":"Senator USR: Dronele au devenit un mijloc de intimidare folosit de MAI"},"content":{"rendered":"<div class=\"entry data-app-meta data-app-meta-article\" data-embed-base-url-canonical=\"https:\/\/www.digi24.ro\/embed\/stiri\/actualitate\/politica\/senator-usr-dronele-au-devenit-un-mijloc-de-intimidare-folosit-de-mai-671718\">\n<p data-index=\"1\"><strong>Senatorul USR Vlad Alexandrescu sus\u0163ine c\u0103 Ministerul de Interne folose\u015fte abuziv prevederile Codului Aerian Civil s\u0103 intimideze persoanele care au folosit drone pentru a filma protestele din Pia\u0163a Victoriei, impun\u00e2ndu-se modificarea legisla\u0163iei astfel \u00eenc\u00e2t dronele s\u0103 nu mai fie asimilate aeronavelor.<\/strong><\/p>\n<p data-index=\"2\"><img loading=\"lazy\" decoding=\"async\" class=\"alignnone size-full wp-image-671721\" src=\"https:\/\/analyse.optim.biz\/wp-content\/uploads\/2024\/09\/mdkxowe1y2vmmmrjnjy0mmi2zwy2zjazmjyynjzk-thumb_.jpg\" alt=\"VLAD ALEXANDRESCU\" width=\"709\" height=\"436\" data-skip-htmlfix=\"1\" title=\"mdkxowe1y2vmmmrjnjy0mmi2zwy2zjazmjyynjzk-thumb_\"><\/p>\n<p data-index=\"3\"><strong>Vlad Alexandrescu (foto)<\/strong> sus\u0163ine c\u0103 \u00eentocmirea unor dosare penale pentru pilotarea f\u0103r\u0103 licen\u0163\u0103 a unor aeronave ne\u00eenmatriculate \u00eempotriva a patru persoane care au folosit dronele la protestul din Pia\u0163a Victoriei din 5 februarie reprezint\u0103 o interpretare abuziv\u0103 a prevederilor Codului Aerian Civil, USR urm\u00e2nd s\u0103 sus\u0163in\u0103 amendarea acestuia \u00een Parlament astfel \u00eenc\u00e2t dronele s\u0103 aib\u0103 un alt regim dec\u00e2t aeronavele civile.<br \/>\u00a0<br \/><strong>\u201e\u00cen acest moment, nu exist\u0103 \u00een Rom\u00e2nia o lege care s\u0103 reglementeze folosirea dronelor, iar Ordonan\u0163a 29\/1997 privind Codul Aerian Civil este v\u0103zut\u0103 ca referindu-se \u015fi la drone, \u00een timp ce, \u00een realitate, ea se refer\u0103 la avioanele civile. Conform acestei interpret\u0103ri dronele au devenit avioane, iar m\u00e2nuitorii lor se fac vinova\u0163i de infrac\u0163iune penal\u0103, pedepsibil\u0103 cu \u00eenchisoare de la trei la \u015fase ani. Ei sunt obliga\u0163i s\u0103 \u00eenmatriculeze drona, s\u0103 ob\u0163in\u0103 autoriza\u0163ie de survol de la Ministrul Ap\u0103r\u0103rii Na\u0163ionale \u015fi s\u0103 decoleze de pe un aeroport! Potrivit aceleaia\u015fi ordonan\u0163e, o aeronav\u0103 se consider\u0103 \u00een zbor dup\u0103 \u00eenchiderea u\u015filor, iar drona nu are u\u015fi&#8230; \u201d<\/strong>, arat\u0103 senatorul USR.\u00a0<\/p>\n<p data-index=\"4\">El acuz\u0103 MAI c\u0103 a folosit ambiguitatea legisla\u0163iei pentru a-i intimida pe participan\u0163ii la recentele proteste antiguvernamentale. \u201e<strong>De\u015fi mii de drone sunt folosite \u00een toat\u0103 Rom\u00e2nia, fix acum, la protestele din Pia\u0163a Victoriei, ele au devenit un mijloc de intimidare folosit de Ministerul Afacerilor Interne\u201d<\/strong>, afirm\u0103 Alexandrescu.<\/p>\n<p data-index=\"5\">Senatorul USR aminte\u015fte c\u0103 \u00een Conven\u0163ia de la Riga privind dronele se cere \u0163\u0103rilor UE s\u0103 adopte legi specifice \u015fi c\u0103 statele care au adoptat deja asemenea acte normative nu cer \u00eenregistrarea dronelor u\u015foare \u015fi nici autoriza\u0163ie de survol pentru acestea.<br \/>\u00a0<br \/>Conven\u0163ia de la Riga (2015) referitoare la elaborarea de legi pentru dronele civile insist\u0103 asupra adopt\u0103rii \u00een \u0163\u0103rile UE a unor legi specifice dronelor, grupate \u00een clase diferite, \u00een func\u0163ie de greutate. Majoritatea dronelor disponibile comercial, se \u00eencadreaz\u0103 la clasa \u201eOpen\u201d category. Niciuna dintre \u0163\u0103rile europene, cu legi foarte proaspete \u00een domeniu (Germania &#8211; ianuarie 2017, Portugalia &#8211; decembrie 2016, Fran\u0163a &#8211; septembrie 2016, Italia &#8211; iulie 2016) nu cere \u00eenregistrarea dronelor u\u015foare sau vreo autoriza\u0163ie de survol.<\/p>\n<p data-index=\"6\">Potrivit senatorului, \u00een Rom\u00e2nia exist\u0103 un vid legislativ care \u201epermite intimidarea \u015fi represiunea celor care vor s\u0103 studieze protestele\u201d, iar proiectul noului Cod Aerian Civil, aflat \u00een dezbatere parlamentar\u0103 nu respect\u0103 directivele europene care cer legi specifice dronelor.<br \/>\u00a0<br \/><strong>\u201eS-a lucrat vreme de \u015fase luni \u00eempreun\u0103 cu speciali\u015fti \u00een avia\u0163ie la nu mai pu\u0163in de 160 de amendamente pentru a aduce proiectul la zi, inclusiv pe componenta dronelor. Majoritatea PSD a hot\u0103r\u00e2t \u00eens\u0103 s\u0103 nu dezbat\u0103 \u00een Comisia de Ap\u0103rare a Senatului niciun amendament, motiv\u00e2nd c\u0103 legea este proast\u0103 \u015fi c\u0103 se va face alta. C\u00e2nd? Legea a trecut prin adoptare tacit\u0103 la Senat, f\u0103r\u0103 volumul imens de munc\u0103 depus de speciali\u015fti. USR va sus\u0163ine\u00a0amendamentele speciali\u015ftilor\u00a0\u00een Comisia de Ap\u0103rare a Camerei Deputa\u0163ilor, unde legea va intra \u00een cur\u00e2nd \u00een dezbatere\u201d<\/strong>, precizeaz\u0103 Vlad Alexandrescu.<\/p>\n<p data-index=\"7\">Procurorii ancheteaz\u0103, \u00eempreun\u0103 cu Autoritatea Aeronautic\u0103 Rom\u00e2n\u0103, folosirea ilegal\u0103 a unor drone \u00een timpul protestelor din Pia\u0163a Victoriei, fiind identificate patru persoane, care au fost la Poli\u0163ie pentru a se stabili dac\u0103 aveau aviz pentru ridicarea acestora, au declarat mar\u0163i, pentru News.ro, surse din Poli\u0163ie.<\/p>\n<p data-index=\"8\">Cele patru persoane au fost chemate, \u00een ultimele zile, la sec\u0163ii de Poli\u0163ie din Capital\u0103, pentru a se stabili dac\u0103 dronele pe care le de\u0163in sunt \u00eenmatriculate \u015fi dac\u0103 aveau aviz de la Autoritatea Aeronautic\u0103 Rom\u00e2n\u0103 pentru a le folosi.<\/p>\n<p data-index=\"9\">Un dosar \u00een acest caz a fost deschis ini\u0163ial la Parchetul Judec\u0103toriei Sectorului 1, dar recent a fost declinat la Parchetul Cur\u0163ii de Apel Bucure\u015fti, au declarat pentru News.ro reprezentan\u0163ii Parchetului Judec\u0103toriei.<\/p>\n<p data-index=\"10\"><em>Sursa: News.ro<\/em><\/p>\n<\/div>\n<p> Source URL: https:\/\/www.digi24.ro\/stiri\/actualitate\/politica\/senator-usr-dronele-au-devenit-un-mijloc-de-intimidare-folosit-de-mai-671718<\/p>\n","protected":false},"excerpt":{"rendered":"<p>Senatorul USR Vlad Alexandrescu sus\u0163ine c\u0103 Ministerul de Interne folose\u015fte abuziv prevederile Codului Aerian Civil s\u0103 intimideze persoanele care au folosit drone pentru a filma protestele din Pia\u0163a Victoriei, impun\u00e2ndu-se modificarea legisla\u0163iei astfel \u00eenc\u00e2t dronele s\u0103 nu mai fie asimilate aeronavelor. Vlad Alexandrescu (foto) sus\u0163ine c\u0103 \u00eentocmirea unor dosare penale pentru pilotarea f\u0103r\u0103 licen\u0163\u0103 a [&hellip;]<\/p>\n","protected":false},"author":1,"featured_media":147002,"comment_status":"open","ping_status":"","sticky":false,"template":"","format":"standard","meta":{"footnotes":""},"categories":[2],"tags":[11],"class_list":["post-147001","post","type-post","status-publish","format-standard","has-post-thumbnail","hentry","category-politics","tag-digi24"],"_links":{"self":[{"href":"https:\/\/analyse.optim.biz\/index.php?rest_route=\/wp\/v2\/posts\/147001","targetHints":{"allow":["GET"]}}],"collection":[{"href":"https:\/\/analyse.optim.biz\/index.php?rest_route=\/wp\/v2\/posts"}],"about":[{"href":"https:\/\/analyse.optim.biz\/index.php?rest_route=\/wp\/v2\/types\/post"}],"author":[{"embeddable":true,"href":"https:\/\/analyse.optim.biz\/index.php?rest_route=\/wp\/v2\/users\/1"}],"replies":[{"embeddable":true,"href":"https:\/\/analyse.optim.biz\/index.php?rest_route=%2Fwp%2Fv2%2Fcomments&post=147001"}],"version-history":[{"count":0,"href":"https:\/\/analyse.optim.biz\/index.php?rest_route=\/wp\/v2\/posts\/147001\/revisions"}],"wp:featuredmedia":[{"embeddable":true,"href":"https:\/\/analyse.optim.biz\/index.php?rest_route=\/wp\/v2\/media\/147002"}],"wp:attachment":[{"href":"https:\/\/analyse.optim.biz\/index.php?rest_route=%2Fwp%2Fv2%2Fmedia&parent=147001"}],"wp:term":[{"taxonomy":"category","embeddable":true,"href":"https:\/\/analyse.optim.biz\/index.php?rest_route=%2Fwp%2Fv2%2Fcategories&post=147001"},{"taxonomy":"post_tag","embeddable":true,"href":"https:\/\/analyse.optim.biz\/index.php?rest_route=%2Fwp%2Fv2%2Ftags&post=147001"}],"curies":[{"name":"wp","href":"https:\/\/api.w.org\/{rel}","templated":true}]}}