{"id":1469460,"date":"2014-04-02T20:10:33","date_gmt":"2014-04-02T17:10:33","guid":{"rendered":"https:\/\/analyse.optim.biz\/?p=1469460"},"modified":"2014-04-02T20:10:33","modified_gmt":"2014-04-02T17:10:33","slug":"scolile-agricole-vor-fi-reinfiintate-in-timis","status":"publish","type":"post","link":"https:\/\/analyse.optim.biz\/?p=1469460","title":{"rendered":"\u015ecolile agricole vor fi re\u00eenfiin\u0163ate \u00een Timi\u015f"},"content":{"rendered":"<div class=\"pf-content\">\n<p><a href=\"http:\/\/timpolis.ro\/wp-content\/uploads\/2014\/04\/Invatamant-agricol.jpg\"><img decoding=\"async\" loading=\"lazy\" alt=\"Invatamant agricol\" height=\"187\" title=\"Invatamant agricol\" width=\"250\" class=\"alignright size-medium wp-image-6664 lazyload\" src=\"https:\/\/analyse.optim.biz\/wp-content\/uploads\/2026\/01\/invatamant-agricol-270x202-1.jpg\"><\/a><\/p>\n<p><img decoding=\"async\" loading=\"lazy\" alt=\"Invatamant agricol\" class=\"alignright size-medium wp-image-6664\" height=\"187\" src=\"https:\/\/analyse.optim.biz\/wp-content\/uploads\/2026\/01\/invatamant-agricol-270x202-1.jpg\" title=\"Invatamant agricol\" width=\"250\"><strong>Prin ini\u0163iative curajoase, fie c\u0103 e vorba de culturi inedite, cum e cea de alun sau salcie energetic\u0103, ori prin cresc\u0103torii de p\u0103str\u0103vi, mufloni sau sturioni, tot mai mul\u0163i timi\u015feni \u0163in s\u0103 demonstreze c\u0103 agricultura poate fi un domeniu de viitor. Unii, \u00eens\u0103, s-au \u015fcolit singuri, lovindu-se de lipsa speciali\u015ftilor locali \u00een domeniu. \u00cen aceste condi\u0163ii, s-a considerat c\u0103 este binevenit\u0103 inten\u0163ia de re\u00eenfiin\u0163are a fostelor \u015fcoli agricole, \u00eenchise \u00een ultimii ani \u2013 un proiect al Inspectoratului \u015ecolar \u00een care se dore\u015fte implicarea Consiliului Jude\u0163ean Timi\u015f.<\/strong><\/p>\n<p>\n\t\u00a0\n<\/p>\n<h4><strong>Din zece licee cu profil agricol au mai r\u0103mas dou\u0103\u00a0<\/strong><br \/><\/h4>\n<p>\n\tConsiliul Jude\u0163ean Timi\u015f anun\u0163\u0103 formarea unei comisii cu speciali\u015fti din agricultur\u0103 pentru a urm\u0103ri problemele \u00eenv\u0103\u0163\u0103m\u00e2ntului profesional agricol, care risc\u0103 s\u0103 dispar\u0103 \u00een urm\u0103torii ani. Aceasta ar urma s\u0103 elaboreze o strategie \u015fi un raport \u00een ceea ce prive\u015fte pa\u015fii care trebuie urma\u0163i.\u00a0\n<\/p>\n<p>\n\tConsilierul jude\u0163ean P.D.-L. <strong>Marin Popescu<\/strong>, fost inspector \u015fcolar general al Inspectoratului \u015ecolar Timi\u015f, spune c\u0103 jude\u0163ul a pierdut \u00een ultimii ani opt dintre cele zece \u015fcoli profesionale cu profil agricol, astfel c\u0103 autorit\u0103\u0163ile jude\u0163ene vor fi obligate s\u0103 le re\u00eenfiin\u0163eze, \u00een urm\u0103torii ani, \u00een contextul cererii de pe pia\u0163\u0103, \u00een special din partea investitorilor str\u0103ini, care caut\u0103 m\u00e2n\u0103 de lucru calificat\u0103 \u00een acest sector economic. <em>\u201eAm avut zece licee cu profil agricol, p\u00e2n\u0103 nu de mult. Azi mai avem doar dou\u0103, la S\u00e2nnicolau Mare \u015fi la Timi\u015foara, iar de anul viitor, cu siguran\u0163\u0103, va r\u0103m\u00e2ne doar unul. \u015ecoala profesional\u0103 nu func\u0163ioneaz\u0103, din p\u0103cate, a\u015fa cum ar trebui. \u00cent\u00e2lnirile noastre cu oameni de afaceri ne-au pus \u00eentr-o postur\u0103 proast\u0103 din perspectiva sprijinului pe care ar trebui s\u0103 li-l d\u0103m, \u00een sensul \u00een care au nevoie de \u00eenfiin\u0163area acestor \u015fcoli profesionale\u201d,<\/em> spune Marin Popescu.\n<\/p>\n<p>\n\t\u015ecolile cu profil agricol din Timi\u015f au primit \u201clovitura de gra\u0163ie\u201d \u00een primii ani ai crizei economice. \u00cen 2009 \u015fi 2010, trei licee s-au desfiin\u0163at, iar alte cinci \u015fi-au schimbat profilul, f\u0103c\u00e2ndu-i pe unii speciali\u015fti locali s\u0103 constate c\u0103 \u00eenv\u0103\u0163\u0103m\u00e2ntul agricol din Rom\u00e2nia trece printr-o recesiune mai mare dec\u00e2t cea care a cuprins economia mondial\u0103. Mai ales c\u0103 atunci se spunea \u2013 lucru plauzibil, \u0163in\u00e2nd cont c\u0103 era vorba de mandatul la Ministerul Educa\u0163iei al <strong>Ecaterinei Andronescu<\/strong> \u2013, c\u0103 desfiin\u0163area \u015fcolilor cu profil agricol a fost f\u0103cut\u0103 cu unicul scop de a \u00eenmul\u0163i num\u0103rul tinerilor cu diplome de bacalaureat, pentru a \u00eengro\u015fa apoi num\u0103rul studen\u0163ilor. Desfiin\u0163area \u015fcolilor de profil a dus \u00eens\u0103 la o criz\u0103 acut\u0103 de muncitori \u00een agricultur\u0103. Nu mai exist\u0103 mecanici, zootehni\u015fti, nu mai sunt fermieri cu preg\u0103tire profesional\u0103 adecvat\u0103, iar p\u0103m\u00e2ntul r\u0103m\u00e2ne p\u00e2rloag\u0103. \u00cen plus, elevii care ar putea s\u0103-\u015fi fac\u0103 mai t\u00e2rziu cariere \u00een domeniu nu-\u015fi mai aleg aceste meserii. Autorit\u0103\u0163ile au \u00eenceput, dup\u0103 o vreme, o campanie prin care s\u0103-i conving\u0103 pe p\u0103rin\u0163i c\u0103 este bine s\u0103-\u015fi dea copiii la \u015fcoli agricole. \u00cens\u0103, dup\u0103 valul de desfiin\u0163\u0103ri, oferta de profil din Timi\u015f a devenit \u201crarefiat\u0103\u201d.\n<\/p>\n<p>\n\tCulmea e c\u0103 o astfel de institu\u0163ie de \u00eenv\u0103\u0163\u0103m\u00e2nt ofer\u0103 perspective mult mai atr\u0103g\u0103toare dec\u00e2t multe din liceele teoretice spre care o mul\u0163i p\u0103rin\u0163ii timi\u015feni \u00eenc\u0103 \u00ee\u015fi \u00eemping copiii, pentru c\u0103 un specialist mediu \u00een agricultur\u0103 c\u00e2\u015ftig\u0103 1.500 de lei, iar un inginer agronom, de la 2.000 p\u00e2n\u0103 la 7.000 de lei pe lun\u0103, \u00een func\u0163ie de responsabilit\u0103\u0163i.\n<\/p>\n<p>\n\t\u00cen jude\u0163, din cele \u015fase licee agricole care func\u0163ionau la un moment dat, nici unul nu mai r\u0103spunde nevoilor pentru care au fost \u00eenfiin\u0163ate. Grupurile \u015fcolare din Or\u0163i\u015foara, Biled \u015fi Lugoj au fost desfiin\u0163ate, iar cele din Timi\u015foara (unul agricol \u015fi unul silvic), precum \u015fi cele din S\u00e2nnicolau Mare, Jimbolia \u015fi Lovrin \u015fi-au schimbat profilul, devenind licee tehnice sau teoretice. \u00cen total, \u00eenv\u0103\u0163\u0103m\u00e2ntul agricol din Timi\u015f mai \u015fcolarizeaz\u0103 doar 210 elevi, \u00een condi\u0163iile \u00een care pia\u0163a muncii ar avea nevoie de mult mai mul\u0163i absolven\u0163i.\n<\/p>\n<h4><strong>Fost rector al Universit\u0103\u0163ii de \u015etiin\u0163e Agricole: \u201cNu se poate face agricultur\u0103 dup\u0103 ureche\u201d<\/strong><br \/><\/h4>\n<p><a href=\"http:\/\/timpolis.ro\/wp-content\/uploads\/2013\/11\/Alexandru-Moisuc.jpg\"><img decoding=\"async\" loading=\"lazy\" alt=\"Alexandru Moisuc\" height=\"240\" title=\"Alexandru Moisuc\" width=\"180\" class=\"alignright size-medium wp-image-2580 lazyload\" src=\"https:\/\/analyse.optim.biz\/wp-content\/uploads\/2026\/01\/alexandru-moisuc-202x270-1.jpg\"><\/a><\/p>\n<p><img decoding=\"async\" loading=\"lazy\" alt=\"Alexandru Moisuc\" class=\"alignright size-medium wp-image-2580\" height=\"240\" src=\"https:\/\/analyse.optim.biz\/wp-content\/uploads\/2026\/01\/alexandru-moisuc-202x270-1.jpg\" title=\"Alexandru Moisuc\" width=\"180\">Prof. univ. dr. <strong>Alexandru Moisuc<\/strong>, fost rector al Uni\u00adversit\u0103\u0163ii de \u015etiin\u0163e Agricole \u015fi Medicin\u0103 Veterinar\u0103 a Banatului, spune c\u0103, de\u015fi Timi\u015ful are o tradi\u0163ie \u00een domeniul \u00eenv\u0103\u0163\u0103m\u00e2ntului agricol, aceasta risc\u0103 s\u0103 se piard\u0103 \u00een lipsa unor m\u0103suri concrete de sprijinire a acestui tip de profil educa\u0163ionale. \u201cConsider c\u0103 m\u0103sura de re\u00eenfiin\u0163are a \u015fcolilor cu profil agricol este mai mult dec\u00e2t benefic\u0103. Agricultura este greu de f\u0103cut \u015fi oamenii nu au unde s\u0103 \u00eenve\u0163e. Nu se poate face agricultur\u0103 dup\u0103 ureche. O combin\u0103 cost\u0103 sute de mii de euro, \u015fi nimeni din Rom\u00e2nia nu e \u00eenv\u0103\u0163at s\u0103 o foloseasc\u0103 \u00een mod corespunz\u0103tor. S\u0103 dai un asemenea utilaj unui amator nepreg\u0103tit e ca \u015fi cum ai lua un calculator extrem de performant \u015fi l-ai da cuiva care joac\u0103 pe el c\u0103r\u0163i.\u201d<\/p>\n<p>\n\tIni\u0163iativa de \u201cresuscitare\u201d a \u00eenv\u0103\u0163\u0103m\u00e2ntului agricol din Timi\u015f a fost recent l\u0103udat\u0103 \u015fi de la tribuna Parlamentului. \u201c<em>Se vorbe\u015fte de ceva vreme de relansarea \u00eenv\u0103\u0163\u0103m\u00e2ntului agricol rom\u00e2nesc, dar se face, \u00eenc\u0103, pu\u0163in. Mai mult par a se preocupa str\u0103inii, interesa\u0163i s\u0103 g\u0103seasc\u0103 \u00een Rom\u00e2nia speciali\u015fti de calitate. \u00cen Timi\u015f, de exemplu, \u015fcolile agricole vor fi re\u00eenfiin\u0163ate la cererea investitorilor germani. Poate c\u0103 ar fi timpul s\u0103 urm\u0103m din nou exemplul germanilor \u015fi s\u0103 facem \u015fi noi treburile nem\u0163e\u015fte. Vorbim de at\u00e2ta vreme de modernizarea agriculturii din Rom\u00e2nia, \u00eenc\u00e2t subiectul pare c\u0103 nu mai intereseaz\u0103 pe nimeni. Vorbim de fermele de familie, dar v\u0103 \u00eentreb: cine s\u0103 se ocupe de ele, cine s\u0103 fac\u0103 agricultur\u0103 eficient\u0103 dac\u0103 nu \u015ftie cum? Fermele de familie ar fi cu adev\u0103rat o oportunitate dac\u0103 ele ar fi \u00eenfiin\u0163ate \u015fi conduse de absolven\u0163i ai \u00eenv\u0103\u0163\u0103m\u00e2ntului agricol de calitate. O astfel de ferm\u0103 de familie, pe o suprafa\u0163\u0103 de 1 \u2013 5 hectare, ar putea beneficia \u015fi de ajutorul de 15.000 de euro, bani cu care pot fi f\u0103cute multe lucruri \u00een agricultur\u0103 pe astfel de suprafe\u0163e\u201d<\/em>, declara, recent, deputatul P.S.D. <strong>Toader Dima<\/strong>.\n<\/p>\n<h4><strong>Cea mai veche \u015fcoal\u0103 agricol\u0103 din Timi\u015f ar putea rena\u015fte cu ajutor german<\/strong><br \/><\/h4>\n<p><a href=\"http:\/\/timpolis.ro\/wp-content\/uploads\/2014\/04\/Scoala-Agricola-Voiteg.jpg\"><img decoding=\"async\" loading=\"lazy\" alt=\"Scoala Agricola Voiteg\" height=\"187\" title=\"Scoala Agricola Voiteg\" width=\"250\" class=\"alignright size-medium wp-image-6663 lazyload\" src=\"https:\/\/analyse.optim.biz\/wp-content\/uploads\/2026\/01\/scoala-agricola-voiteg-270x202-1.jpg\"><\/a><\/p>\n<p><img decoding=\"async\" loading=\"lazy\" alt=\"Scoala Agricola Voiteg\" class=\"alignright size-medium wp-image-6663\" height=\"187\" src=\"https:\/\/analyse.optim.biz\/wp-content\/uploads\/2026\/01\/scoala-agricola-voiteg-270x202-1.jpg\" title=\"Scoala Agricola Voiteg\" width=\"250\">Liderii administra\u0163iei timi\u015fene anun\u0163\u0103 c\u0103 vor dezvolta un plan pentru sus\u0163inerea \u015ecolii profesionale agricole de la Voiteg, proiect ce va fi materializat cu sprijinul autorit\u0103\u0163ilor consulare germane<em>. \u201cConsulatul German de la Timi\u015foara este de acord cu acest proiect \u015fi vom hot\u0103r\u00ee \u00eempreun\u0103 ce vom face cu \u015ecoala Agricol\u0103 de la Voiteg<\/em>\u201d, a declarat <strong>Titu Bojin<\/strong>, pre\u015fedintele CJ Timi\u015f.<\/p>\n<p>\n\tAstfel, cu sprijinul financiar consistent al p\u0103r\u0163ii germane \u015fi cu aportul institu\u0163iilor rom\u00e2ne\u015fti implicate, se afl\u0103 \u00een ultima etap\u0103 de acreditare Centrul rom\u00e2no-german de preg\u0103tire \u015fi perfec\u0163ionare profesional \u00een domeniul agriculturii de la Voiteg, copie a \u015ecolii Germane de Agricultur\u0103 Deula, din landul german Baden-W\u00fcrttemberg. \u015ecoala Agricol\u0103 de la Voiteg va colabora cu firmele produc\u0103toare de tehnic\u0103 agricol\u0103, care \u00ee\u015fi vor putea trimite angaja\u0163ii aici, la cursuri de perfec\u0163ionare. Compania New Holland \u015fi-a anun\u0163at deja inten\u0163ia de a organiza, cu fonduri proprii, un curs pentru tractori\u015fti la \u015ecoala Agricol\u0103 din Voiteg, care ofer\u0103 \u015fi spa\u0163ii de cazare pentru cursan\u0163i, cantin\u0103 \u015fi alte facilit\u0103\u0163i. \u015ecoala de la Voiteg va asigura certific\u0103ri pentru mai multe ocupa\u0163ii \u00een agricultur\u0103, respectiv agricultor \u00een culturi vegetale \u015fi cre\u015fterea animalelor, mecanic exploatare \u00een cultura mare, agricultor perfec\u0163ionat pentru culturile de c\u00e2mp ecologice \u015fi fermier \u00een produc\u0163ia vegetal\u0103.\n<\/p>\n<p>\n\tAstfel, cu sprijin german, ar putea rena\u015fte cea mai veche \u015fcoal\u0103 agricol\u0103 din Timi\u015f, ale c\u0103rei baze au fost puse \u00een 1926, c\u00e2nd deputatul \u015fvabilor din Parlamentul de la acea vreme, \u00eempreun\u0103 cu secretarul general al Asocia\u0163iei Agricole a \u015evabilor, au propus \u0163\u0103ranilor s\u0103 realizeze un centru de preg\u0103tire practic\u0103 pentru tineretul care urma s\u0103 activeze \u00een agricultur\u0103. \u00cen 1936 a fost lansat\u0103 prima ac\u0163iune concret\u0103 \u00een acest sens, prin propunerea \u00eenfiin\u0163\u0103rii \u015fcolii agricole ca societate pe ac\u0163iuni, pentru a putea str\u00e2nge fondurile necesare realiz\u0103rii proiectului. Dou\u0103 treimi din suma total\u0103 au fost, astfel, realizate prin \u201esubscrib\u0163iuni\u201d din partea agricultorilor, iar o treime a fost ob\u0163inut\u0103 prin \u00eemprumut bancar ipotecar.\n<\/p>\n<p>\n\t\u00cenceputurile \u015fcolii au coincis, \u00eens\u0103, cu perioada de recesiune economic\u0103, ce a durat p\u00e2n\u0103 aproape de \u00eenceputul anului 1934, \u015fcoala intr\u00e2nd, de asemenea, \u00eentr-o criz\u0103 din care a fost salvat\u0103 prin sprijinul financiar \u015fi moral al profesorului <strong>Adolf\u00a0 Munzinger<\/strong>, de la Universitatea german\u0103 Hohenheim, fost coleg \u015fi, ulterior, prieten al marelui agronom rom\u00e2n <strong>Gheorghe Ionescu \u015ei\u015fe\u015fti<\/strong>, care, la acea vreme, era ministrul Agriculturii.\n<\/p>\n<p>\n\tPrintr-un ordin dat la sf\u00e2r\u015fitul anului 1934, \u015ecoala Agricol\u0103 de la Voiteg a fost acreditat\u0103 de c\u0103tre Guvernul. Din p\u0103cate, \u00een ultimii ani de func\u0163ionare \u015fi dup\u0103 \u00eenchiderea acesteia, a fost devastat\u0103 de ultimul s\u0103u director. \u00cencep\u00e2nd cu 2001, s-a solicitat sprijinul Universit\u0103\u0163ii Agricole din Timi\u015foara, ministrului german al Agriculturii \u015fi prim-ministrului landului Baden-W\u00fcrttemberg, pentru readucerea la via\u0163\u0103 a acestui proiect, care, iat\u0103, acum, a prins contur. Exemplul ar putea fi urmat \u015fi \u00een cazul altor institu\u0163ii \u015fcolare cu profil agricol din Timi\u015f, mai ales c\u0103 interesul pentru agricultur\u0103 pare s\u0103 creasc\u0103 de la an la an \u00een Timi\u015f.<\/p>\n<div id=\"metaslider-id-56545\" class=\"ml-slider-3-18-9 metaslider metaslider-responsive metaslider-56545 ml-slider nav-hidden nav-hidden nav-hidden\">\n<div id=\"metaslider_container_56545\">\n<ul id=\"metaslider_56545\" class=\"rslides\">\n<li><a href=\"https:\/\/www.iuliustown.ro\/ro\/winter-sale\" target=\"_blank\"><img decoding=\"async\" width=\"610\" height=\"260\" loading=\"lazy\" title=\"Banner Iulius Town - Winter Sales - ianuarie 2025 - 610x260\" class=\"slider-56545 slide-61078 lazyload\" src=\"https:\/\/analyse.optim.biz\/wp-content\/uploads\/2026\/01\/banner-iulius-town-winter-sales-ianuarie-2025-610x260-1-195.png\"><img decoding=\"async\" width=\"610\" height=\"260\" src=\"https:\/\/analyse.optim.biz\/wp-content\/uploads\/2026\/01\/banner-iulius-town-winter-sales-ianuarie-2025-610x260-1-195.png\" class=\"slider-56545 slide-61078\" loading=\"lazy\" title=\"Banner Iulius Town - Winter Sales - ianuarie 2025 - 610x260\"><\/a><\/li>\n<\/ul>\n<\/div>\n<\/div>\n<div class=\"printfriendly pf-alignright\"><a href=\"https:\/\/timpolis.ro\/scolile-agricole-vor-fi-reinfiintate-in-timis\/\" rel=\"nofollow\" title=\"Printer Friendly, PDF &amp; Email\"><img decoding=\"async\" alt=\"Print Friendly, PDF &amp; Email\" class=\"lazyload\" src=\"https:\/\/analyse.optim.biz\/wp-content\/uploads\/2026\/01\/print-button-195.png\" title=\"print-button-195\"><img decoding=\"async\" src=\"https:\/\/analyse.optim.biz\/wp-content\/uploads\/2026\/01\/print-button-195.png\" alt=\"Print Friendly, PDF &amp; Email\" title=\"print-button-195\"><\/a><\/div>\n<\/div>\n<p> Source URL: https:\/\/timpolis.ro\/scolile-agricole-vor-fi-reinfiintate-in-timis\/<\/p>\n","protected":false},"excerpt":{"rendered":"<p>Prin ini\u0163iative curajoase, fie c\u0103 e vorba de culturi inedite, cum e cea de alun sau salcie energetic\u0103, ori prin cresc\u0103torii de p\u0103str\u0103vi, mufloni sau sturioni, tot mai mul\u0163i timi\u015feni \u0163in s\u0103 demonstreze c\u0103 agricultura poate fi un domeniu de viitor. Unii, \u00eens\u0103, s-au \u015fcolit singuri, lovindu-se de lipsa speciali\u015ftilor locali \u00een domeniu. \u00cen aceste [&hellip;]<\/p>\n","protected":false},"author":1,"featured_media":0,"comment_status":"open","ping_status":"","sticky":false,"template":"","format":"standard","meta":{"footnotes":""},"categories":[89],"tags":[202],"class_list":["post-1469460","post","type-post","status-publish","format-standard","hentry","category-romania","tag-timpolis-ro"],"_links":{"self":[{"href":"https:\/\/analyse.optim.biz\/index.php?rest_route=\/wp\/v2\/posts\/1469460","targetHints":{"allow":["GET"]}}],"collection":[{"href":"https:\/\/analyse.optim.biz\/index.php?rest_route=\/wp\/v2\/posts"}],"about":[{"href":"https:\/\/analyse.optim.biz\/index.php?rest_route=\/wp\/v2\/types\/post"}],"author":[{"embeddable":true,"href":"https:\/\/analyse.optim.biz\/index.php?rest_route=\/wp\/v2\/users\/1"}],"replies":[{"embeddable":true,"href":"https:\/\/analyse.optim.biz\/index.php?rest_route=%2Fwp%2Fv2%2Fcomments&post=1469460"}],"version-history":[{"count":0,"href":"https:\/\/analyse.optim.biz\/index.php?rest_route=\/wp\/v2\/posts\/1469460\/revisions"}],"wp:attachment":[{"href":"https:\/\/analyse.optim.biz\/index.php?rest_route=%2Fwp%2Fv2%2Fmedia&parent=1469460"}],"wp:term":[{"taxonomy":"category","embeddable":true,"href":"https:\/\/analyse.optim.biz\/index.php?rest_route=%2Fwp%2Fv2%2Fcategories&post=1469460"},{"taxonomy":"post_tag","embeddable":true,"href":"https:\/\/analyse.optim.biz\/index.php?rest_route=%2Fwp%2Fv2%2Ftags&post=1469460"}],"curies":[{"name":"wp","href":"https:\/\/api.w.org\/{rel}","templated":true}]}}