{"id":1469358,"date":"2014-04-23T20:05:15","date_gmt":"2014-04-23T17:05:15","guid":{"rendered":"https:\/\/analyse.optim.biz\/?p=1469358"},"modified":"2014-04-23T20:05:15","modified_gmt":"2014-04-23T17:05:15","slug":"medicii-de-ocazie-o-alternativa-pentru-asistenta-medicala-din-satele-izolate","status":"publish","type":"post","link":"https:\/\/analyse.optim.biz\/?p=1469358","title":{"rendered":"Medicii \u201cde ocazie\u201d, o alternativ\u0103 pentru asisten\u0163a medical\u0103 din satele izolate"},"content":{"rendered":"<div class=\"pf-content\">\n<p><a href=\"http:\/\/timpolis.ro\/wp-content\/uploads\/2014\/04\/Crucea-Rosie-Voluntari.jpg\"><img decoding=\"async\" loading=\"lazy\" alt=\"OLYMPUS DIGITAL CAMERA\" height=\"186\" title=\"OLYMPUS DIGITAL CAMERA\" width=\"249\" class=\"alignright size-medium wp-image-7206 lazyload\" src=\"https:\/\/analyse.optim.biz\/wp-content\/uploads\/2026\/01\/crucea-rosie-voluntari-270x202-1.jpg\"><\/a><\/p>\n<p><img decoding=\"async\" loading=\"lazy\" alt=\"OLYMPUS DIGITAL CAMERA\" class=\"alignright size-medium wp-image-7206\" height=\"186\" src=\"https:\/\/analyse.optim.biz\/wp-content\/uploads\/2026\/01\/crucea-rosie-voluntari-270x202-1.jpg\" title=\"OLYMPUS DIGITAL CAMERA\" width=\"249\"><strong>Dup\u0103 ce, \u00een urm\u0103 cu trei ani, Ministerul S\u0103n\u0103t\u0103\u0163ii a decis s\u0103 \u00eenchid\u0103 o serie de spitale mici, a fost redus \u015fi num\u0103rul centrelor din care se pot trimite sau \u00een care pot veni ambulan\u0163e. De aceea, acum, Crucea Ro\u015fie a pus \u00een aplicare la nivel local un proiect care presupune transformarea unor localnici din localit\u0103\u0163ile izolate \u00een asisten\u0163i medicali care pot acorda asisten\u0163\u0103 de urgen\u0163\u0103, p\u00e2n\u0103 la sosirea ambulan\u0163ei. \u00cen timi\u015f, satul Gad este, deocamdat\u0103, singurul \u00een care a fost pus \u00een practic\u0103 acest proiect. \u00a0<\/strong><\/p>\n<p>\n\t\u00a0\n<\/p>\n<h4><strong>Singura alternativ\u0103 pentru localit\u0103\u0163ile izolate<\/strong><br \/><\/h4>\n<p>\n\t\u00cen ultimii ani, pe motiv c\u0103 nu sunt rentabile \u015fi nu au suficien\u0163i pacien\u0163i, au fost \u00eenchise zeci de spitale \u015fi mii de cadre medicale au r\u0103mas f\u0103r\u0103 locuri de munc\u0103. Au r\u0103mas \u015fi zeci de localit\u0103\u0163i f\u0103r\u0103 ajutor medical, iar \u00een unele sate izolate situa\u0163ia este critic\u0103. Mul\u0163i oameni nu au cu ce s\u0103 ajung\u0103 la cel mai apropiat spital, aflat uneori la peste 50 de kilometri distan\u0163\u0103, \u015fi nici nu au un serviciu de ambulan\u0163\u0103 \u00een apropiere, \u00een caz de urgen\u0163\u0103.\n<\/p>\n<p>\n\tDe aceea Crucea Ro\u015fie \u00eencearc\u0103 s\u0103 rezolve o parte din aceast\u0103 problem\u0103. Voluntarii Crucii Ro\u015fii au demarat un proiect prin care familii din 41 de localit\u0103\u0163i izolate din \u0163ar\u0103 au ocazia s\u0103 \u00eenve\u0163e cum s\u0103 acorde primul ajutor \u015fi s\u0103 devin\u0103 astfel autoriza\u0163i s\u0103 intervin\u0103 \u00een caz de urgen\u0163e medicale.\n<\/p>\n<p>\n\tA\u015fa s-a n\u0103scut proiectul \u201cCentre de prim-ajutor \u00een comunit\u0103\u0163i izolate\u201d, lansat la a V-a edi\u0163ie a Galei Crucii Ro\u015fii, proiect care vine \u00een sprijinul comunit\u0103\u0163ilor rurale izolate, pentru care accesul serviciilor medicale de urgen\u0163\u0103 este dificil. \u00cen ideea c\u0103 salvarea unei vie\u0163i este primordial\u0103, iar acordarea primului-ajutor trebuie s\u0103 fie accesibil\u0103 tuturor, mai multe familii din localit\u0103\u0163i izolate au fost instruite pentru acordarea de asisten\u0163\u0103 medical\u0103 de urgen\u0163\u0103. Familiile care intr\u0103 \u00een program sunt instruite de cadre medicale, iar diploma ob\u0163inut\u0103 este recunoscut\u0103 la nivel european. Fiecare familie prime\u015fte o trus\u0103 de prim-ajutor dotat\u0103 cu pansamente, p\u0103turi, seringi \u015fi tot ce e nevoie pentru interven\u0163ia medical\u0103 de urgen\u0163\u0103. Crucea Ro\u015fie a cheltuit p\u00e2n\u0103 acum 100.000 de euro pentru a implementa acest proiect. \u00a0\n<\/p>\n<h4><strong>Gad, primul sat timi\u015fean cu localnici specializa\u0163i \u00een acordarea de prim-ajutor<\/strong><br \/><\/h4>\n<p>\n\t\u00cen Timi\u015f localitatea care a fost integrat\u0103 \u00een acest proiect a fost Gad, considerat cel mai izolat sat din jude\u0163. Cei mai mul\u0163i din cei 100 de locuitori sunt b\u0103tr\u00e2ni, iar un punct medical se afl\u0103 la 12 kilometri dep\u0103rtare, distan\u0163\u0103 ce trebuie parcurs\u0103 pe un drum greu accesibil.\n<\/p>\n<p>\n\tPrin intermediul Crucii Ro\u015fii, oamenii de aici vor beneficia de asisten\u0163\u0103 medical\u0103 din partea familiei Todor, so\u0163 \u015fi so\u0163ie, care p\u00e2n\u0103 nu demult nu \u015ftiau nimic despre medicin\u0103. Ace\u015ftia au fost instrui\u0163i de voluntarii de la Crucea Ro\u015fie, fiind \u00eenv\u0103\u0163a\u0163i no\u0163iuni elementare de prim-ajutor \u015fi de resuscitare. \u00cen plus, au primit \u015fi un aparat EKG. <strong>M\u0103rioara Teodor<\/strong> lucreaz\u0103 ca \u00eengrijitor, iar so\u0163ul ei este angajat al Administra\u0163iei Bazinale de Ap\u0103 Banat. <em>\u201cGad este cel mai izolat sat din Timi\u015f, cu drum de acces doar c\u0103tre Ghilad, foarte greu operabil. Un alt aspect a fost v\u00e2rsta \u00eenaintat\u0103 a popula\u0163iei din Gad\u201d<\/em>, \u015fi-au motivate alegerea reprezentan\u0163ii din Timi\u015f ai Crucii Ro\u015fii.\n<\/p>\n<p>\n\tOamenii din Gad spun c\u0103 punctul de prim-ajutor inaugurat este foarte important pentru ei, \u00eentruc\u00e2t cel mai apropiat punct medical se afl\u0103 la 12 kilometri. Drumul este \u00eens\u0103 greu de parcurs \u2013 \u00een zon\u0103 nu se poate circula cu mai mult de 20 de kilometri pe or\u0103. \u00cen condi\u0163iile \u00een care nu exist\u0103 fonduri pentru modernizarea drumului comunal, autorit\u0103\u0163ile locale nu pot face nimic, iar iarna, problemele se agraveaz\u0103.\n<\/p>\n<h4><strong>Zona F\u0103getului, cea mai dificil\u0103, din punct de vedere al accesului ambulan\u0163ei<\/strong><br \/><\/h4>\n<p><a href=\"http:\/\/timpolis.ro\/wp-content\/uploads\/2014\/04\/Leonida-Iancu.jpg\"><img decoding=\"async\" loading=\"lazy\" alt=\"OLYMPUS DIGITAL CAMERA\" height=\"240\" title=\"OLYMPUS DIGITAL CAMERA\" width=\"180\" class=\"alignright size-medium wp-image-7207 lazyload\" src=\"https:\/\/analyse.optim.biz\/wp-content\/uploads\/2026\/01\/leonida-iancu-202x270-1.jpg\"><\/a><\/p>\n<p><img decoding=\"async\" loading=\"lazy\" alt=\"OLYMPUS DIGITAL CAMERA\" class=\"alignright size-medium wp-image-7207\" height=\"240\" src=\"https:\/\/analyse.optim.biz\/wp-content\/uploads\/2026\/01\/leonida-iancu-202x270-1.jpg\" title=\"OLYMPUS DIGITAL CAMERA\" width=\"180\">Dr. <strong>Leonida Iancu<\/strong>, \u015feful Serviciului de Ambulan\u0163\u0103 Timi\u015f, spune c\u0103 \u00een zona de \u015fes se poate ajunge, chiar dac\u0103 sunt drumuri extrem de proaste. Probleme sunt mai ales \u00een zona muntoas\u0103, \u00een jurul F\u0103getului.<em> \u201cEste adev\u0103rat c\u0103 \u015fi localit\u0103\u0163i precum Gad sunt foarte greu accesibile, \u00eens\u0103, dac\u0103 drumurile sunt impracticabile, ne ajut\u0103 localnicii, care aduc pacien\u0163ii cu tractorul, la punctul cel mai apropiat de acces. \u00cens\u0103 \u00een zona muntoas\u0103 nici aceast\u0103 variant\u0103 nu este posibil\u0103 pe timp de iarn\u0103<\/em>\u201d, declar\u0103 dr. Leonida Iancu.<\/p>\n<h4><strong>Localit\u0103\u0163i izolate, la c\u00e2teva zeci de kilometri de Timi\u015foara<\/strong><br \/><\/h4>\n<p>\n\tSatul Gad este situat \u00een extremitatea sud-vestic\u0103 a Timi\u015fului, aproape de grani\u0163a cu Serbia. Cel mai apropiat ora\u015f este Ciacova, la circa 20 de kilometri pe \u015fosea. Fa\u0163\u0103 de Timi\u015foara se situeaz\u0103 la circa 50 de kilometri sud-vest, pe direc\u0163ia Peciu Nou \u2013 Giulv\u0103z. Este relativ izolat fa\u0163\u0103 de centrele economice \u015fi c\u0103ile de comunica\u0163ii mai importante, motiv pentru care se afl\u0103 \u00eentr-un declin accentuat.\n<\/p>\n<p>\n\tAceasta, de\u015fi este una dintre cele mai vechi localit\u0103\u0163i din Timi\u015f \u2013 pe teritoriul satului s-au descoperit urme ale locuirii din epoca bronzului. Primele men\u0163iuni documentare despre localitate sunt eviden\u0163ele dijmelor papale care dateaz\u0103 din perioada 1332 \u2013 1337.\n<\/p>\n<p><a href=\"http:\/\/timpolis.ro\/wp-content\/uploads\/2014\/04\/Localitate-izolata.jpg\"><img decoding=\"async\" loading=\"lazy\" alt=\"Localitate izolata\" height=\"187\" title=\"Localitate izolata\" width=\"250\" class=\"alignright size-medium wp-image-7205 lazyload\" src=\"https:\/\/analyse.optim.biz\/wp-content\/uploads\/2026\/01\/localitate-izolata-270x202-1.jpg\"><\/a><\/p>\n<p><img decoding=\"async\" loading=\"lazy\" alt=\"Localitate izolata\" class=\"alignright size-medium wp-image-7205\" height=\"187\" src=\"https:\/\/analyse.optim.biz\/wp-content\/uploads\/2026\/01\/localitate-izolata-270x202-1.jpg\" title=\"Localitate izolata\" width=\"250\">La ultimul recens\u0103m\u00e2nt oficial, aici au fost \u00eenregistra\u0163i 150 de locuitori, o popula\u0163ie \u00een sc\u0103dere cu 16% fa\u0163\u0103 de penultimul recens\u0103m\u00e2nt. \u00cen trecut, Gadul num\u0103ra mult mai mul\u0163i locuitori. Astfel, la \u00eenceputul secolului al XX-lea, dep\u0103\u015fea 1.000 de locuitori. Cei mai mul\u0163i au fost \u00eenregistra\u0163i la recens\u0103m\u00e2ntul din 1941: 1.257. Popula\u0163ia a sc\u0103zut dramatic, \u00eens\u0103, dup\u0103 cel de-al doilea r\u0103zboi mondial.<\/p>\n<p>\n\tDar Gad nu este singurul \u201ccandidat\u201d la titlul de cea mai izolat\u0103 localitate din jude\u0163. \u00centr-o situa\u0163ie similar\u0103 se afl\u0103 \u015fi satul Bulza, din comuna Margina. \u00cen urm\u0103 cu 30 de ani s-a discutat chiar \u015fi despre str\u0103mutarea localit\u0103\u0163ii, ideea fiind vehiculat\u0103 \u00een anii \u201980, c\u00e2nd autorit\u0103\u0163ile de atunci \u015fi-au propus s\u0103 desfiin\u0163eze satele cu o popula\u0163ie mai mic\u0103 de 50 de locuitori. Recent s-a adus \u00een discu\u0163ie modernizarea unui drum direct de leg\u0103tur\u0103 \u00eentre localit\u0103\u0163ile Margina \u015fi Bulza, prin Gro\u015fi \u2013 drumul rutier actual impun\u00e2nd traversarea unei rute de peste 45 de kilometri, care ocole\u015fte prin F\u0103get, S\u0103v\u00e2r\u015fin \u015fi C\u0103prioara, ultimele dou\u0103 a\u015fez\u0103ri fiind situate \u00een Arad. \u00cens\u0103 Prim\u0103ria Margina a solicitat, iar Consiliul Jude\u0163ean Timi\u015f \u015fi-a dat acordul ca drumul Margina \u2013 Gro\u015fi \u2013 Bulza s\u0103 fie \u00eencadrat \u00een categoria celor jude\u0163ene, astfel urm\u00e2nd s\u0103 beneficieze mai u\u015for de fondurile necesare moderniz\u0103rii. Distan\u0163a dintre centrul comunal \u015fi satul Bulza se va reduce la 14,6 kilometri, dintre care 6,4 (tronsonul dintre Margina \u015fi Gro\u015fi) sunt deja asfalta\u0163i. O alt\u0103 m\u0103sur\u0103 adoptat\u0103 de ale\u015fii comunei Margina pentru scoaterea din izolare a satului din col\u0163ul de nord-est al jude\u0163ului Timi\u015f, care se va materializa \u00een cur\u00e2nd, este amplasarea unei antene de telefonie mobil\u0103, precum cea deja instalat\u0103 \u00een satul Gro\u015fi. \u00cen prezent, \u00een satul Bulza mai locuiesc doar 22 de cet\u0103\u0163eni, leg\u0103tura rutier\u0103 direct\u0103 urm\u00e2nd s\u0103 contribuie \u2013 sper\u0103 autorit\u0103\u0163ile locale \u2013 la evitarea dispari\u0163iei cu des\u0103v\u00e2r\u015fire a str\u0103vechii a\u015fez\u0103ri.\n<\/p>\n<p>\n\tLa statutul localitate izolat\u0103 poate candida \u015fi Gaiu Mic, o localitate de frontier\u0103, ce face parte din comuna Moravi\u0163a \u015fi are o popula\u0163ie de 195 de locuitori. Satul este mic \u015fi relativ izolat. Are o singur\u0103 leg\u0103tur\u0103 stradal\u0103, un drum comunal de 5 km, care \u00eel leag\u0103 de Stamora German\u0103 \u015fi de drumul na\u0163ional DN 59 Timi\u015foara \u2013 vama Stamora Moravi\u0163a. \u00cen trecut, drumul comunal continua spre vest, p\u00e2n\u0103 la localitatea vecin\u0103 Gaiu Mare, acum \u00een Serbia, \u00eens\u0103 acum grani\u0163a, care trece de la nord-vest p\u00e2n\u0103 la sud de sat, ac\u0163ioneaz\u0103 ca o barier\u0103 care izoleaz\u0103 satul. Distan\u0163a p\u00e2n\u0103 la cel mai apropiat centru urban, ora\u015ful Deta, este de 18 kilometri, pe \u015fosea. P\u00e2n\u0103 la Timi\u015foara sunt 54 de kilometri. Conform datelor de la recens\u0103mintele istorice disponibile, rom\u00e2nii au constituit majoritatea absolut\u0103 a popula\u0163iei de aici, convie\u0163uind cu o comunitate de s\u00e2rbi care nu dep\u0103\u015fea o cincime din total. Aceast\u0103 comunitate s-a diminuat constant. La ultimul recens\u0103m\u00e2nt, \u00een Gaiu Mic mai locuiau doar \u015fapte persoane care s-au declarat etnici s\u00e2rbi.<\/p>\n<div id=\"metaslider-id-56545\" class=\"ml-slider-3-18-9 metaslider metaslider-responsive metaslider-56545 ml-slider nav-hidden nav-hidden nav-hidden\">\n<div id=\"metaslider_container_56545\">\n<ul id=\"metaslider_56545\" class=\"rslides\">\n<li><a href=\"https:\/\/www.iuliustown.ro\/ro\/winter-sale\" target=\"_blank\"><img decoding=\"async\" width=\"610\" height=\"260\" loading=\"lazy\" title=\"Banner Iulius Town - Winter Sales - ianuarie 2025 - 610x260\" class=\"slider-56545 slide-61078 lazyload\" src=\"https:\/\/analyse.optim.biz\/wp-content\/uploads\/2026\/01\/banner-iulius-town-winter-sales-ianuarie-2025-610x260-1-192.png\"><img decoding=\"async\" width=\"610\" height=\"260\" src=\"https:\/\/analyse.optim.biz\/wp-content\/uploads\/2026\/01\/banner-iulius-town-winter-sales-ianuarie-2025-610x260-1-192.png\" class=\"slider-56545 slide-61078\" loading=\"lazy\" title=\"Banner Iulius Town - Winter Sales - ianuarie 2025 - 610x260\"><\/a><\/li>\n<\/ul>\n<\/div>\n<\/div>\n<div class=\"printfriendly pf-alignright\"><a href=\"https:\/\/timpolis.ro\/medicii-de-ocazie-o-alternativa-pentru-asistenta-medicala-din-satele-izolate\/\" rel=\"nofollow\" title=\"Printer Friendly, PDF &amp; Email\"><img decoding=\"async\" alt=\"Print Friendly, PDF &amp; Email\" class=\"lazyload\" src=\"https:\/\/analyse.optim.biz\/wp-content\/uploads\/2026\/01\/print-button-192.png\" title=\"print-button-192\"><img decoding=\"async\" src=\"https:\/\/analyse.optim.biz\/wp-content\/uploads\/2026\/01\/print-button-192.png\" alt=\"Print Friendly, PDF &amp; Email\" title=\"print-button-192\"><\/a><\/div>\n<\/div>\n<p> Source URL: https:\/\/timpolis.ro\/medicii-de-ocazie-o-alternativa-pentru-asistenta-medicala-din-satele-izolate\/<\/p>\n","protected":false},"excerpt":{"rendered":"<p>Dup\u0103 ce, \u00een urm\u0103 cu trei ani, Ministerul S\u0103n\u0103t\u0103\u0163ii a decis s\u0103 \u00eenchid\u0103 o serie de spitale mici, a fost redus \u015fi num\u0103rul centrelor din care se pot trimite sau \u00een care pot veni ambulan\u0163e. De aceea, acum, Crucea Ro\u015fie a pus \u00een aplicare la nivel local un proiect care presupune transformarea unor localnici din [&hellip;]<\/p>\n","protected":false},"author":1,"featured_media":0,"comment_status":"open","ping_status":"","sticky":false,"template":"","format":"standard","meta":{"footnotes":""},"categories":[89],"tags":[202],"class_list":["post-1469358","post","type-post","status-publish","format-standard","hentry","category-romania","tag-timpolis-ro"],"_links":{"self":[{"href":"https:\/\/analyse.optim.biz\/index.php?rest_route=\/wp\/v2\/posts\/1469358","targetHints":{"allow":["GET"]}}],"collection":[{"href":"https:\/\/analyse.optim.biz\/index.php?rest_route=\/wp\/v2\/posts"}],"about":[{"href":"https:\/\/analyse.optim.biz\/index.php?rest_route=\/wp\/v2\/types\/post"}],"author":[{"embeddable":true,"href":"https:\/\/analyse.optim.biz\/index.php?rest_route=\/wp\/v2\/users\/1"}],"replies":[{"embeddable":true,"href":"https:\/\/analyse.optim.biz\/index.php?rest_route=%2Fwp%2Fv2%2Fcomments&post=1469358"}],"version-history":[{"count":0,"href":"https:\/\/analyse.optim.biz\/index.php?rest_route=\/wp\/v2\/posts\/1469358\/revisions"}],"wp:attachment":[{"href":"https:\/\/analyse.optim.biz\/index.php?rest_route=%2Fwp%2Fv2%2Fmedia&parent=1469358"}],"wp:term":[{"taxonomy":"category","embeddable":true,"href":"https:\/\/analyse.optim.biz\/index.php?rest_route=%2Fwp%2Fv2%2Fcategories&post=1469358"},{"taxonomy":"post_tag","embeddable":true,"href":"https:\/\/analyse.optim.biz\/index.php?rest_route=%2Fwp%2Fv2%2Ftags&post=1469358"}],"curies":[{"name":"wp","href":"https:\/\/api.w.org\/{rel}","templated":true}]}}