{"id":1469260,"date":"2014-05-14T20:10:59","date_gmt":"2014-05-14T17:10:59","guid":{"rendered":"https:\/\/analyse.optim.biz\/?p=1469260"},"modified":"2014-05-14T20:10:59","modified_gmt":"2014-05-14T17:10:59","slug":"taberele-scolare-din-timis-in-continuare-ale-nimanui","status":"publish","type":"post","link":"https:\/\/analyse.optim.biz\/?p=1469260","title":{"rendered":"Taberele \u015fcolare din Timi\u015f, \u00een continuare ale nim\u0103nui"},"content":{"rendered":"<div class=\"pf-content\">\n<p><a href=\"http:\/\/timpolis.ro\/wp-content\/uploads\/2014\/05\/Tabara-Nadrag.jpg\"><img decoding=\"async\" loading=\"lazy\" alt=\"Tabara Nadrag\" height=\"188\" title=\"Tabara Nadrag\" width=\"250\" class=\"alignright size-medium wp-image-7735 lazyload\" src=\"https:\/\/analyse.optim.biz\/wp-content\/uploads\/2026\/01\/tabara-nadrag-270x202-1.jpg\"><\/a><\/p>\n<p><img decoding=\"async\" loading=\"lazy\" alt=\"Tabara Nadrag\" class=\"alignright size-medium wp-image-7735\" height=\"188\" src=\"https:\/\/analyse.optim.biz\/wp-content\/uploads\/2026\/01\/tabara-nadrag-270x202-1.jpg\" title=\"Tabara Nadrag\" width=\"250\"><strong>De\u015fi au b\u0103tut moned\u0103 pe ideea descentraliz\u0103rii \u015fi s-au gr\u0103bit s\u0103 descentralizeze spitale \u015fi \u015fcoli, pentru a sc\u0103pa de povara finan\u0163\u0103rii acestora, autorit\u0103\u0163ile centrale promit de ani buni, f\u0103r\u0103 s\u0103 se \u0163in\u0103 de cuv\u00e2nt, c\u0103 descentralizeaz\u0103 taberele \u015fcolare. Actuala conducere a Consiliului Jude\u0163ean sus\u0163inea c\u0103 va \u00eentreprinde \u201edemersuri ferme\u201d \u00een acest sens, \u00eens\u0103, dup\u0103 doi ani de mandat, nu s-a \u00eent\u00e2mplat nimic. Pe l\u00e2ng\u0103 c\u0103 t\u0103r\u0103g\u0103neaz\u0103 transferul taberelor c\u0103tre autorit\u0103\u0163ile jude\u0163ene, Guvernul nici nu se ocup\u0103 de taberele \u015fcolare timi\u015fene aflate \u00een paragin\u0103.<\/strong><\/p>\n<p>\n\t\u00a0\n<\/p>\n<h4><strong>Interpel\u0103ri repetate, f\u0103r\u0103 niciun rezultat<\/strong><br \/><\/h4>\n<p>\n\tUna dintre promisiunile de \u00eenceput de mandat ale actualei echipe a Consiliului Jude\u0163ean se referea la transferul considerat \u201eiminent\u201d al taberelor \u015fcolare c\u0103tre administra\u0163ia jude\u0163ean\u0103 \u015fi reabilitarea acestora. Dup\u0103 doi ani de mandat, promisiunile nu s-au mai concretizat, \u00een ciuda interpel\u0103rilor dese ale unor consilieri jude\u0163eni pe aceast\u0103 tem\u0103.\n<\/p>\n<p>\n\tO interpelare de acest gen a fost ridicat\u0103 \u00een plen \u015fi la ultima \u015fedin\u0163\u0103 a CJ Timi\u015f. <em>\u201eRevenim cu o problem\u0103 mai veche despre care tot v\u0103 \u00eentreb\u0103m \u2013 taberele \u015fcolare. Am \u00een\u0163eles ca nu s-a reu\u015fit nimic cu regionalizarea. Nu \u015ftiu ce s-a \u00eent\u00e2mplat, probabil sunt anumite probleme de ordin legislativ, \u00eens\u0103 cred c\u0103, dac\u0103 am face o solicitare scris\u0103 sau dac\u0103 am adopta o ini\u0163iativ\u0103 mult mai profund\u0103 \u00een aceasta direc\u0163ie, lucrurile s-ar rezolva\u201d, <\/em>au spus mai mul\u0163i ale\u015fi jude\u0163eni din Opozi\u0163ie. Ace\u015ftia au precizat c\u0103 au trecut recent prin prin zona Bogda \u015fi au fost \u015foca\u0163i s\u0103 constate \u00een ce stadiu se afl\u0103 tab\u0103ra \u015fcolar\u0103 de acolo. \u00a0\n<\/p>\n<p>\n\tConducerea CJ Timi\u015f a dat din nou asigur\u0103ri c\u0103 totul se va rezolva la un moment dat, dar c\u0103 totul depinde de felul \u00een care se deruleaz\u0103 lucrurile la nivel central. <em>\u201e\u015eti\u0163i c\u0103 am f\u0103cut o solicitare scris\u0103, dup\u0103 care a venit ideea descentraliz\u0103rii \u015fi trecerea taberelor la Consiliul Jude\u0163ean\u201d, <\/em>a precizat <strong>Titu Bojin<\/strong>, pre\u015fedintele CJ Timi\u015f.\n<\/p>\n<p>\n\tNici Direc\u0163ia Administrarea Patrimoniului nu a avut un punct de vedere mai clar: <em>\u201eAm primit acum dou\u0103 s\u0103pt\u0103m\u00e2ni o adres\u0103 din partea Ministerului Tineretului \u015fi Sportului, \u00een care ni s-a comunicat c\u0103 a luat \u00een analiz\u0103 hot\u0103r\u00e2rea Consiliului Jude\u0163ean prin care dorim transferul imobilelor respective, aceasta este \u00een lucru. Sunt anumite imobile care nu sunt intabulate \u015fi cade \u00een sarcina ministerului s\u0103 fac\u0103 demersurile necesare \u00een vederea intabul\u0103rii.\u201d<\/em><\/p>\n<p>\n\tConform Direc\u0163iei Administrarea Patrimoniului, tab\u0103ra de la Chevere\u015f \u015fi Poieni Str\u00e2mbu nu se vor transfera din domeniul public al statului \u00een domeniu public al jude\u0163ului, iar \u00een tab\u0103ra de la Bogda sunt anumite bunuri care trebuie intabulate.\n<\/p>\n<p><em>\u201eV\u0103 promit c\u0103 nu renun\u0163\u0103m la ideea de a prelua taberele, continu\u0103m coresponden\u0163a \u015fi sper\u0103m s\u0103 reu\u015fim s\u0103 facem acest lucru p\u00e2n\u0103 la urm\u0103\u201d,<\/em> a mai precizat Titu Bojin, f\u0103r\u0103 a putea preciza c\u00e2nd se vor concretiza aceste promisiuni.\n<\/p>\n<p><em>\u201eSunt tabere \u015fcolare \u00een jude\u0163 care sunt doar teoretic \u00een stare de conservare, \u015fi a c\u0103ror stare de degradare se accentueaz\u0103 cu fiecare an care trece f\u0103r\u0103 s\u0103 se fac\u0103 nimic. Tab\u0103ra de la Bogda a fost perla taberelor \u015fcolare nu doar din Timi\u015f, ci \u015fi din vestul \u0163\u0103rii. Are un poten\u0163ial extraordinar, mai ales c\u0103 \u00een apropiere sunt \u015fi ape termale. \u015ei e cu at\u00e2t mai dureroas\u0103 starea deplorabil\u0103 \u00een care se g\u0103se\u015fte \u00een momentul de fa\u0163\u0103. Cred c\u0103 am realizat vreo patru interpel\u0103ri pe aceast\u0103 tem\u0103 adresate Consiliului Jude\u0163ean. Autorit\u0103\u0163ile centrale nici nu ajut\u0103 la reabilitarea acestor tabere, nici nu le transfer\u0103 Consiliului Jude\u0163ean. Iar la Bogda, de exemplu, dac\u0103 nu se intervine rapid, nu prea va mai fi nimic de salvat, pentru c\u0103 se pr\u0103bu\u015fesc cl\u0103dirile\u201d,<\/em> ne-a declarat consilierul jude\u0163ean <strong>Nicolae Bitea<\/strong>. Reprezentan\u0163ii Direc\u0163iei Jude\u0163ene pentru Tineret Timi\u015f spun c\u0103 propunerea legat\u0103 de preluarea taberei de la Bogda de c\u0103tre CJ Timi\u015f sau Consiliul Local Bogda nu este nou\u0103 \u015fi c\u0103 au trimis documenta\u0163ii \u00een acest sens \u015fi la Consiliul Local Bogda, \u015fi la administra\u0163ia jude\u0163ean\u0103, \u00eenc\u0103 din 2009, f\u0103r\u0103 s\u0103 primeasc\u0103 vreun r\u0103spuns.\n<\/p>\n<p>\n\tVarianta prelu\u0103rii de c\u0103tre Consiliul Local Bogda este considerat\u0103 bun\u0103, \u00eens\u0103 poate fi pus\u0103 \u00een practic\u0103 doar printr-un parteneriat cu CJ Timi\u015f, pentru c\u0103, singur, Consiliul Local nu are puterea financiar\u0103 de a realiza investi\u0163iile necesare \u00een zon\u0103, care s-ar ridica la c\u00e2teva sute de mii de euro. Teoretic, zona e \u00een conservare din 2002, dar dac\u0103 nu s-a mai f\u0103cut niciun fel de investi\u0163ie, degradarea se accentueaz\u0103 de la an la an.\n<\/p>\n<h4><strong>Doar dou\u0103 tabere mai sunt func\u0163ionale<\/strong><br \/><\/h4>\n<p><a href=\"http:\/\/timpolis.ro\/wp-content\/uploads\/2014\/05\/tabara-cheveres.jpg\"><img decoding=\"async\" loading=\"lazy\" alt=\"tabara cheveres\" height=\"167\" title=\"tabara cheveres\" width=\"250\" class=\"alignright size-medium wp-image-7734 lazyload\" src=\"https:\/\/analyse.optim.biz\/wp-content\/uploads\/2026\/01\/tabara-cheveres-270x180-1.jpg\"><\/a><\/p>\n<p><img decoding=\"async\" loading=\"lazy\" alt=\"tabara cheveres\" class=\"alignright size-medium wp-image-7734\" height=\"167\" src=\"https:\/\/analyse.optim.biz\/wp-content\/uploads\/2026\/01\/tabara-cheveres-270x180-1.jpg\" title=\"tabara cheveres\" width=\"250\">De\u015fi \u00eenainte de 1989, \u00een Timi\u015f func\u0163ionau peste zece tabere \u015fcolare, \u00een anii de dup\u0103 Revolu\u0163ie, \u00een lipsa unor investi\u0163ii \u015fi a preocup\u0103rilor autorit\u0103\u0163ilor centrale \u015fi locale, majoritatea spa\u0163iilor de acest gen s-au degradat \u015fi au fost \u00eenchise pe r\u00e2nd. A\u015fa se face c\u0103 \u00een prezent Direc\u0163ia Jude\u0163ean\u0103 pentru Sport \u015fi Tineret Timi\u015f mai are \u00een administrare doar dou\u0103 centre de agrement func\u0163ionale: Chevere\u015fu Mare \u015fi Poieni Str\u00e2mbu.<\/p>\n<p>\n\tTab\u0103ra de var\u0103 de la Poieni Str\u00e2mbu \u2013 care are 54 de locuri de cazare \u015fi 60 de locuri la sala de mese \u2013 este amplasat\u0103 pe Valea Bega Poienilor, la 60 de kilometri de F\u0103get \u015fi la 150 de kilometri de Timi\u015foara. Copiii care aleg s\u0103 \u00ee\u015fi petreac\u0103 vacan\u0163a \u00een aceast\u0103 loca\u0163ie au la dispozi\u0163ie terenuri de minifotbal, handbal, volei, tenis de c\u00e2mp, mese de tenis, club nou, loc special pentru foc de tab\u0103r\u0103 \u015fi un parc de joac\u0103 cu leag\u0103ne. Obiectivele turistice din zona taberei sunt cresc\u0103toria de p\u0103str\u0103vi, Pe\u015ftera \u015fi M\u0103n\u0103stirea de la Rom\u00e2ne\u015fti, cea mai veche a\u015fezare rural\u0103 \u2013 satul Str\u00e2mbu \u2013, c\u00e2t \u015fi obiectivele din zona Ha\u0163eg \u2013 Hunedoara (Sarmisegetuza, biserica Densu\u015f, Castelul Huniazilor, Cetatea \u015fi M\u0103n\u0103stirea Col\u0163i).\n<\/p>\n<p>\n\tTab\u0103ra de la Chevere\u015fu Mare \u2013 care are 53 de locuri de cazare \u015fi 100 de locuri la sala de mese \u2013 este amplasat\u0103 pe malul st\u00e2ng al r\u00e2ului Timi\u015f, \u00eentr-o p\u0103dure de foioase, la 30 de kilometri de Timi\u015foara. Centrul dispune de teren de minifotbal, handbal, volei, teren de tenis de c\u00e2mp, mese de tenis, club, sal\u0103 de expozi\u0163ii, parc de joac\u0103 pentru copii, dotat cu leag\u0103ne \u015fi balansoare, \u015fi un amfiteatru \u00een aer liber cu o capacitate de 100 de locuri. \u00cen aceast\u0103 zon\u0103 se pot vizita Parcul dendrologic de la Bazo\u015f, sta\u0163iunea Buzia\u015f \u015fi ora\u015fele Lugoj \u015fi Timi\u015foara, iar la cerere se pot efectua \u015fi excursii \u00een sud-vestul \u0163\u0103rii.\n<\/p>\n<p>\n\tDe\u015fi \u00een momentul de fa\u0163\u0103 aces\u00adte tabere sunt administrate de Direc\u0163ia Jude\u0163ean\u0103 pentru Tineret \u015fi apar\u0163in Ministerului Educa\u0163iei, exist\u0103 posibi\u00adlitatea transferului lor prin hot\u0103r\u00e2re de guvern c\u0103tre administra\u0163iile jude\u0163ene, lucru care s-a mai \u00eent\u00e2mplat \u015fi \u00een alte jude\u0163e. \u00cen acest sens, acum trei ani s-a solicitat realizarea unui raport \u00een care s\u0103 se analizeze starea fiec\u0103rui obiectiv, \u015fansele de reabilitare \u015fi care ar fi strategia care ar trebui adoptat\u0103 \u00een varianta prelu\u0103rii de c\u0103tre C.J. Timi\u015f. Raport despre care, ulterior, nu s-a mai spus nimic.\n<\/p>\n<h4><strong>Taberele de la Bogda sau Poieni sat, \u00een ruine<\/strong><br \/><\/h4>\n<p>\n\tCele dou\u0103 tabere care mai func\u0163ioneaz\u0103 \u00een Timi\u015f reprezint\u0103 excep\u0163ii, majoritatea centrelor de acest gen fiind nefunc\u0163ionale de ani buni, din cauza st\u0103rii avansate de degradare \u00een care se afl\u0103. \u00cen afar\u0103 de Poieni Str\u00e2mbu \u015fi Chevere\u015fu Mare, restul taberelor timi\u015fene, r\u00e2nd pe r\u00e2nd, s-au \u00eenchis, din cauza lipsei unor minime investi\u0163ii. Tabere precum cele de la Bogda, N\u0103drag, Poieni Sat \u015fi Herneacova sunt \u00een stadiul de ruin\u0103. \u00cen aceste loca\u0163ii, Statul a investit masiv \u00eenainte de 1989 \u015fi, ulterior, p\u00e2n\u0103 prin 2002, anul c\u00e2nd s-au alocat ultimii bani pentru investi\u0163ii.\n<\/p>\n<p>\n\tTab\u0103ra de tineret de la Bogda avea o capacitate de 300 de locuri. P\u00e2n\u0103 \u00een 2002, cand complexul a \u00eenceput s\u0103 se degradeze, cuprindea dormitoare, s\u0103li de mese, o sal\u0103 de jocuri, o bibliotec\u0103, ser\u0103, un mic izvor natural, mese de ping-pong, terenuri de tenis \u015fi fotbal, trasee \u00een p\u0103dure. Tab\u0103ra, care este situat\u0103 la doar cinci kilometri de o rezerva\u0163ie de mufloni \u015fi c\u0103prioare, a fost transformat\u0103 \u00een ultimii ani \u00een st\u00e2n\u0103.\n<\/p>\n<p>\n\tLa N\u0103drag, de asemenea, exista o tab\u0103r\u0103 cu o capacitate de 120 de locuri pe serie, pavilioane, bloc alimentar propriu cu cantin\u0103, teren de minifotbal \u015fi handbal \u015fi \u00een apropiere existau obiective turistice de interes \u2013 Mun\u0163ii Poiana Rusc\u0103i \u015fi o rezerva\u0163ie de cerbi lop\u0103tari. La Herneacova era o capacitate de cazare \u00een pavilioane de peste 100 de locuri \u015fi foarte multe amenaj\u0103ri sportive sau de agrement.\n<\/p>\n<p>\n\t\u00cen afar\u0103 de cele dou\u0103 \u201csupravie\u0163uitoare\u201d, Poieni Str\u00e2mbu \u015fi Chevere\u015f, restul taberelor au \u015fanse s\u0103 revin\u0103 la destina\u0163ia ini\u0163ial\u0103 doar cu eforturi investi\u0163ionale foarte mari. Cl\u0103dirile din perimetrul lor nu mai sunt sigure, unele fiind \u0163inta unor furturi organizate ale localnicilor. De altfel, aceste obiective nu mai sunt nici corespunz\u0103toare din punct de vedere sanitar, Direc\u0163ia de S\u0103n\u0103tate Public\u0103 Timi\u015f put\u00e2nd da aviz favorabil de func\u0163ionare doar celor dou\u0103 tabere, de la Chevere\u015f \u015fi Poieni Str\u00e2mbu, care au ap\u0103 curent\u0103, grupuri sanitare func\u0163ionale, iar blocurile alimentare dispun de lan\u0163 frigorific pentru men\u0163inerea alimentelor.<\/p>\n<div id=\"metaslider-id-56545\" class=\"ml-slider-3-18-9 metaslider metaslider-responsive metaslider-56545 ml-slider nav-hidden nav-hidden nav-hidden\">\n<div id=\"metaslider_container_56545\">\n<ul id=\"metaslider_56545\" class=\"rslides\">\n<li><a href=\"https:\/\/www.iuliustown.ro\/ro\/winter-sale\" target=\"_blank\"><img decoding=\"async\" width=\"610\" height=\"260\" loading=\"lazy\" title=\"Banner Iulius Town - Winter Sales - ianuarie 2025 - 610x260\" class=\"slider-56545 slide-61078 lazyload\" src=\"https:\/\/analyse.optim.biz\/wp-content\/uploads\/2026\/01\/banner-iulius-town-winter-sales-ianuarie-2025-610x260-1-189.png\"><img decoding=\"async\" width=\"610\" height=\"260\" src=\"https:\/\/analyse.optim.biz\/wp-content\/uploads\/2026\/01\/banner-iulius-town-winter-sales-ianuarie-2025-610x260-1-189.png\" class=\"slider-56545 slide-61078\" loading=\"lazy\" title=\"Banner Iulius Town - Winter Sales - ianuarie 2025 - 610x260\"><\/a><\/li>\n<\/ul>\n<\/div>\n<\/div>\n<div class=\"printfriendly pf-alignright\"><a href=\"https:\/\/timpolis.ro\/taberele-scolare-din-timis-in-continuare-ale-nimanui\/\" rel=\"nofollow\" title=\"Printer Friendly, PDF &amp; Email\"><img decoding=\"async\" alt=\"Print Friendly, PDF &amp; Email\" class=\"lazyload\" src=\"https:\/\/analyse.optim.biz\/wp-content\/uploads\/2026\/01\/print-button-189.png\" title=\"print-button-189\"><img decoding=\"async\" src=\"https:\/\/analyse.optim.biz\/wp-content\/uploads\/2026\/01\/print-button-189.png\" alt=\"Print Friendly, PDF &amp; Email\" title=\"print-button-189\"><\/a><\/div>\n<\/div>\n<p> Source URL: https:\/\/timpolis.ro\/taberele-scolare-din-timis-in-continuare-ale-nimanui\/<\/p>\n","protected":false},"excerpt":{"rendered":"<p>De\u015fi au b\u0103tut moned\u0103 pe ideea descentraliz\u0103rii \u015fi s-au gr\u0103bit s\u0103 descentralizeze spitale \u015fi \u015fcoli, pentru a sc\u0103pa de povara finan\u0163\u0103rii acestora, autorit\u0103\u0163ile centrale promit de ani buni, f\u0103r\u0103 s\u0103 se \u0163in\u0103 de cuv\u00e2nt, c\u0103 descentralizeaz\u0103 taberele \u015fcolare. Actuala conducere a Consiliului Jude\u0163ean sus\u0163inea c\u0103 va \u00eentreprinde \u201edemersuri ferme\u201d \u00een acest sens, \u00eens\u0103, dup\u0103 doi [&hellip;]<\/p>\n","protected":false},"author":1,"featured_media":0,"comment_status":"open","ping_status":"","sticky":false,"template":"","format":"standard","meta":{"footnotes":""},"categories":[89],"tags":[202],"class_list":["post-1469260","post","type-post","status-publish","format-standard","hentry","category-romania","tag-timpolis-ro"],"_links":{"self":[{"href":"https:\/\/analyse.optim.biz\/index.php?rest_route=\/wp\/v2\/posts\/1469260","targetHints":{"allow":["GET"]}}],"collection":[{"href":"https:\/\/analyse.optim.biz\/index.php?rest_route=\/wp\/v2\/posts"}],"about":[{"href":"https:\/\/analyse.optim.biz\/index.php?rest_route=\/wp\/v2\/types\/post"}],"author":[{"embeddable":true,"href":"https:\/\/analyse.optim.biz\/index.php?rest_route=\/wp\/v2\/users\/1"}],"replies":[{"embeddable":true,"href":"https:\/\/analyse.optim.biz\/index.php?rest_route=%2Fwp%2Fv2%2Fcomments&post=1469260"}],"version-history":[{"count":0,"href":"https:\/\/analyse.optim.biz\/index.php?rest_route=\/wp\/v2\/posts\/1469260\/revisions"}],"wp:attachment":[{"href":"https:\/\/analyse.optim.biz\/index.php?rest_route=%2Fwp%2Fv2%2Fmedia&parent=1469260"}],"wp:term":[{"taxonomy":"category","embeddable":true,"href":"https:\/\/analyse.optim.biz\/index.php?rest_route=%2Fwp%2Fv2%2Fcategories&post=1469260"},{"taxonomy":"post_tag","embeddable":true,"href":"https:\/\/analyse.optim.biz\/index.php?rest_route=%2Fwp%2Fv2%2Ftags&post=1469260"}],"curies":[{"name":"wp","href":"https:\/\/api.w.org\/{rel}","templated":true}]}}