{"id":1468883,"date":"2014-03-23T20:20:08","date_gmt":"2014-03-23T17:20:08","guid":{"rendered":"https:\/\/analyse.optim.biz\/?p=1468883"},"modified":"2014-03-23T20:20:08","modified_gmt":"2014-03-23T17:20:08","slug":"eutanasierea-singura-strategie-de-gestionare-a-maidanezilor-la-timisoara","status":"publish","type":"post","link":"https:\/\/analyse.optim.biz\/?p=1468883","title":{"rendered":"Eutanasierea, singura \u201cstrategie\u201d de gestionare a maidanezilor, la Timi\u015foara?"},"content":{"rendered":"<div class=\"pf-content\">\n<p><a href=\"http:\/\/timpolis.ro\/wp-content\/uploads\/2014\/03\/Caini-maidanezi.jpg\"><img decoding=\"async\" loading=\"lazy\" alt=\"Caini maidanezi\" height=\"188\" title=\"Caini maidanezi\" width=\"250\" class=\"alignright size-medium wp-image-6373 lazyload\" src=\"https:\/\/analyse.optim.biz\/wp-content\/uploads\/2026\/01\/caini-maidanezi-270x202-1.jpg\"><\/a><\/p>\n<p><img decoding=\"async\" loading=\"lazy\" alt=\"Caini maidanezi\" class=\"alignright size-medium wp-image-6373\" height=\"188\" src=\"https:\/\/analyse.optim.biz\/wp-content\/uploads\/2026\/01\/caini-maidanezi-270x202-1.jpg\" title=\"Caini maidanezi\" width=\"250\"><strong>\u00cen contextul \u00een care, dup\u0103 schimbarea legisla\u0163iei, mii de c\u00e2ini au fost omor\u00e2\u0163i, eutanasierea fiind considerat\u0103 solu\u0163ia final\u0103 de extrem de multe administra\u0163ii locale, \u00een Timi\u015foara problema gestion\u0103rii c\u00e2inilor f\u0103r\u0103 st\u0103p\u00e2n din municipiu a fost discutat\u0103 s\u0103pt\u0103m\u00e2na trecut\u0103, f\u0103r\u0103 s\u0103 se ajung\u0103 la o concluzie clar\u0103. Reprezentan\u0163ii mai multor O.N.G.-uri au fost dezam\u0103gi\u0163i s\u0103 constate c\u0103, \u00een afar\u0103 de eutanasiere, \u00een privin\u0163a c\u0103reia mai mul\u0163i medici veterinari au atras aten\u0163ia c\u0103 nu rezolv\u0103 nimic, Municipalitatea timi\u015forean\u0103 nu are niciun fel de plan pe termen scurt, mediu sau lung de gestionare eficient\u0103 a problemei c\u00e2inilor de pe str\u0103zi.<\/strong><\/p>\n<p>\n\t\u00a0\n<\/p>\n<h4><strong>Dezbateri \u015fi cam at\u00e2t<\/strong><br \/><\/h4>\n<p>\n\t\u00cen afar\u0103 de eutanasieri \u015fi dezbateri, pentru problema c\u00e2inilor comunitari din Timi\u015foara nu pare s\u0103 se g\u0103seasc\u0103 o alt\u0103 solu\u0163ie. Aceasta este \u015fi concluzia unora dintre participan\u0163ii la dezbaterea de s\u0103pt\u0103m\u00e2na trecut\u0103 organizat\u0103 de Prim\u0103ria Timi\u015foara pe tema noului regulament dup\u0103 care va func\u0163iona serviciul pentru gestionarea c\u00e2inilor f\u0103r\u0103 st\u0103p\u00e2n. Reprezentan\u0163ii O.N.G.-urilor au cerut s\u0103 nu mai fie omor\u00e2te animalele \u015fi au mai solicitat autorit\u0103\u0163ii locale s\u0103 nu paseze toat\u0103 responsabilitatea pentru ceea ce se \u00eent\u00e2mpl\u0103 pe domeniul public operatorului care va gestiona pe viitor acest serviciu. \u201cStrategie\u201d care, apreciaz\u0103 reprezentan\u0163ii O.N.G.-urilor, nu va face dec\u00e2t ca num\u0103rul eutanasierilor s\u0103 creasc\u0103. Aceasta \u00een contextul \u00een care, potrivit noului regulament, dezb\u0103tut de Prim\u0103rie, cei care vor fi mu\u015fca\u0163i de c\u00e2inii f\u0103r\u0103 st\u0103p\u00e2n vor fi desp\u0103gubi\u0163i de societatea de ecarisaj din Timi\u015foara, iar societatea care r\u0103spunde de maidanezii din ora\u015f va fi penalizat\u0103 dac\u0103 nu adun\u0103 to\u0163i c\u00e2inii dintr-o anumit\u0103 zon\u0103.\u00a0\n<\/p>\n<p><em>\u201eA existat un regulament \u015fi p\u00e2n\u0103 acum, dar conform normelor am \u00eencercat s\u0103-l \u00eembun\u0103t\u0103\u0163im. Sunt prev\u0103zute \u015fi m\u0103suri \u00eempotriva operatorului acestui serviciu. Exist\u0103 obligativitatea desp\u0103gubirii persoanelor fizice pentru traumele suferite din cauza agresiunii c\u00e2inilor f\u0103r\u0103 st\u0103p\u00e2n de pe domeniul public, stabilite prin hot\u0103r\u00e2ri ale instan\u0163elor de judecat\u0103 definitive \u015fi irevocabile. Toate propunerile pe care le face\u0163i vor fi \u00eenaintate Consiliului Local\u201d,<\/em> anun\u0163\u0103 \u015feful Direc\u0163iei de Mediu a Prim\u0103riei, <strong>Adrian Bere<\/strong>.\n<\/p>\n<p>\n\t\u00cen acest context, reprezentan\u0163ii O.N.G.-urilor au afirmat c\u0103 nu li se pare normal ca toat\u0103 responsabilitatea pentru rezolvarea problemei maidanezilor s\u0103 fie pasat\u0103 operatorului, care ar urma s\u0103 fie obligat s\u0103 le pl\u0103teasc\u0103 desp\u0103gubiri persoanelor mu\u015fcate de c\u00e2ini \u015fi s\u0103 fie penalizat \u00een func\u0163ie de ce se \u00eent\u00e2mpl\u0103 cu animalele pe domeniul public, iar Prim\u0103ria s\u0103 nu-\u015fi asume nicio r\u0103spundere. P\u00e2n\u0103 la urm\u0103, cu toate discu\u0163iile, singura propunere constructiv\u0103 a fost aceea de a se \u00eenfiin\u0163a mini-ad\u0103posturi pentru c\u00e2ini \u00een fiecare cartier al ora\u015fului, maidanezii urm\u00e2nd s\u0103 fie aduna\u0163i acolo, \u00eengriji\u0163i, hr\u0103ni\u0163i \u015fi plimba\u0163i, fiind practic adopta\u0163i de locuitorii din zonele respective, care s\u0103 pl\u0103teasc\u0103 o anumit\u0103 sum\u0103 de bani pentru men\u0163inerea lor \u00een ad\u0103posturi.\n<\/p>\n<p>\n\t\u00cen contextul dezbaterii organizate de c\u0103tre Prim\u0103rie, c\u00e2teva O.N.G.-uri, printre care \u015fi Pet Hope Timi\u015foara, au acuzat Municipalitatea de lips\u0103 de transparen\u0163\u0103, men\u0163ion\u00e2nd c\u0103 nerespectarea condi\u0163iilor de publicare a Proiectului de Regulament al Serviciului pentru gestionarea c\u00e2inilor f\u0103r\u0103 st\u0103p\u00e2n din Timi\u015foara, pe site-ul institu\u0163iei, fiind necesar s\u0103 existe, al\u0103turi de Proiectul de regulament, o not\u0103 de fundamentare, o expunere de motive, un referat de aprobare privind necesitatea modific\u0103rii reglement\u0103rilor deja existente \u015fi un studiu de impact al proiectului. Lucruri de care se pare c\u0103 Prim\u0103ria nu dispune.\n<\/p>\n<p>\n\tTotodat\u0103, Pet Hope a reclamat c\u0103 nu a fost fost anun\u0163at\u0103, \u00een conformitate cu legisla\u0163ia privind transparen\u0163a decizional\u0103, despre organizarea dezbaterii publice \u00een cadrul c\u0103reia s-au discutat reglement\u0103ri de interes pentru gestionarea popula\u0163iei canine f\u0103r\u0103 st\u0103p\u00e2n. <em>\u201cPrim\u0103ria are obliga\u0163ia s\u0103 transmit\u0103 anun\u0163urile referitoare la aceast\u0103 ac\u0163iune persoanelor care au depus o cerere pentru primirea acestor informa\u0163ii. Asocia\u0163ia Pet Hope Timi\u015foara a depus o astfel de cerere c\u0103tre institu\u0163ia pe care o conduce\u0163i, iar persoanele responsabile din cadrul Prim\u0103riei Timi\u015foara au desconsiderat-o de mai multe ori, situa\u0163ie care, dac\u0103 se repet\u0103, ne oblig\u0103 s\u0103 reac\u0163ion\u0103m pe cale legal\u0103 deoarece ne sunt v\u0103t\u0103mate drepturile\u201d,<\/em> precizeaz\u0103 reprezentan\u0163ii Asocia\u0163iei, \u00eentr-o scrisoare deschis\u0103 adresat\u0103 Prim\u0103riei.\n<\/p>\n<h4><strong>\u00centre timp, eutanasierile continu\u0103<\/strong><br \/><\/h4>\n<p>\n\t\u00centre timp, p\u00e2n\u0103 la g\u0103sirea unor solu\u0163ii fiabile, care s\u0103 rezolve cu adev\u0103rat problema c\u00e2inilor f\u0103r\u0103 st\u0103p\u00e2n, eutanasierile continu\u0103 \u015fi la Timi\u015foara, ca \u015fi \u00een alte ora\u015fe mari (la sf\u00e2r\u015fitul s\u0103pt\u0103m\u00e2nii trecute fiind f\u0103cut\u0103 public\u0103 informa\u0163ia c\u0103 \u00een Bucure\u015fti s-au eutanasiat peste 2.000 de c\u00e2ini).\n<\/p>\n<p>\n\tDeocamdat\u0103 nu se \u015ftie cu exactitate c\u00e2\u0163i c\u00e2ini au fost eutanasia\u0163i la Timi\u015foara. Cu aproxima\u0163ie, se f\u0103cea public faptul c\u0103, la p\u00e2n\u0103 \u00een martie, peste 80 de c\u00e2ini, care erau de mai mult de 14 zile \u00een ad\u0103postul Prim\u0103riei, au fost deja uci\u015fi, iar alte aproape 200 de animale sunt trecute pe list\u0103 \u015fi urmeaz\u0103 a fi eutanasiate \u00een zilele urm\u0103toare. Cu toate acestea, num\u0103rul adop\u0163iilor r\u0103m\u00e2ne sc\u0103zut, de c\u00e2nd au fost semnate deciziile de eutanasiere, un singur patruped a fost adoptat \u015fi doar pu\u0163in peste 200 de c\u00e2ini \u015fi-au g\u0103sit st\u0103p\u00e2ni de c\u00e2nd a intrat \u00een vigoare noua legisla\u0163ie care oficializeaz\u0103 eutanasierea.\n<\/p>\n<h4><strong>Maidanezii, \u00een continuare o surs\u0103 de profit<\/strong><br \/><\/h4>\n<p>\n\tDincolo de controversele legate de \u201csolu\u0163ia\u201d eutanasierii, s\u0103pt\u0103m\u00e2na trecut\u0103, cu prilejul dezbaterilor pe aceast\u0103 tem\u0103 s-a confirmat ceva ce se b\u0103nuia \u2013 faptul c\u0103 oficialii Municipalit\u0103\u0163ii nu au putut estima c\u00e2\u0163i c\u00e2ini exist\u0103 la ora actual\u0103 pe str\u0103zile Timi\u015foarei. Aceasta, de\u015fi Prim\u0103ria a pl\u0103tit destul de mul\u0163i bani pentru gestionarea popula\u0163iei canine din Timi\u015foara, concluzia fiind c\u0103 nu prea \u015ftie ce a gestionat pe banii ei. E o situa\u0163ie similar\u0103 cu \u201cnebuloasele\u201d legate de spa\u0163iile verzi pe care le are \u00een administrare, sau locurile de veci din cimitire, pe care se chinuie s\u0103 le numere de peste patru ani.\n<\/p>\n<p>\n\tOricum, dup\u0103 cum dovede\u015fte \u015fi raportul pe anul trecut al Direc\u0163iei de Mediu a Prim\u0103riei, problema gestion\u0103rii popula\u0163iei canine nu se rezolv\u0103 cu \u201cm\u0103run\u0163i\u015f\u201d de c\u0103tre administra\u0163ia local\u0103. Astfel, anul trecut au fost ridica\u0163i de pe domeniul public 2.871 de c\u00e2ini, s-au \u00eenregistrat opt cazuri de eutanasiere \u015fi 617 cazuri de mortalitate, de pe domeniul public au fost ridicate un num\u0103r de 584 de cadavre \u015fi pentru aceste servicii au fost emise \u015fi recep\u0163ionate facturi \u00een valoare de 1.790.067,77 de lei.\n<\/p>\n<h4><strong>Asocia\u0163iei pentru Protec\u0163ia Animalelor \u201cMicaela\u201d: \u201cC\u00e2inii cu st\u0103p\u00e2n sunt problema\u201d<\/strong><br \/><\/h4>\n<p><a href=\"http:\/\/timpolis.ro\/wp-content\/uploads\/2014\/03\/Mihaela-Graure.jpg\"><img decoding=\"async\" loading=\"lazy\" alt=\"Mihaela Graure\" height=\"156\" title=\"Mihaela Graure\" width=\"250\" class=\"alignright size-medium wp-image-6374 lazyload\" src=\"https:\/\/analyse.optim.biz\/wp-content\/uploads\/2026\/01\/mihaela-graure-270x168-1.jpg\"><\/a><\/p>\n<p><img decoding=\"async\" loading=\"lazy\" alt=\"Mihaela Graure\" class=\"alignright size-medium wp-image-6374\" height=\"156\" src=\"https:\/\/analyse.optim.biz\/wp-content\/uploads\/2026\/01\/mihaela-graure-270x168-1.jpg\" title=\"Mihaela Graure\" width=\"250\"><strong>Mihaela Graure<\/strong>, reprezentanta Asocia\u0163iei pentru Protec\u0163ia Animalelor \u201cMicaela\u201d, din Timi\u015foara, spune c\u0103 eutanasierea nu reprezint\u0103 o solu\u0163ie \u015fi apreciaz\u0103 c\u0103, a\u015fa, problema c\u00e2inilor comunitari se va perpetua la Timi\u015foara: \u201cSunt zone din Timi\u015foara \u00een care, \u00een cur\u0163i, sunt foarte mul\u0163i c\u00e2ini necastra\u0163i, care alimenteaz\u0103 \u00een continuare problema c\u00e2inilor str\u0103zii. Nu se dore\u015fte s\u0103 se fac\u0103 un recens\u0103m\u00e2nt al popula\u0163iei canine la Timi\u015foara \u015fi, \u00een aceste condi\u0163ii, nu se va putea rezolva problema. Nu se opre\u015fte cauza, iar Prim\u0103ria continu\u0103 s\u0103 dea bani publici unor firme de profil care, de fapt, prin eutanasieri, nu rezolv\u0103 nimic. Sunt bani irosi\u0163i, care mai degrab\u0103 s-ar investi \u00een drumuri, \u00een parcuri \u015fi a\u015fa mai departe.\u201d<\/p>\n<p>\n\t\u00cen opinia sa, atitudinea unor timi\u015foreni care \u00ee\u015fi abandoneaz\u0103 c\u00e2inii pe domeniul public face ca num\u0103rul c\u00e2inilor maidanezi s\u0103 creasc\u0103 \u00een mod constant, f\u0103r\u0103 nicio posibilitate de limitare. <em>\u201cNoi nu putem da \u00een adop\u0163ie c\u00e2\u0163i c\u00e2ini sunt abandona\u0163i. \u00cen zona B\u0103lcescu, de exemplu, c\u00e2inii sunt abandona\u0163i constant, \u00een cutii. Am g\u0103sit inclusiv c\u0103\u0163ei de ras\u0103 abandona\u0163i acolo \u015fi care nu erau microcipa\u0163i. Dac\u0103 s-ar da amenzi mari timi\u015forenilor care au c\u00e2ini \u015fi nu-i sterilizeaz\u0103 \u015fi \u00eei las\u0103 s\u0103 umble pe domeniul public, problema s-ar rezolva rapid \u015fi, cu banii str\u00e2n\u015fi, am putea \u015fi s\u0103 rezolv\u0103m mult mai u\u015for problema c\u00e2inilor comunitari r\u0103ma\u015fi\u201d<\/em>, mai spune Mihaela Graure.\n<\/p>\n<h4><strong>Asocia\u0163ia pentru protec\u0163ia animalelor <em>Ecovet<\/em>: \u201cNu am v\u0103zut nicio strategie la Prim\u0103ria Timi\u015foara\u201d<\/strong><br \/><\/h4>\n<p><a href=\"http:\/\/timpolis.ro\/wp-content\/uploads\/2014\/03\/Microcipare-caini.jpg\"><img decoding=\"async\" loading=\"lazy\" alt=\"Microcipare caini\" height=\"187\" title=\"Microcipare caini\" width=\"250\" class=\"alignright size-medium wp-image-6375 lazyload\" src=\"https:\/\/analyse.optim.biz\/wp-content\/uploads\/2026\/01\/microcipare-caini-270x202-1.jpg\"><\/a><\/p>\n<p><img decoding=\"async\" loading=\"lazy\" alt=\"Microcipare caini\" class=\"alignright size-medium wp-image-6375\" height=\"187\" src=\"https:\/\/analyse.optim.biz\/wp-content\/uploads\/2026\/01\/microcipare-caini-270x202-1.jpg\" title=\"Microcipare caini\" width=\"250\">La r\u00e2ndul s\u0103u, <strong>Adriana Tudor<\/strong>, pre\u015fedintele Asocia\u0163iei pentru protec\u0163ia animalelor <em>Ecovet<\/em> Timi\u015foara, sus\u0163ine c\u0103, dincolo de discu\u0163ii \u015fi de eutanasieri, Prim\u0103ria Timi\u015foara nu a prezentat niciun plan concret de gestionare pe viitor a popula\u0163iei canine din municipiu: \u201cPrim\u0103ria nu ne-a prezentat \u015fi nici nu are un program clar, pe termen scurt, mediu sau lung legat de problema c\u00e2inilor comunitari din Timi\u015foara.\u201d<\/p>\n<p>\n\tAdriana Tudor mai spune c\u0103 Ecovet a cerut s\u0103 vad\u0103 o strategie pe doi ani, pe cinci ani, s\u0103 \u015ftie ce dore\u015fte Municipalitatea s\u0103 fac\u0103, dar a constatat c\u0103<em> \u201cresponsabilii nu prea au nicio idee cu privire la ce ar trebui s\u0103 se \u00eent\u00e2mple pe viitor. Eutanasierea nu reprezint\u0103 o solu\u0163ie sau o strategie. Se pare c\u0103 dincolo de faptul c\u0103 sunt omor\u00e2\u0163i c\u00e2inii, dup\u0103 un termen de 14 zile \u00een care nu sunt revendica\u0163i sau adopta\u0163i, alt\u0103 idee nu exist\u0103. \u015ei, a\u015fa, legea spune c\u0103 ace\u015fti c\u00e2ini pot fi eutanasia\u0163i, nu c\u0103 trebuie eutanasia\u0163i\u201d.<\/em><\/p>\n<div id=\"metaslider-id-56545\" class=\"ml-slider-3-18-9 metaslider metaslider-responsive metaslider-56545 ml-slider nav-hidden nav-hidden nav-hidden\">\n<div id=\"metaslider_container_56545\">\n<ul id=\"metaslider_56545\" class=\"rslides\">\n<li><a href=\"https:\/\/www.iuliustown.ro\/ro\/winter-sale\" target=\"_blank\"><img decoding=\"async\" width=\"610\" height=\"260\" loading=\"lazy\" title=\"Banner Iulius Town - Winter Sales - ianuarie 2025 - 610x260\" class=\"slider-56545 slide-61078 lazyload\" src=\"https:\/\/analyse.optim.biz\/wp-content\/uploads\/2026\/01\/banner-iulius-town-winter-sales-ianuarie-2025-610x260-1-174.png\"><img decoding=\"async\" width=\"610\" height=\"260\" src=\"https:\/\/analyse.optim.biz\/wp-content\/uploads\/2026\/01\/banner-iulius-town-winter-sales-ianuarie-2025-610x260-1-174.png\" class=\"slider-56545 slide-61078\" loading=\"lazy\" title=\"Banner Iulius Town - Winter Sales - ianuarie 2025 - 610x260\"><\/a><\/li>\n<\/ul>\n<\/div>\n<\/div>\n<div class=\"printfriendly pf-alignright\"><a href=\"https:\/\/timpolis.ro\/eutanasierea-singura-strategie-de-gestionare-a-maidanezilor-la-timisoara\/\" rel=\"nofollow\" title=\"Printer Friendly, PDF &amp; Email\"><img decoding=\"async\" alt=\"Print Friendly, PDF &amp; Email\" class=\"lazyload\" src=\"https:\/\/analyse.optim.biz\/wp-content\/uploads\/2026\/01\/print-button-174.png\" title=\"print-button-174\"><img decoding=\"async\" src=\"https:\/\/analyse.optim.biz\/wp-content\/uploads\/2026\/01\/print-button-174.png\" alt=\"Print Friendly, PDF &amp; Email\" title=\"print-button-174\"><\/a><\/div>\n<\/div>\n<p> Source URL: https:\/\/timpolis.ro\/eutanasierea-singura-strategie-de-gestionare-a-maidanezilor-la-timisoara\/<\/p>\n","protected":false},"excerpt":{"rendered":"<p>\u00cen contextul \u00een care, dup\u0103 schimbarea legisla\u0163iei, mii de c\u00e2ini au fost omor\u00e2\u0163i, eutanasierea fiind considerat\u0103 solu\u0163ia final\u0103 de extrem de multe administra\u0163ii locale, \u00een Timi\u015foara problema gestion\u0103rii c\u00e2inilor f\u0103r\u0103 st\u0103p\u00e2n din municipiu a fost discutat\u0103 s\u0103pt\u0103m\u00e2na trecut\u0103, f\u0103r\u0103 s\u0103 se ajung\u0103 la o concluzie clar\u0103. Reprezentan\u0163ii mai multor O.N.G.-uri au fost dezam\u0103gi\u0163i s\u0103 constate [&hellip;]<\/p>\n","protected":false},"author":1,"featured_media":0,"comment_status":"open","ping_status":"","sticky":false,"template":"","format":"standard","meta":{"footnotes":""},"categories":[89],"tags":[202],"class_list":["post-1468883","post","type-post","status-publish","format-standard","hentry","category-romania","tag-timpolis-ro"],"_links":{"self":[{"href":"https:\/\/analyse.optim.biz\/index.php?rest_route=\/wp\/v2\/posts\/1468883","targetHints":{"allow":["GET"]}}],"collection":[{"href":"https:\/\/analyse.optim.biz\/index.php?rest_route=\/wp\/v2\/posts"}],"about":[{"href":"https:\/\/analyse.optim.biz\/index.php?rest_route=\/wp\/v2\/types\/post"}],"author":[{"embeddable":true,"href":"https:\/\/analyse.optim.biz\/index.php?rest_route=\/wp\/v2\/users\/1"}],"replies":[{"embeddable":true,"href":"https:\/\/analyse.optim.biz\/index.php?rest_route=%2Fwp%2Fv2%2Fcomments&post=1468883"}],"version-history":[{"count":0,"href":"https:\/\/analyse.optim.biz\/index.php?rest_route=\/wp\/v2\/posts\/1468883\/revisions"}],"wp:attachment":[{"href":"https:\/\/analyse.optim.biz\/index.php?rest_route=%2Fwp%2Fv2%2Fmedia&parent=1468883"}],"wp:term":[{"taxonomy":"category","embeddable":true,"href":"https:\/\/analyse.optim.biz\/index.php?rest_route=%2Fwp%2Fv2%2Fcategories&post=1468883"},{"taxonomy":"post_tag","embeddable":true,"href":"https:\/\/analyse.optim.biz\/index.php?rest_route=%2Fwp%2Fv2%2Ftags&post=1468883"}],"curies":[{"name":"wp","href":"https:\/\/api.w.org\/{rel}","templated":true}]}}