{"id":1468783,"date":"2015-01-20T05:02:17","date_gmt":"2015-01-20T02:02:17","guid":{"rendered":"https:\/\/analyse.optim.biz\/?p=1468783"},"modified":"2015-01-20T05:02:17","modified_gmt":"2015-01-20T02:02:17","slug":"opt-persoane-retinute-in-dosarul-de-coruptie-de-la-politia-timis","status":"publish","type":"post","link":"https:\/\/analyse.optim.biz\/?p=1468783","title":{"rendered":"Opt persoane re\u0163inute \u00een dosarul de corup\u0163ie de la Poli\u0163ia Timi\u015f"},"content":{"rendered":"<div class=\"pf-content\">\n<p><a href=\"http:\/\/timpolis.ro\/wp-content\/uploads\/2014\/06\/DNA-sigla.jpg\"><img decoding=\"async\" loading=\"lazy\" alt=\"DNA sigla\" height=\"151\" title=\"DNA sigla\" width=\"270\" class=\"alignright size-medium wp-image-8766 lazyload\" src=\"https:\/\/analyse.optim.biz\/wp-content\/uploads\/2026\/01\/dna-sigla-270x151-1-2.jpg\"><\/a><\/p>\n<p><img decoding=\"async\" loading=\"lazy\" alt=\"DNA sigla\" class=\"alignright size-medium wp-image-8766\" height=\"151\" src=\"https:\/\/analyse.optim.biz\/wp-content\/uploads\/2026\/01\/dna-sigla-270x151-1-2.jpg\" title=\"DNA sigla\" width=\"270\"><strong>\u015eeful Poli\u0163iei Timi\u015f \u015fi adjunctul s\u0103u, \u015feful Serviciului Poli\u0163ie Rutier\u0103 Timi\u015f \u015fi doi ofi\u0163eri de la aceea\u015fi structur\u0103, \u015feful Poli\u0163iei Reca\u015f, \u015feful Poli\u0163iei Locale Reca\u015f \u015fi primarul Reca\u015fului au fost re\u0163inu\u0163i, luni noapte, \u00eentr-un dosar de corup\u0163ie instrumentat de DNA.<\/strong><\/p>\n<p>\n\t\u00a0\n<\/p>\n<h4>\n\tOpt re\u0163ineri \u015fi o punere sub control judiciar<br \/><\/h4>\n<p>\n\tProcurorii DNA Timi\u015foara au decis, \u00een noaptea de luni spre mar\u0163i, dup\u0103 aproximativ \u015fapte ore de audieri, s\u0103 \u00eel re\u0163in\u0103 pentru 24 de ore pe \u015feful Serviciului Circula\u0163ie Rutier\u0103 Timi\u015f, comisar-\u015fef <strong>Marcel Cr\u0103ciunescu<\/strong>, acesta fiind cercetat \u00eentr-un dosar viz\u00e2nd fapte de corup\u0163ie comise \u00een perioada 2013 \u2013 2014, anun\u0163\u0103 Mediafax.\n<\/p>\n<p>\n\tTotodat\u0103, au primit ordonan\u0163e de re\u0163inere pentru 24 de ore \u015feful Poli\u0163iei Reca\u015f, <strong>Marian Temu<\/strong>, precum \u015fi \u015feful Poli\u0163iei Locale Reca\u015f, <strong>Doru Berzescu<\/strong>. Ace\u015ftia au fost condu\u015fi \u00een arestul Poli\u0163iei Jude\u0163ului Timi\u015f.\n<\/p>\n<p>\n\t\u00cen acela\u015fi dosar au mai fost re\u0163inu\u0163i, luni sear\u0103, \u015feful Inspectoratului de Poli\u0163ie al Jude\u0163ului Timi\u015f, <strong>Sorin\u00a0Muntean<\/strong>, \u015fi adjunctul s\u0103u, comisar <strong>Florin Bolbos<\/strong>, dar \u015fi doi ofi\u0163eri de la Poli\u0163ia Rutier\u0103 Timi\u015f, <strong>Cosmin Bledea<\/strong> \u015fi <strong>Vasilic\u0103 G\u00e2rbaci<\/strong>. Ace\u015ftia au fost condu\u015fi \u00een arestul Poli\u0163iei Jude\u0163ului Arad.\n<\/p>\n<p>\n\tDe asemenea, a fost re\u0163inut pentru 24 de ore, \u00een acela\u015fi dosar, primarul ora\u015fului Reca\u015f,\u00a0 <strong>Teodor Pavel<\/strong>.\n<\/p>\n<p>\n\tTo\u0163i cei opt re\u0163inu\u0163i \u00een acest dosar urmeaz\u0103 s\u0103 fie prezenta\u0163i, azi, \u00een fa\u0163a judec\u0103torilor de la Tribunalul Timi\u015f cu propunere de arestare preventiv\u0103.\n<\/p>\n<p>\n\tProcurorii DNA Timi\u015foara au mai decis s\u0103 \u00eel cerceteze sub control judiciar pe omul de afaceri timi\u015forean <strong>Eugen Milutinovici<\/strong>, so\u0163ul directorului DGASPC Timi\u015f, <strong>Valentina Emilia Milutinovici<\/strong>, care este \u015fi pre\u015fedintele Organiza\u0163iei de Femei a PSD Timi\u015f. Eugen Milutonovici le-ar fi declarat anchetatorilor, potrivit unor surse judiciare, c\u0103 a discutat cu prefectul de Timi\u015f,\u00a0<strong>Eugen Dogariu <\/strong>\u2013 \u015fi el vizat de anchet\u0103, dup\u0103 cum spun surse judiciare \u2013, despre situa\u0163ia unui poli\u0163ist de la Reca\u015f, care nu s-ar fi supus ordinelor superiorilor de a nu aplica amenzi pe perioada campaniei electorale. Primarul din Reca\u015f, Teodor Pavel, membru PSD, le-ar fi solicitat \u015fefilor Poli\u0163iei Jude\u0163ene s\u0103 dea ordin subordona\u0163ilor s\u0103 nu aplice amenzi pe durata campaniei electorale pentru alegerile preziden\u0163iale din 2014.\n<\/p>\n<p>\n\tPersoanele re\u0163inute au fost audiate, luni, de c\u0103tre procurorii DNA, dup\u0103 ce, \u00een cursul aceleia\u015fi zile, timp ce aproximativ zece ore, au avut loc perchezi\u0163ii \u00een Timi\u015f \u015fi Arad, la institu\u0163ii publice, sediile unor societ\u0103\u0163i comerciale \u015fi la domiciliile unor persoane, \u00eentr-un dosar care ar viza infrac\u0163iuni de corup\u0163ie \u015fi asimilate celor de corup\u0163ie comise \u00een perioada 2013 \u2013 2014, cercet\u0103rile fiind f\u0103cute pentru trafic de influen\u0163\u0103, abuz \u00een serviciu \u015fi \u015fantaj.\n<\/p>\n<p>\n\tPerchezi\u0163iile au fost f\u0103cute la IPJ Timi\u015f, la Serviciul Circula\u0163ie Rutier\u0103, Poli\u0163ia Ora\u015fului Reca\u015f, Prim\u0103ria Reca\u015f \u015fi Poli\u0163ia Local\u0103 din cadrul Prim\u0103riei Reca\u015f, precum \u015fi Sec\u0163ia de Poli\u0163ie Autostr\u0103zi \u2013 Biroul de Poli\u0163ie Autostrada A1 Deva \u2013 N\u0103dlac. Perchezi\u0163ii au avut loc \u015fi la locuin\u0163a \u015fefului Serviciului Circula\u0163ie Rutier\u0103 Timi\u015f, Marcel Cr\u0103ciunescu, din localitatea Ghiroda, precum \u015fi la locuin\u0163a p\u0103rin\u0163ilor acestuia, din Timi\u015foara.\n<\/p>\n<p>\n\tPotrivit unor documente ale anchetatorilor, unor poli\u0163i\u015fti din cadrul Poli\u0163iei Reca\u015f li s-a cerut s\u0103 nu \u00ee\u015fi \u00eendeplineasc\u0103 atribu\u0163iile de serviciu de c\u0103tre unii \u015fefi\u00a0care le-au interzis lucr\u0103torilor din cadrul Compartimentului Rutier Reca\u015f efectuarea de controale \u015fi ac\u0163iuni pe linie de poli\u0163ie rutier\u0103 pe DC 147, pe DJ 609E, precum \u015fi pe str\u0103zile din localit\u0103\u0163ile aflate pe raza de competen\u0163\u0103 a Poli\u0163iei Reca\u015f. Motivul invocat ar fi fost c\u0103 primarul din Reca\u015f, Teodor Pavel, nu dore\u015fte s\u0103 mai fie sanc\u0163iona\u0163i cet\u0103\u0163enii ora\u015fului Reca\u015f, mai ales \u00een perioada campaniei electorale preziden\u0163iale.\n<\/p>\n<p>\n\t\u00cen acelea\u015fi documente ale anchetatorilor se precizeaz\u0103 c\u0103 poli\u0163i\u015ftii care nu se conformau acestei dispozi\u0163ii erau muta\u0163i \u00een alte posturi sau le erau desfiin\u0163ate posturile, iar pentru a-\u015fi \u00eendeplini scopul primarul ac\u0163iona \u015fi pe linie politic\u0103, apel\u00e2nd la omul de afaceri Eugen Milutinovici \u015fi la reprezentan\u0163i ai Prefecturii Timi\u015f.\n<\/p>\n<p>\n\tDe altfel, surse judiciare spun c\u0103 un poli\u0163ist de la Reca\u015f ar fi fost mutat abuziv la Poli\u0163ia Lugoj.\n<\/p>\n<p>\n\tSursele citate mai spuneau c\u0103 \u015fefi din Poli\u0163ie ar fi luat mit\u0103 sub form\u0103 de anvelope pentru autoturisme, pentru avans\u0103ri \u00een grad, avans\u0103rile fiind f\u0103cute la 1 decembrie 2014.\n<\/p>\n<p>\n\t\u00cen cursul dup\u0103-amiezii de luni, au fost du\u015fi la audieri \u015fi comisarul-\u015fef <strong>Claudiu Chebici<\/strong>, \u015feful Poli\u0163iei Municipiului Lugoj, \u015fi comisarul-\u015fef <strong>Marius Rad<\/strong>, \u015feful Poli\u0163iei Rutiere Lugoj, surse judiciare afirm\u00e2nd c\u0103 ace\u015ftia sunt audia\u0163i \u00een calitate de martori. Dup\u0103 aproximativ dou\u0103 ore, Claudiu Chebici a p\u0103r\u0103sit sediul DNA, spun\u00e2nd c\u0103 a dat declara\u0163ii \u00een calitate de martor, dar refuz\u00e2nd s\u0103 fac\u0103 declara\u0163ii.\n<\/p>\n<p>\n\t\u00a0\n<\/p>\n<h4>\n\tCine sunt cei viza\u0163i de anchet\u0103?<br \/><\/h4>\n<p>\n\tComisarul-\u015fef Sorin Muntean conduce Inspectoratul de Poli\u0163ie al Jude\u0163ului Timi\u015f din octombrie 2012, fiind numit interimar printr-un ordin al ministrului <strong>Mircea Du\u015f\u0103<\/strong>. \u00cen luna martie 2013, el a fost numit pe acest post \u00een urma unui concurs. Sorin Muntean are 45 de ani \u015fi este n\u0103scut \u00een localitatea Chi\u015fineu Cri\u015f, jude\u0163ul Arad. Lucreaz\u0103 de peste 20 de ani \u00een Poli\u0163ie \u015fi este ofi\u0163er specialist I.\n<\/p>\n<p>\n\tComisarul-\u015fef Florin Bolbos este adjunctul \u015fefului IPJ Timi\u015f din anul 2010, func\u0163ia fiind ob\u0163inut\u0103 \u00een urma unui concurs. El are 41 de ani \u015fi este din localitatea Pi\u015fchia. Anterior, a condus Serviciul Poli\u0163iei Rutiere Timi\u015f, iar \u00een Poli\u0163ie lucreaz\u0103 din 1995.\n<\/p>\n<p>\n\tMarcel Cr\u0103ciunescu se afl\u0103 la conducerea Serviciului Circula\u0163iei Rutiere Timi\u015f din anul 2012, so\u0163ia acestuia, <strong>Gabriela Cr\u0103ciunescu<\/strong>, fiind consilier jude\u0163ean PSD. Marcel Cr\u0103ciunescu este un apropiat al fostului \u015fef al PSD Timi\u015f \u015fi pre\u015fedinte al Consiliului Jude\u0163ean Timi\u015f, <a href=\"http:\/\/timpolis.ro\/presedintele-consiliului-judetean-timis-a-fost-pus-sub-control-judiciar\/\"><strong><u>Titu Bojin<\/u><\/strong><u>, cercetat \u015fi el \u00eentr-un dosar de corup\u0163ie instrumentat de DNA<\/u>.<\/a> \u00cen 16 noiembrie 2014, \u00een ziua alegerilor preziden\u0163iale, Biroul de Pres\u0103 al\u00a0PDL Timi\u015f reclama, \u00eentr-un comunicat de pres\u0103, c\u0103 pre\u0219edintele CJ Timi\u0219 \u00eel \u201econtractase\u201d antemerg\u0103tor \u00een ziua votului, pe \u015feful Poli\u0163iei Rutiere Timi\u015f, care l-a \u00eenso\u0163it pe Titu Bojin chiar \u0219i \u00een sec\u021bia de votare, dup\u0103 care au plecat, mai departe, \u00een \u201einspec\u021bie\u201d \u00een jude\u021b.\u00a0\n<\/p>\n<p>\n\tEugen Dogariu, \u00een v\u00e2rst\u0103 de 38 de ani, este prefect al jude\u0163ului Timi\u015f din mai 2012, dup\u0103 ce \u00een perioada august 2010 \u2013 mai 2012 a fost \u015feful Biroului audit \u015fi control intern la SC Drumuri Municipale SA. El a lucrat pentru c\u00e2teva luni \u015fi la\u00a0Casa\u00a0Jude\u0163ean\u0103 de Asigur\u0103ri de S\u0103n\u0103tate Timi\u015f, iar \u00een perioada martie 2009 \u2013 februarie 2010 a fost subprefect. Eugen Dogariu este un apropiat al ministrului Comunica\u0163iilor, <strong>Sorin Grindeanu, <\/strong>care a fost viceprimar al Timi\u015foarei. \u00cen trecut, Eugen Dogariu a fost secretar de stat \u00een Ministerul Comunica\u0163iilor, dar \u015fi secretar de stat \u00een rela\u0163ia cu Parlamentul, Sindicatele \u015fi Patronatul.\n<\/p>\n<p>\n\tPrimarul din Reca\u015f, Teodor Pavel, se afl\u0103 la primul mandat, fiind ales din partea PNL. \u00cen septembrie 2014, el a trecut de la PNL la PSD, \u00een baza OUG 55\/2014, care a permis migra\u0163ia ale\u015filor locali f\u0103r\u0103 a-\u015fi pierde mandatul.<\/p>\n<div id=\"metaslider-id-56545\" class=\"ml-slider-3-18-9 metaslider metaslider-responsive metaslider-56545 ml-slider nav-hidden nav-hidden nav-hidden\">\n<div id=\"metaslider_container_56545\">\n<ul id=\"metaslider_56545\" class=\"rslides\">\n<li><a href=\"https:\/\/www.iuliustown.ro\/ro\/winter-sale\" target=\"_blank\"><img decoding=\"async\" width=\"610\" height=\"260\" loading=\"lazy\" title=\"Banner Iulius Town - Winter Sales - ianuarie 2025 - 610x260\" class=\"slider-56545 slide-61078 lazyload\" src=\"https:\/\/analyse.optim.biz\/wp-content\/uploads\/2026\/01\/banner-iulius-town-winter-sales-ianuarie-2025-610x260-1-170.png\"><img decoding=\"async\" width=\"610\" height=\"260\" src=\"https:\/\/analyse.optim.biz\/wp-content\/uploads\/2026\/01\/banner-iulius-town-winter-sales-ianuarie-2025-610x260-1-170.png\" class=\"slider-56545 slide-61078\" loading=\"lazy\" title=\"Banner Iulius Town - Winter Sales - ianuarie 2025 - 610x260\"><\/a><\/li>\n<\/ul>\n<\/div>\n<\/div>\n<div class=\"printfriendly pf-alignright\"><a href=\"https:\/\/timpolis.ro\/opt-persoane-retinute-in-dosarul-de-coruptie-de-la-politia-timis\/\" rel=\"nofollow\" title=\"Printer Friendly, PDF &amp; Email\"><img decoding=\"async\" alt=\"Print Friendly, PDF &amp; Email\" class=\"lazyload\" src=\"https:\/\/analyse.optim.biz\/wp-content\/uploads\/2026\/01\/print-button-170.png\" title=\"print-button-170\"><img decoding=\"async\" src=\"https:\/\/analyse.optim.biz\/wp-content\/uploads\/2026\/01\/print-button-170.png\" alt=\"Print Friendly, PDF &amp; Email\" title=\"print-button-170\"><\/a><\/div>\n<\/div>\n<p> Source URL: https:\/\/timpolis.ro\/opt-persoane-retinute-in-dosarul-de-coruptie-de-la-politia-timis\/<\/p>\n","protected":false},"excerpt":{"rendered":"<p>\u015eeful Poli\u0163iei Timi\u015f \u015fi adjunctul s\u0103u, \u015feful Serviciului Poli\u0163ie Rutier\u0103 Timi\u015f \u015fi doi ofi\u0163eri de la aceea\u015fi structur\u0103, \u015feful Poli\u0163iei Reca\u015f, \u015feful Poli\u0163iei Locale Reca\u015f \u015fi primarul Reca\u015fului au fost re\u0163inu\u0163i, luni noapte, \u00eentr-un dosar de corup\u0163ie instrumentat de DNA. \u00a0 Opt re\u0163ineri \u015fi o punere sub control judiciar Procurorii DNA Timi\u015foara au decis, \u00een [&hellip;]<\/p>\n","protected":false},"author":1,"featured_media":0,"comment_status":"open","ping_status":"","sticky":false,"template":"","format":"standard","meta":{"footnotes":""},"categories":[89],"tags":[202],"class_list":["post-1468783","post","type-post","status-publish","format-standard","hentry","category-romania","tag-timpolis-ro"],"_links":{"self":[{"href":"https:\/\/analyse.optim.biz\/index.php?rest_route=\/wp\/v2\/posts\/1468783","targetHints":{"allow":["GET"]}}],"collection":[{"href":"https:\/\/analyse.optim.biz\/index.php?rest_route=\/wp\/v2\/posts"}],"about":[{"href":"https:\/\/analyse.optim.biz\/index.php?rest_route=\/wp\/v2\/types\/post"}],"author":[{"embeddable":true,"href":"https:\/\/analyse.optim.biz\/index.php?rest_route=\/wp\/v2\/users\/1"}],"replies":[{"embeddable":true,"href":"https:\/\/analyse.optim.biz\/index.php?rest_route=%2Fwp%2Fv2%2Fcomments&post=1468783"}],"version-history":[{"count":0,"href":"https:\/\/analyse.optim.biz\/index.php?rest_route=\/wp\/v2\/posts\/1468783\/revisions"}],"wp:attachment":[{"href":"https:\/\/analyse.optim.biz\/index.php?rest_route=%2Fwp%2Fv2%2Fmedia&parent=1468783"}],"wp:term":[{"taxonomy":"category","embeddable":true,"href":"https:\/\/analyse.optim.biz\/index.php?rest_route=%2Fwp%2Fv2%2Fcategories&post=1468783"},{"taxonomy":"post_tag","embeddable":true,"href":"https:\/\/analyse.optim.biz\/index.php?rest_route=%2Fwp%2Fv2%2Ftags&post=1468783"}],"curies":[{"name":"wp","href":"https:\/\/api.w.org\/{rel}","templated":true}]}}