{"id":1468752,"date":"2015-01-21T06:12:19","date_gmt":"2015-01-21T03:12:19","guid":{"rendered":"https:\/\/analyse.optim.biz\/?p=1468752"},"modified":"2015-01-21T06:12:19","modified_gmt":"2015-01-21T03:12:19","slug":"arestari-in-dosarul-de-coruptie-de-la-politia-timis","status":"publish","type":"post","link":"https:\/\/analyse.optim.biz\/?p=1468752","title":{"rendered":"Arest\u0103ri \u00een dosarul de corup\u0163ie de la Poli\u0163ia Timi\u015f"},"content":{"rendered":"<div class=\"pf-content\">\n<p><a href=\"http:\/\/timpolis.ro\/wp-content\/uploads\/2015\/01\/Sorin-Muntean-si-Florin-Bolbos-Foto-Adrian-Piclisan.jpg\"><img decoding=\"async\" loading=\"lazy\" alt=\"Sorin Muntean si Florin Bolbos Foto Adrian Piclisan\" height=\"168\" title=\"Sorin Muntean si Florin Bolbos Foto Adrian Piclisan\" width=\"251\" class=\"alignright size-medium wp-image-12628 lazyload\" src=\"https:\/\/analyse.optim.biz\/wp-content\/uploads\/2026\/01\/sorin-muntean-si-florin-bolbos-foto-adrian-piclisan-270x180-1-2.jpg\"><\/a><\/p>\n<p><img decoding=\"async\" loading=\"lazy\" alt=\"Sorin Muntean si Florin Bolbos Foto Adrian Piclisan\" class=\"alignright size-medium wp-image-12628\" height=\"168\" src=\"https:\/\/analyse.optim.biz\/wp-content\/uploads\/2026\/01\/sorin-muntean-si-florin-bolbos-foto-adrian-piclisan-270x180-1-2.jpg\" title=\"Sorin Muntean si Florin Bolbos Foto Adrian Piclisan\" width=\"251\"><strong>\u015eeful Poli\u0163iei Timi\u015f, adjunctul s\u0103u, \u015feful Poli\u0163iei Rutiere Timi\u015f, primarul din Reca\u015f, \u015feful Poli\u0163iei Reca\u015f \u015fi cel al Poli\u0163iei Locale Reca\u015f au fost aresta\u0163i preventiv, mar\u0163i sear\u0103, de Tribunalul Timi\u015f.<\/strong><\/p>\n<p>\n\t\u00a0\n<\/p>\n<h4><strong>\u015ease mandate de arestare<\/strong><br \/><\/h4>\n<p>\n\tMagistra\u0163ii Tribunalului Timi\u015f au emis, dup\u0103 aproximativ patru ore de audieri, mandate de arestare preventiv\u0103, pentru 30 de zile, pe numele celor \u015fase, acuza\u0163i de fapte de corup\u0163ie, anun\u0163\u0103 Mediafax. Decizia instan\u0163ei nu este, \u00eens\u0103, definitiv\u0103, fiind deja contestat\u0103 la Curtea de Apel Timi\u015foara de c\u0103tre cele \u015fase persoane. Contesta\u0163ia se va judeca, cel mai probabil, vineri.\n<\/p>\n<p>\n\t\u015eeful Poli\u0163iei Jude\u0163ene Timi\u015f, comisarul-\u015fef <strong>Sorin\u00a0Muntean<\/strong>, \u015fi adjunctul s\u0103u, comisarul-\u015fef <strong>Florin Bolbos<\/strong>, \u015feful Serviciului Poli\u0163iei Rutiere Timi\u015f, comisar-\u015fef <strong>Marcel Cr\u0103ciunescu<\/strong>, primarul ora\u015fului Reca\u015f, <strong>Teodor Pavel<\/strong>, \u015feful Poli\u0163iei Reca\u015f, <strong>Marian Temu<\/strong>, \u015fi \u015feful Poli\u0163iei Locale Reca\u015f, <strong>Doru Berzescu<\/strong>, au fost du\u015fi, mar\u0163i dup\u0103-amiaz\u0103, la Tribunalul Timi\u015f, cu propunere de arestare preventiv\u0103.\n<\/p>\n<p>\n\tTot mar\u0163i, au fost din nou audia\u0163i ofi\u0163erii de la Serviciul Circula\u0163ie Rutier\u0103 <strong>Cosmin Bledea<\/strong> \u015fi <strong>Vasilic\u0103 G\u00eerbici<\/strong>, re\u0163inu\u0163i \u00een acest caz, pentru dare de mit\u0103, \u00een urma audierilor procurorii dispun\u00e2nd cercetarea lor sub control judiciar.\n<\/p>\n<h4><strong>Suspiciuni de corup\u0163ie din perioada 2013 \u2013 2014<\/strong><br \/><\/h4>\n<p>\n\tLuni diminea\u0163\u0103, DNA a f\u0103cut mai multe perchezi\u0163ii la Inspectoratul de Poli\u0163ie al Jude\u0163ului Timi\u015f, la Serviciul Circula\u0163ie Rutier\u0103, la Poli\u0163ia Ora\u015fului Reca\u015f, Prim\u0103ria Reca\u015f, Poli\u0163ia Local\u0103 din cadrul Prim\u0103riei Reca\u015f \u015fi la Sec\u0163ia de Poli\u0163ie Autostr\u0103zi \u2013 Biroul de Poli\u0163ie Autostrada A1 Deva \u2013 N\u0103dlac \u015fi la locuin\u0163a \u015fefului Serviciului Circula\u0163ie Rutier\u0103 Timi\u015f, Marcel Cr\u0103ciunescu, din Ghiroda, dar \u015fi la locuin\u0163a p\u0103rin\u0163ilor acestuia, din Timi\u015foara, \u00eentr-un dosar viz\u00e2nd infrac\u0163iuni de corup\u0163ie \u015fi asimilate celor de corup\u0163ie, care ar fi fost comise \u00een perioada 2013 \u2013 2014.\n<\/p>\n<p>\n\t\u00cen urma acestor descinderi, mai multe persoane au fost duse la audieri, dup\u0103 aproximativ opt ore de perchezi\u0163ii. De asemenea, au fost du\u015fi la audieri comisarul-\u015fef <strong>Claudiu Chebici,<\/strong> \u015feful Poli\u0163iei Municipiului Lugoj, \u015fi comisarul-\u015fef <strong>Marius Rad<\/strong>, \u015feful Poli\u0163iei Rutiere Lugoj, surse judiciare afirm\u00e2nd c\u0103 ace\u015ftia sunt audia\u0163i \u00een calitate de martori.\n<\/p>\n<p>\n\tAudierile s-au \u00eencheiat abia \u00een noaptea de luni spre mar\u0163i, dup\u0103 ora 3, iar \u00een urma acestora opt persoane au fost re\u0163inute pentru 24 de ore. De asemenea, la sediul DNA Timi\u015foara au fost aduse mai multe cutii cu documente ridicate de c\u0103tre procurori.\n<\/p>\n<p>\n\tProcurorii DNA i-au re\u0163inut pe \u015feful IPJ Timi\u015f, Sorin Muntean, \u015fi pe adjunctul s\u0103u, Florin Bolbos, precum \u015fi pe \u015feful Poli\u0163iei Reca\u015f, Marian Temu, pentru abuz \u00een serviciu, pe \u015feful Poli\u0163iei Rutiere Timi\u015f, Marcel Cr\u0103ciunescu, pentru patru infrac\u0163iuni de luare de mit\u0103, pe primarul ora\u015fului Reca\u015f, Teodor Pavel, pentru instigare la uzurparea func\u0163iei, la h\u0103r\u0163uire \u015fi la abuz \u00een serviciu, dar \u015fi pe \u015feful Poli\u0163iei Locale Reca\u015f, Doru Berzescu (func\u0163ionar public aflat \u00een subordinea primarului ora\u015fului Reca\u015f), pentru uzurparea func\u0163iei \u015fi h\u0103r\u0163uire, \u015fi pe ofi\u0163erii de Poli\u0163ie Cosmin Bledea \u015fi Vasilic\u0103 G\u00eerbaci, pentru dare de mit\u0103.\n<\/p>\n<p>\n\tConform unor surse judiciare, \u00een anchet\u0103 ar mai fi vizat prefectul jude\u0163ului Timi\u015f, <strong>Eugen Dogariu<\/strong>, iar omul de afaceri <strong>Eugen Milutinovici<\/strong>, so\u0163ul directorului DGASPC Timi\u015f, Emilia Milutinovici, care este \u015fi pre\u015fedintele Organiza\u0163iei de Femei a PSD Timi\u015f, este \u015fi el cercetat, fiind pus sub control judiciar pentru 60 de zile, cercetat fiind pentru instigare la abuz \u00een serviciu.\n<\/p>\n<p>\n\tPrefectul de Timi\u015f, Eugen Dogariu, declara luni c\u0103 nu \u015ftie nimic despre ancheta DNA, afl\u00e2nd din pres\u0103 c\u0103 se fac mai multe perchezi\u0163ii la institu\u0163ii publice din Timi\u015foara.\n<\/p>\n<h4><strong>Poli\u0163ia r\u0103spundea la ordine politice<\/strong><br \/><\/h4>\n<p><a href=\"http:\/\/timpolis.ro\/wp-content\/uploads\/2015\/01\/Teodor-Pavel-la-DNA-Foto-Agerpres.jpg\"><img decoding=\"async\" loading=\"lazy\" alt=\"Teodor Pavel la DNA Foto Agerpres\" height=\"167\" title=\"Teodor Pavel la DNA Foto Agerpres\" width=\"250\" class=\"alignright size-medium wp-image-12629 lazyload\" src=\"https:\/\/analyse.optim.biz\/wp-content\/uploads\/2026\/01\/teodor-pavel-la-dna-foto-agerpres-270x180-1-2.jpg\"><\/a><\/p>\n<p><img decoding=\"async\" loading=\"lazy\" alt=\"Teodor Pavel la DNA Foto Agerpres\" class=\"alignright size-medium wp-image-12629\" height=\"167\" src=\"https:\/\/analyse.optim.biz\/wp-content\/uploads\/2026\/01\/teodor-pavel-la-dna-foto-agerpres-270x180-1-2.jpg\" title=\"Teodor Pavel la DNA Foto Agerpres\" width=\"250\">Primarul din Reca\u015f, Teodor Pavel \u2013 care se afl\u0103 la primul mandat \u015fi care \u00een 2012 a fost ales din partea PNL, \u00eens\u0103 \u00een toamna anului 2014 a trecut la PSD \u00een baza OUG55\/2014, care permitea migra\u0163ia ale\u015filor locali \u2013 le-ar fi solicitat \u015fefilor de la Poli\u0163ia Timi\u015f s\u0103 dea ordin subalternilor lor s\u0103 nu \u00ee\u015fi \u00eendeplineasc\u0103 sarcinile de serviciu \u00een Reca\u015f. \u00cen caz contrar, poli\u0163i\u015ftii care nu \u00eendeplineau ordinele erau muta\u0163i, schimba\u0163i ori li se desfiin\u0163a func\u0163ia. \u201e<em>\u00cen cadrul activit\u0103\u0163ilor de serviciu, unor poli\u0163i\u015fti din Poli\u0163ia Reca\u015f li s-a cerut s\u0103 nu \u00ee\u015fi \u00eendeplineasc\u0103 atribu\u0163iile de serviciu de c\u0103tre unii \u015fefi care le-au interzis lucr\u0103torilor din cadrul Compartimentului Rutier Reca\u015f efectuarea de controale \u015fi ac\u0163iuni pe linie de poli\u0163ie rutier\u0103 pe DC 147, DJ 609E, precum \u015fi pe str\u0103zile din interiorul localit\u0103\u0163ilor aflate pe raza de competen\u0163\u0103 a Poli\u0163iei Reca\u015f, motivat de faptul c\u0103 primarul ora\u015fului Reca\u015f, Pavel Teodor, nu dore\u015fte s\u0103 mai fie sanc\u0163iona\u0163i cet\u0103\u0163enii de pe raza teritorial\u0103 a ora\u015fului Reca\u015f, mai ales \u00een perioada campaniei electorale preziden\u0163iale deoarece dore\u015fte s\u0103 c\u00e2\u015ftige cu 51%\u201d,<\/em> spun surse judiciare.<\/p>\n<p>\n\tPentru toate acestea, primarul Teodor Pavel a apelat la omul de afaceri Eugen Milutinovici, un apropiat al PSD Timi\u015f, a c\u0103rui firm\u0103 are \u00een derulare un contract cu Prim\u0103ria Reca\u015f, pentru asfaltarea de drumuri \u00een localitate. De asemenea, edilul a mai apelat \u015fi la \u201e<em>al\u0163ii din conducerea Prefecturii\u201d<\/em>, spun surse judiciare.\n<\/p>\n<p>\n\tUnul dintre cei care ar fi ascultat ordinele superiorilor este \u015feful Poli\u0163iei ora\u015fului Reca\u015f, Marian Temu, acesta ar\u0103t\u00e2ndu-\u015fi obedien\u0163a fa\u0163\u0103 de primarul din localitate. Acesta le-ar fi spus subordona\u0163ilor s\u0103i: \u201e<em>Acuma, eu zic c\u0103 totu\u015fi, cale de \u00eentoarcere exist\u0103 \u015fi ce vreau eu s\u0103 spun? Nu are rost, noi, s\u0103 ne punem cu \u0103\u015ftia, c\u0103 p\u00e2n\u0103 una \u2013 alta \u0103\u015ftia conduc. Politicul<\/em>\u201d.\n<\/p>\n<p>\n\tPotrivit anchetatorilor, primarul din Reca\u015f i-a repro\u015fat \u015fefului Poli\u0163iei Rutiere Timi\u015f c\u0103 a amplasat o ma\u015fin\u0103 cu aparat radar chiar pe drumul care leag\u0103 ora\u015ful de Cramele Reca\u015f, avertiz\u00e2ndu-l pe acesta c\u0103 nu dore\u015fte ca pe timpul campaniei electorale locuitorii s\u0103 fie sanc\u0163iona\u0163i de poli\u0163i\u015ftii rutieri.\n<\/p>\n<p>\n\tProcurorii mai spun c\u0103 \u015fefii Poli\u0163iei Jude\u0163ului Timi\u015f se interesau periodic dac\u0103 ordinele le sunt ascultate. De exemplu, adjunctul \u015fefului IPJ Timi\u015f, Florin Bolbos, afl\u00e2nd c\u0103 s-a aplicat o amend\u0103 de 3.200 de lei, a spus: \u201e<em>P\u0103i nu-s normali m\u0103! (\u2026) n-au \u00een\u0163eles \u00eenc\u0103 nimic\u201d,<\/em> referindu-se la faptul c\u0103 poli\u0163i\u015ftii nesocoteau cerin\u0163ele primarului de a nu mai fi date amenzi \u00een localitate.\n<\/p>\n<p>\n\tPotrivit unor documente ale anchetatorilor, poli\u0163i\u015ftii care nu se conformau dispozi\u0163iei primarului din Reca\u015f, Teodor Pavel, erau muta\u0163i \u00een alte posturi sau le erau desfiin\u0163ate posturile, iar pentru a-\u015fi \u00eendeplini scopul primarul ac\u0163iona \u015fi pe linie politic\u0103, apel\u00e2nd la omul de afaceri Gelu Milutinovici \u015fi la reprezentan\u0163i ai Prefecturii Timi\u015f.\n<\/p>\n<h4><strong>\u201eIndisciplina\u0163ii\u201d, muta\u0163i la comanda \u015fefilor<\/strong><br \/><\/h4>\n<p>\n\tPotrivit unui comunicat de pres\u0103 al DNA, \u00een octombrie 2014, pentru a satisface interesele economice, personale \u015fi de natur\u0103 politic\u0103 ale primarului din Reca\u015f, Teodor Pavel, Sorin Muntean \u015fi Florin Bolbos au dispus, \u00een calitatea pe care o aveau, \u00eentocmirea unei propuneri c\u0103tre MAI, pentru radierea postului unui agent de poli\u0163ie din statele de func\u0163ii ale Poli\u0163iei Reca\u015f \u015fi apoi au avizat propunerea Serviciului Resurse Umane din IPJ Timi\u015f de desfiin\u0163are a func\u0163iei respective. Ulterior, a fost dispus\u0103 mutarea agentului \u00eentr-un alt ora\u015f, f\u0103r\u0103 a se respecta procedura legal\u0103 privind mutarea unui poli\u0163ist \u00een cadrul altei forma\u0163iuni de poli\u0163ie.\n<\/p>\n<p>\n\t\u00cen sprijinul aceluia\u015fi demers, \u015feful Poli\u0163iei Ora\u015fului Reca\u015f, Marian Temu, a \u00eentocmit documente justificative ce au creat o aparen\u0163\u0103 de legalitate \u015fi au stat la baza \u00eentocmirii propunerii de radiere a func\u0163iei respective, urm\u0103rind prin aceasat s\u0103 fie men\u0163inut pe acela\u015fi post de conducere, dar \u015fi satisfacerea intereselor economice \u015fi politice ale primarului Teodor Pavel.\n<\/p>\n<h4><strong>Poli\u0163ist filat ilegal de un poli\u0163ist local<\/strong><br \/><\/h4>\n<p>\n\t\u00cen acela\u015fi scop, mai spun procurorii anticorup\u0163ie, \u015feful Poli\u0163iei Locale Reca\u015f, Doru Berzescu, s-a implicat personal \u00een supravegherea agentului de poli\u0163ie, f\u0103r\u0103 drept \u015fi f\u0103r\u0103 a avea un interes legitim, folosindu-se \u015fi de subordona\u0163ii s\u0103i, cu scopul de a-i crea acestuia o stare de temere, menit\u0103 a conduce la \u00eendep\u0103rtarea sa din func\u0163ia pe care o exercita \u00een mod legal \u00een cadrul Postului de Poli\u0163ie Reca\u015f. Activit\u0103\u0163ile de urm\u0103rire au constat \u00een supravegherea neautorizat\u0103 a agentului de poli\u0163ie, at\u00e2t \u00een timpul exercit\u0103rii atribu\u0163iilor de serviciu, c\u00e2t \u015fi \u00een timpul liber, execut\u00e2nd capturi de imagini \u00een locurile frecventate de acesta \u015fi la domiciliul s\u0103u.\n<\/p>\n<p>\n\tPotrivit DNA, Doru Berzescu a \u00eentocmit chiar rapoarte din care reie\u015fea c\u0103 at\u00e2t agentul de poli\u0163ie vizat, c\u00e2t \u015fi al\u0163i angaja\u0163i ai Poli\u0163iei Reca\u015f s-ar afla \u00een timpul programului de lucru \u00een alte locuri dec\u00e2t cele stabilite conform ordinelor interne.\n<\/p>\n<p>\n\tDNA sus\u0163ine c\u0103 aceast\u0103 procedur\u0103 dispus\u0103 de c\u0103tre Sorin Muntean a fost aprobat\u0103 \u00een urma instig\u0103rii venite din partea primarului Teodor Pavel \u015fi a lui Eugen Milutinovici, \u00een scopul asigur\u0103rii controlului asupra activit\u0103\u0163ii Poli\u0163iei Reca\u015f, prin evitarea constat\u0103rii \u015fi sanc\u0163ion\u0103rii faptelor comise de persoane din cercul de rela\u0163ii al celor doi \u015fi satisfacerea intereselor politice \u015fi economice ale acestuia din urm\u0103.\n<\/p>\n<p>\n\t\u201e<em>Prin exercitarea defectuoas\u0103 a atribu\u0163iunilor de serviciu, inculpa\u0163ii au v\u0103t\u0103mat interesele legitime pe de o parte ale IPJ Timi\u015f \u2013 Poli\u0163ia Ora\u015fului Reca\u015f, iar pe de alt\u0103 parte au v\u0103t\u0103mat interesele legitime ale agentului de poli\u0163ie, prin crearea unei situa\u0163ii familiale \u00abdisfunc\u0163ionale\u00bb (probleme de s\u0103n\u0103tate ale p\u0103rin\u0163ilor, mutarea so\u0163iei la un alt loc de munc\u0103, mutarea fiicei la o alt\u0103 \u015fcoal\u0103, cheltuieli cu naveta, carburant, ma\u015fin\u0103), afectarea st\u0103rii de s\u0103n\u0103tate a p\u0103r\u0163ii v\u0103t\u0103mate, stabilitatea la locul de munc\u0103<\/em>\u201d, preciza DNA.\n<\/p>\n<h4><strong>Acuza\u0163ii de luare de mit\u0103 la adresa \u015fefului Poli\u0163iei Rutiere<\/strong><br \/><\/h4>\n<p><a href=\"http:\/\/timpolis.ro\/wp-content\/uploads\/2015\/01\/Marcel-Craciunescu.jpg\"><img decoding=\"async\" loading=\"lazy\" alt=\"Marcel Craciunescu\" height=\"229\" title=\"Marcel Craciunescu\" width=\"173\" class=\"alignright size-medium wp-image-12630 lazyload\" src=\"https:\/\/analyse.optim.biz\/wp-content\/uploads\/2026\/01\/marcel-craciunescu-203x270-1.jpg\"><\/a><\/p>\n<p><img decoding=\"async\" loading=\"lazy\" alt=\"Marcel Craciunescu\" class=\"alignright size-medium wp-image-12630\" height=\"229\" src=\"https:\/\/analyse.optim.biz\/wp-content\/uploads\/2026\/01\/marcel-craciunescu-203x270-1.jpg\" title=\"Marcel Craciunescu\" width=\"173\">Potrivit DNA, \u015feful Serviciului Rutier Timi\u015f, Marcel Cr\u0103ciunescu, a pretins \u015fi a primit, \u00een martie 2014, de la Cosmin Bledea \u015fi Vasilic\u0103 G\u00eerbaci, pentru a propune avansarea acestora \u00een grad profesional \u00eenainte de termen, opt jante Mercedes Clasa E \u015fi anvelope pentru autoturismul personal. \u00cen 25 martie 2014, conform celor promise de c\u0103tre Cr\u0103ciunescu, cei doi au fost avansa\u0163i la gradul profesional urm\u0103tor, respectiv acela de comisar.<\/p>\n<p>\n\tLa sf\u00e2r\u015fitul anului 2013 \u2013 \u00eenceputul anului 2014, mai spune DNA, Marcel Cr\u0103ciunescu a pretins \u015fi a primit de la doi agen\u0163i de poli\u0163ie un set de anvelope pentru autoturismul marca Mercedes ML, apar\u0163in\u00e2nd so\u0163iei sale, \u015fi un televizor LCD. Dup\u0103 remiterea acestor bunuri, unul dintre agen\u0163i a fost mutat, conform dorin\u0163ei sale, la Compartimentul Accidente Grave, din cadrul Serviciului Poli\u0163iei Rutiere, iar cel\u0103lalt a sc\u0103pat nesanc\u0163ionat pentru abaterile constatate \u00een activitatea sa, ca urmare a unui control.\n<\/p>\n<h4><strong>Cine sunt cei viza\u0163i de anchet\u0103?<\/strong><br \/><\/h4>\n<p>\n\tComisarul-\u015fef Sorin Muntean conduce Inspectoratul Jude\u0163ean de Poli\u0163ie Timi\u015f din octombrie 2012, fiind numit interimar printr-un ordin al ministrului <strong>Mircea Du\u015f\u0103<\/strong>. \u00cen luna martie 2013, el a fost numit pe acest post \u00een urma unui concurs. Sorin Muntean are 45 de ani \u015fi este n\u0103scut \u00een localitatea Chi\u015fineu Cri\u015f, jude\u0163ul Arad. Lucreaz\u0103 de peste 20 de ani \u00een Poli\u0163ie \u015fi este ofi\u0163er specialist I.\n<\/p>\n<p>\n\tComisarul-\u015fef Florin Bolbos este adjunctul \u015fefului IPJ Timi\u015f din anul 2010, func\u0163ia fiind ob\u0163inut\u0103 \u00een urma unui concurs. El are 41 de ani \u015fi este din Pi\u015fchia. Anterior, a condus serviciul Poli\u0163iei Rutiere Timi\u015f, iar \u00een Poli\u0163ie lucreaz\u0103 din 1995.\n<\/p>\n<p>\n\tMarcel Cr\u0103ciunescu se afl\u0103 la conducerea Serviciului Circula\u0163iei Rutiere Timi\u015f din anul 2012, iar so\u0163ia acestuia, Gabriela Cr\u0103ciunescu, este consilier jude\u0163ean PSD. Marcel Cr\u0103ciunescu este un apropiat al fostului \u015fef al PSD Timi\u015f \u015fi pre\u015fedinte al Consiliului Jude\u0163ean Timi\u015f, <strong>Titu Bojin<\/strong>, cercetat \u015fi el \u00eentr-un dosar de corup\u0163ie instrumentat de DNA. \u00cen 16 noiembrie 2014, \u00een ziua alegerilor preziden\u0163iale, Biroul de Pres\u0103 al\u00a0PDL Timi\u015f reclama, \u00eentr-un comunicat de pres\u0103, c\u0103 pre\u0219edintele CJ Timi\u0219 \u00eel \u201econtractase\u201d antemerg\u0103tor \u00een ziua votului, pe \u015feful Poli\u0163iei Rutiere Timi\u015f, care l-a \u00eenso\u0163it pe Titu Bojin chiar \u0219i \u00een sec\u021bia de votare, dup\u0103 care au plecat, mai departe, \u00een \u201einspec\u021bie\u201d \u00een jude\u021b.\u00a0\n<\/p>\n<p>\n\tEugen Dogariu, \u00een v\u00e2rst\u0103 de 38 de ani, este prefect al jude\u0163ului Timi\u015f din mai 2012, dup\u0103 ce \u00een perioada august 2010 \u2013 mai 2012 a fost \u015feful Biroului audit \u015fi control intern la SC Drumuri Municipale SA. El a lucrat pentru c\u00e2teva luni \u015fi la\u00a0Casa\u00a0Jude\u0163ean\u0103 de Asigur\u0103ri de S\u0103n\u0103tate Timi\u015f, iar \u00een perioada martie 2009 \u2013 februarie 2010 a fost subprefect. Eugen Dogariu este un apropiat al ministrului Comunica\u0163iilor, <strong>Sorin Grindeanu<\/strong> (PSD), care a fost viceprimar al Timi\u015foarei. \u00cen trecut, Eugen Dogariu a fost secretar de stat \u00een Ministerul Comunica\u0163iilor, dar \u015fi secretar de stat \u00een rela\u0163ia cu Parlamentul, Sindicatele \u015fi Patronatul.\n<\/p>\n<p>\n\tPrimarul din Reca\u015f, Teodor Pavel, se afl\u0103 la primul mandat, fiind ales din partea PNL. \u00cen septembrie 2014, el a trecut de la PNL la PSD, \u00een baza OUG care a permis migra\u0163ia ale\u015filor locali f\u0103r\u0103 a-\u015fi pierde mandatul.<\/p>\n<div id=\"metaslider-id-56545\" class=\"ml-slider-3-18-9 metaslider metaslider-responsive metaslider-56545 ml-slider nav-hidden nav-hidden nav-hidden\">\n<div id=\"metaslider_container_56545\">\n<ul id=\"metaslider_56545\" class=\"rslides\">\n<li><a href=\"https:\/\/www.iuliustown.ro\/ro\/winter-sale\" target=\"_blank\"><img decoding=\"async\" width=\"610\" height=\"260\" loading=\"lazy\" title=\"Banner Iulius Town - Winter Sales - ianuarie 2025 - 610x260\" class=\"slider-56545 slide-61078 lazyload\" src=\"https:\/\/analyse.optim.biz\/wp-content\/uploads\/2026\/01\/banner-iulius-town-winter-sales-ianuarie-2025-610x260-1-169.png\"><img decoding=\"async\" width=\"610\" height=\"260\" src=\"https:\/\/analyse.optim.biz\/wp-content\/uploads\/2026\/01\/banner-iulius-town-winter-sales-ianuarie-2025-610x260-1-169.png\" class=\"slider-56545 slide-61078\" loading=\"lazy\" title=\"Banner Iulius Town - Winter Sales - ianuarie 2025 - 610x260\"><\/a><\/li>\n<\/ul>\n<\/div>\n<\/div>\n<div class=\"printfriendly pf-alignright\"><a href=\"https:\/\/timpolis.ro\/arestari-in-dosarul-de-coruptie-de-la-politia-timis\/\" rel=\"nofollow\" title=\"Printer Friendly, PDF &amp; Email\"><img decoding=\"async\" alt=\"Print Friendly, PDF &amp; Email\" class=\"lazyload\" src=\"https:\/\/analyse.optim.biz\/wp-content\/uploads\/2026\/01\/print-button-169.png\" title=\"print-button-169\"><img decoding=\"async\" src=\"https:\/\/analyse.optim.biz\/wp-content\/uploads\/2026\/01\/print-button-169.png\" alt=\"Print Friendly, PDF &amp; Email\" title=\"print-button-169\"><\/a><\/div>\n<\/div>\n<p> Source URL: https:\/\/timpolis.ro\/arestari-in-dosarul-de-coruptie-de-la-politia-timis\/<\/p>\n","protected":false},"excerpt":{"rendered":"<p>\u015eeful Poli\u0163iei Timi\u015f, adjunctul s\u0103u, \u015feful Poli\u0163iei Rutiere Timi\u015f, primarul din Reca\u015f, \u015feful Poli\u0163iei Reca\u015f \u015fi cel al Poli\u0163iei Locale Reca\u015f au fost aresta\u0163i preventiv, mar\u0163i sear\u0103, de Tribunalul Timi\u015f. \u00a0 \u015ease mandate de arestare Magistra\u0163ii Tribunalului Timi\u015f au emis, dup\u0103 aproximativ patru ore de audieri, mandate de arestare preventiv\u0103, pentru 30 de zile, pe [&hellip;]<\/p>\n","protected":false},"author":1,"featured_media":0,"comment_status":"open","ping_status":"","sticky":false,"template":"","format":"standard","meta":{"footnotes":""},"categories":[89],"tags":[202],"class_list":["post-1468752","post","type-post","status-publish","format-standard","hentry","category-romania","tag-timpolis-ro"],"_links":{"self":[{"href":"https:\/\/analyse.optim.biz\/index.php?rest_route=\/wp\/v2\/posts\/1468752","targetHints":{"allow":["GET"]}}],"collection":[{"href":"https:\/\/analyse.optim.biz\/index.php?rest_route=\/wp\/v2\/posts"}],"about":[{"href":"https:\/\/analyse.optim.biz\/index.php?rest_route=\/wp\/v2\/types\/post"}],"author":[{"embeddable":true,"href":"https:\/\/analyse.optim.biz\/index.php?rest_route=\/wp\/v2\/users\/1"}],"replies":[{"embeddable":true,"href":"https:\/\/analyse.optim.biz\/index.php?rest_route=%2Fwp%2Fv2%2Fcomments&post=1468752"}],"version-history":[{"count":0,"href":"https:\/\/analyse.optim.biz\/index.php?rest_route=\/wp\/v2\/posts\/1468752\/revisions"}],"wp:attachment":[{"href":"https:\/\/analyse.optim.biz\/index.php?rest_route=%2Fwp%2Fv2%2Fmedia&parent=1468752"}],"wp:term":[{"taxonomy":"category","embeddable":true,"href":"https:\/\/analyse.optim.biz\/index.php?rest_route=%2Fwp%2Fv2%2Fcategories&post=1468752"},{"taxonomy":"post_tag","embeddable":true,"href":"https:\/\/analyse.optim.biz\/index.php?rest_route=%2Fwp%2Fv2%2Ftags&post=1468752"}],"curies":[{"name":"wp","href":"https:\/\/api.w.org\/{rel}","templated":true}]}}