{"id":1468720,"date":"2015-01-22T14:31:49","date_gmt":"2015-01-22T11:31:49","guid":{"rendered":"https:\/\/analyse.optim.biz\/?p=1468720"},"modified":"2015-01-22T14:31:49","modified_gmt":"2015-01-22T11:31:49","slug":"titu-bojin-suspectat-de-implicare-intr-un-accident-musamalizat-de-politia-timis","status":"publish","type":"post","link":"https:\/\/analyse.optim.biz\/?p=1468720","title":{"rendered":"Titu Bojin, suspectat de implicare \u00eentr-un accident mu\u015famalizat de Poli\u0163ia Timi\u015f"},"content":{"rendered":"<div class=\"pf-content\">\n<p><a href=\"http:\/\/timpolis.ro\/wp-content\/uploads\/2014\/12\/Titu-Bojin1.jpg\"><img decoding=\"async\" loading=\"lazy\" alt=\"Titu Bojin\" height=\"151\" title=\"Titu Bojin\" width=\"270\" class=\"alignright size-medium wp-image-12103 lazyload\" src=\"https:\/\/analyse.optim.biz\/wp-content\/uploads\/2026\/01\/titu-bojin1-270x151-1.jpg\"><\/a><\/p>\n<p><img decoding=\"async\" loading=\"lazy\" alt=\"Titu Bojin\" class=\"alignright size-medium wp-image-12103\" height=\"151\" src=\"https:\/\/analyse.optim.biz\/wp-content\/uploads\/2026\/01\/titu-bojin1-270x151-1.jpg\" title=\"Titu Bojin\" width=\"270\"><strong>Pre\u015fedintele CJ Timi\u015f, Titu Bojin, a declarat, joi, dup\u0103 audierile la DNA, \u00een dosarul \u00een care mai mul\u0163i \u015fefi din cadrul Poli\u0163iei Jude\u0163ului Timi\u015f sunt aresta\u0163i preventiv pentru fapte de corup\u0163ie, c\u0103 \u201enu este \u015fofer\u201d, refuz\u00e2nd s\u0103 dea alte detalii \u00een privin\u0163a unui accident rutier \u00een care ar fi fost implicat \u00een 2014.<\/strong><\/p>\n<p>\n\t\u00a0\n<\/p>\n<p>\n\tPre\u015fedintele Consiliului Jude\u0163ean Timi\u015f, <strong>Titu Bojin<\/strong>, a fost audiat, joi dup\u0103-amiaz\u0103, aproximativ o or\u0103 la sediul DNA Timi\u015foara, <a href=\"http:\/\/timpolis.ro\/arestari-in-dosarul-de-coruptie-de-la-politia-timis\/\"><u>\u00een dosarul de corup\u0163ie<\/u><\/a>\u00a0\u00een care sunt aresta\u0163i preventiv pentru fapte de corup\u0163ie \u015feful Inspectoratului de Poli\u0163ie al Jude\u0163ului Timi\u015f, <strong>Sorin Muntean<\/strong>, adjunctul s\u0103u, <strong>Florin Bolbos<\/strong>, \u015feful Poli\u0163iei Rutiere Timi\u015f, <strong>Marcel Cr\u0103ciunescu<\/strong>, primarul ora\u015fului Reca\u015f,<strong>Teodor Pavel<\/strong>, precum \u015fi \u015fefului Postului de Poli\u0163ie Reca\u015f, <strong>Marian Temu<\/strong>, \u015fi \u015feful Poli\u0163iei Locale Reca\u015f, <strong>Doru Berzescu<\/strong>.\n<\/p>\n<p>\n\tPotrivit unor surse judiciare, citate de Mediafax, Titu Bojin a fost chemat la DNA pentru a da explica\u0163ii, dup\u0103 ce ar fi fost implicat \u00eentr-un incident rutier petrecut \u00een luna mai 2014 pe autostrada Timi\u015foara \u2013 Lugoj. La audieri a fost \u00eenso\u0163it de c\u0103tre avocatul s\u0103u. La intrarea la audieri, Titu Bojin a spus c\u0103 nu se afla el la volan \u00een acea ma\u015fin\u0103. Iar la plecarea din sediul institu\u0163iei, \u00eentrebat dac\u0103 are vreo leg\u0103tur\u0103 cu incidentul de pe autostrada Timi\u015foara \u2013 Lugoj, Titu Bojin a r\u0103spuns doar at\u00e2t: \u201e<em>Pre\u015fedintele Consiliului Jude\u0163ean nu este \u015fofer<\/em>\u201d.\n<\/p>\n<p>\n\tProcurorii au informa\u0163ii c\u0103 Titu Bojin s-ar fi aflat la volanul unui autoturism Hyundai \u015fi ar fi condus pe contrasens mai mul\u0163i kilometri, iar la un moment dat o \u015foferi\u0163\u0103 a \u00eencercat s\u0103 \u00eel evite, ajung\u00e2nd \u00eentr-un parapet. Potrivit anchetatorilor, \u015foferul autoturismului Hyundai nu ar fi oprit \u015fi \u015fi-ar fi continuat drumul, procurorii suspect\u00e2nd c\u0103 poli\u0163i\u015ftii de la IPJ Timi\u015f ar fi mu\u015famalizat acest incident rutier.\n<\/p>\n<p>\n\tLa sediul DNA Timi\u015foara a mai fost adus la audieri, tot joi dup\u0103-amiaz\u0103, \u015fi \u015feful Poli\u0163iei Rutiere Timi\u015f, Marcel Cr\u0103ciunescu, care se afl\u0103 \u00een stare de arest preventiv pentru luare de mit\u0103.\n<\/p>\n<p>\n\tLuni diminea\u0163\u0103, DNA a f\u0103cut perchezi\u0163ii la mai multe insitu\u0163ii, \u00eentre care IPJ Timi\u015f, Serviciul Circula\u0163ie Rutier\u0103 \u015fi Prim\u0103ria Reca\u015f, la locuin\u0163a \u015fefului Serviciului Circula\u0163ie Rutier\u0103 Timi\u015f, Marcel Cr\u0103ciunescu, din Ghiroda, dar \u015fi la locuin\u0163a p\u0103rin\u0163ilor acestuia, din Timi\u015foara, \u00eentr-un dosar viz\u00e2nd infrac\u0163iuni de corup\u0163ie \u015fi asimilate celor de corup\u0163ie, care ar fi fost comise \u00een perioada 2013 \u2013 2014.\n<\/p>\n<p>\n\t\u00cen urma perchezi\u0163iilor au fost re\u0163inu\u0163i \u015fi, ulterior, mar\u0163i sear\u0103, aresta\u0163i preventiv \u015feful IPJ Timi\u015f, Sorin Petru Muntean, \u015fi adjunctul s\u0103u, Florin Mircea Bolbos, precum \u015fi \u015feful Poli\u0163iei Reca\u015f, Marian Temu, to\u0163i trei pentru abuz \u00een serviciu, \u015feful Poli\u0163iei Rutiere Timi\u015f, Marcel Cr\u0103ciunescu, pentru patru infrac\u0163iuni de luare de mit\u0103, primarul ora\u015fului Reca\u015f, Teodor Pavel, pentru instigare la uzurparea func\u0163iei, la h\u0103r\u0163uire \u015fi la abuz \u00een serviciu, \u015feful Poli\u0163iei Locale Reca\u015f, Doru Berzescu (func\u0163ionar public aflat \u00een subordinea primarului ora\u015fului Reca\u015f), pentru uzurparea func\u0163iei \u015fi h\u0103r\u0163uire, \u015fi ofi\u0163erii de Poli\u0163ie Ionu\u0163 Bledea \u015fi Vasilic\u0103 G\u00eerbaci, pentru dare de mit\u0103.\n<\/p>\n<p>\n\tConform unor surse judiciare, \u00een anchet\u0103 ar mai fi viza\u0163i prefectul jude\u0163ului Timi\u015f, <strong>Eugen Dogariu<\/strong>, \u015fi omul de afaceri <strong>Eugen Milutinovici<\/strong>, so\u0163ul directorului DGASPC Timi\u015f, Emilia Milutinovici, care este \u015fi pre\u015fedintele Organiza\u0163iei de Femei a PSD Timi\u015f.<\/p>\n<div id=\"metaslider-id-56545\" class=\"ml-slider-3-18-9 metaslider metaslider-responsive metaslider-56545 ml-slider nav-hidden nav-hidden nav-hidden\">\n<div id=\"metaslider_container_56545\">\n<ul id=\"metaslider_56545\" class=\"rslides\">\n<li><a href=\"https:\/\/www.iuliustown.ro\/ro\/winter-sale\" target=\"_blank\"><img decoding=\"async\" width=\"610\" height=\"260\" loading=\"lazy\" title=\"Banner Iulius Town - Winter Sales - ianuarie 2025 - 610x260\" class=\"slider-56545 slide-61078 lazyload\" src=\"https:\/\/analyse.optim.biz\/wp-content\/uploads\/2026\/01\/banner-iulius-town-winter-sales-ianuarie-2025-610x260-1-168.png\"><img decoding=\"async\" width=\"610\" height=\"260\" src=\"https:\/\/analyse.optim.biz\/wp-content\/uploads\/2026\/01\/banner-iulius-town-winter-sales-ianuarie-2025-610x260-1-168.png\" class=\"slider-56545 slide-61078\" loading=\"lazy\" title=\"Banner Iulius Town - Winter Sales - ianuarie 2025 - 610x260\"><\/a><\/li>\n<\/ul>\n<\/div>\n<\/div>\n<div class=\"printfriendly pf-alignright\"><a href=\"https:\/\/timpolis.ro\/titu-bojin-suspectat-de-implicare-intr-un-accident-musamalizat-de-politia-timis\/\" rel=\"nofollow\" title=\"Printer Friendly, PDF &amp; Email\"><img decoding=\"async\" alt=\"Print Friendly, PDF &amp; Email\" class=\"lazyload\" src=\"https:\/\/analyse.optim.biz\/wp-content\/uploads\/2026\/01\/print-button-168.png\" title=\"print-button-168\"><img decoding=\"async\" src=\"https:\/\/analyse.optim.biz\/wp-content\/uploads\/2026\/01\/print-button-168.png\" alt=\"Print Friendly, PDF &amp; Email\" title=\"print-button-168\"><\/a><\/div>\n<\/div>\n<p> Source URL: https:\/\/timpolis.ro\/titu-bojin-suspectat-de-implicare-intr-un-accident-musamalizat-de-politia-timis\/<\/p>\n","protected":false},"excerpt":{"rendered":"<p>Pre\u015fedintele CJ Timi\u015f, Titu Bojin, a declarat, joi, dup\u0103 audierile la DNA, \u00een dosarul \u00een care mai mul\u0163i \u015fefi din cadrul Poli\u0163iei Jude\u0163ului Timi\u015f sunt aresta\u0163i preventiv pentru fapte de corup\u0163ie, c\u0103 \u201enu este \u015fofer\u201d, refuz\u00e2nd s\u0103 dea alte detalii \u00een privin\u0163a unui accident rutier \u00een care ar fi fost implicat \u00een 2014. \u00a0 Pre\u015fedintele [&hellip;]<\/p>\n","protected":false},"author":1,"featured_media":0,"comment_status":"open","ping_status":"","sticky":false,"template":"","format":"standard","meta":{"footnotes":""},"categories":[89],"tags":[202],"class_list":["post-1468720","post","type-post","status-publish","format-standard","hentry","category-romania","tag-timpolis-ro"],"_links":{"self":[{"href":"https:\/\/analyse.optim.biz\/index.php?rest_route=\/wp\/v2\/posts\/1468720","targetHints":{"allow":["GET"]}}],"collection":[{"href":"https:\/\/analyse.optim.biz\/index.php?rest_route=\/wp\/v2\/posts"}],"about":[{"href":"https:\/\/analyse.optim.biz\/index.php?rest_route=\/wp\/v2\/types\/post"}],"author":[{"embeddable":true,"href":"https:\/\/analyse.optim.biz\/index.php?rest_route=\/wp\/v2\/users\/1"}],"replies":[{"embeddable":true,"href":"https:\/\/analyse.optim.biz\/index.php?rest_route=%2Fwp%2Fv2%2Fcomments&post=1468720"}],"version-history":[{"count":0,"href":"https:\/\/analyse.optim.biz\/index.php?rest_route=\/wp\/v2\/posts\/1468720\/revisions"}],"wp:attachment":[{"href":"https:\/\/analyse.optim.biz\/index.php?rest_route=%2Fwp%2Fv2%2Fmedia&parent=1468720"}],"wp:term":[{"taxonomy":"category","embeddable":true,"href":"https:\/\/analyse.optim.biz\/index.php?rest_route=%2Fwp%2Fv2%2Fcategories&post=1468720"},{"taxonomy":"post_tag","embeddable":true,"href":"https:\/\/analyse.optim.biz\/index.php?rest_route=%2Fwp%2Fv2%2Ftags&post=1468720"}],"curies":[{"name":"wp","href":"https:\/\/api.w.org\/{rel}","templated":true}]}}