{"id":1468529,"date":"2015-02-13T05:51:52","date_gmt":"2015-02-13T02:51:52","guid":{"rendered":"https:\/\/analyse.optim.biz\/?p=1468529"},"modified":"2015-02-13T05:51:52","modified_gmt":"2015-02-13T02:51:52","slug":"tanar-cautat-pentru-o-crima-comisa-cu-zece-luni-in-urma-gasit-in-timisoara","status":"publish","type":"post","link":"https:\/\/analyse.optim.biz\/?p=1468529","title":{"rendered":"T\u00e2n\u0103r c\u0103utat pentru o crim\u0103 comis\u0103 cu zece luni \u00een urm\u0103, g\u0103sit \u00een Timi\u015foara"},"content":{"rendered":"<div class=\"pf-content\">\n<p><a href=\"http:\/\/timpolis.ro\/wp-content\/uploads\/2015\/02\/Politia-emblema.jpg\"><img decoding=\"async\" loading=\"lazy\" alt=\"Politia emblema\" height=\"246\" title=\"Politia emblema\" width=\"246\" class=\"alignright size-medium wp-image-13088 lazyload\" src=\"https:\/\/analyse.optim.biz\/wp-content\/uploads\/2026\/01\/politia-emblema-270x270-1.jpg\"><\/a><\/p>\n<p><img decoding=\"async\" loading=\"lazy\" alt=\"Politia emblema\" class=\"alignright size-medium wp-image-13088\" height=\"246\" src=\"https:\/\/analyse.optim.biz\/wp-content\/uploads\/2026\/01\/politia-emblema-270x270-1.jpg\" title=\"Politia emblema\" width=\"246\"><strong>Un d\u00e2mbovi\u0163ean dat \u00een urm\u0103rire na\u0163ional\u0103 \u015fi interna\u0163ional\u0103 pentru o crim\u0103 comis\u0103 cu aproximativ zece luni \u00een urm\u0103, \u00eempreun\u0103 cu un alt b\u0103rbat prins luna trecut\u0103 la T\u00e2rgovi\u015fte, a fost g\u0103sit de poli\u0163i\u015fti \u00eentr-o sal\u0103 de sport din Timi\u015foara.<\/strong><\/p>\n<p>\n\t\u00a0\n<\/p>\n<p>\n\tPurt\u0103torul de cuv\u00e2nt al Inspectoratului de Poli\u0163ie al jude\u0163ului Timi\u015f, <strong>Mirela Dr\u0103ghicioiu<\/strong>, anun\u0163\u0103 c\u0103 b\u0103rbatul, un t\u00e2n\u0103r de 27 de ani, din D\u00e2mbovi\u0163a, c\u0103utat pentru omor, a fost depistat de c\u0103tre poli\u0163i\u015ftii Serviciului de Investiga\u0163ii Criminale din Timi\u015foara \u00een colaborare cu SIC D\u00e2mbovi\u0163a, \u00eentr-o sal\u0103 de sport din Timi\u015foara. Acesta era dat \u00een urm\u0103rire na\u0163ional\u0103 \u015fi interna\u0163ional\u0103, din noiembrie 2014. \u201e<em>B\u0103rbatul este c\u0103utat pentru un omor comis \u00een aprilie 2014, \u00een localitatea Doice\u015fti, din D\u00e2mbovi\u0163a. Tribunalul din D\u00e2mbovi\u0163a a emis mandat de arestare 30 de zile pe numele acestuia, el urm\u00e2nd s\u0103 fie escortat \u015fi predat autorit\u0103\u0163ilor din D\u00e2mbovi\u0163a\u201d,<\/em> mai spune, citat\u0103 de Mediafax, Mirela Dr\u0103ghicioiu.\n<\/p>\n<p>\n\tPotrivit poli\u0163i\u015ftilor, t\u00e2n\u0103rul care a fost prins \u00een Timi\u015foara, \u00eempreun\u0103 cu un altul care a fost depistat \u015fi prins la \u00eenceputul acestui an \u00een T\u00e2rgovi\u015fte, ar fi ucis, \u00een aprilie 2014, un alt t\u00e2n\u0103r din localitatea d\u00e2mbovi\u0163ean\u0103 Doice\u015fti. Victima celor doi a fost Valeriu Cosmin Avram, \u00een v\u00e2rst\u0103 de 27 de ani, care era cercetat, la r\u00e2ndul s\u0103u, pentru trafic de droguri. Acesta a fost g\u0103sit mort pe un deal, la c\u00e2teva sute de metri de locuin\u0163a sa, av\u00e2nd mai multe lovituri de cu\u0163it la g\u00e2t \u015fi abdomen, dar \u015fi un picior sec\u0163ionat.\n<\/p>\n<p>\n\tPoli\u0163i\u015ftii mai spun c\u0103 ma\u015fina celui decedat a fost g\u0103sit\u0103 de c\u0103tre familia victimei, cu motorul pornit \u015fi geamurile sparte, pe strada unde acesta locuia. Cu c\u00e2teva luni \u00eenainte de crim\u0103, \u00een urma unor perchezi\u0163ii domiciliare poli\u0163i\u015ftii g\u0103siser\u0103 droguri \u00een locuin\u0163a lui Valeriu Cosmin Avram.\n<\/p>\n<p>\n\tPoli\u0163i\u015ftii mai spun c\u0103, imediat dup\u0103 crim\u0103, i-au identificat pe autori, cunoscu\u0163i \u00een lumea interlop\u0103 din D\u00e2mbovi\u0163a, \u00eens\u0103 ace\u015ftia p\u0103r\u0103siser\u0103 \u0163ara.\n<\/p>\n<p>\n\tPrimul dintre cei doi suspec\u0163i a fost g\u0103sit \u00een luna ianuarie a acestui an \u00een T\u00e2rgovi\u015fte. Cel de-al doilea, care a fost prins joi sear\u0103 la Timi\u015foara, a stat mai multe luni \u00een Germania, iar de aproximativ dou\u0103 luni se afla \u00een Timi\u015foara.<\/p>\n<div id=\"metaslider-id-56545\" class=\"ml-slider-3-18-9 metaslider metaslider-responsive metaslider-56545 ml-slider nav-hidden nav-hidden nav-hidden\">\n<div id=\"metaslider_container_56545\">\n<ul id=\"metaslider_56545\" class=\"rslides\">\n<li><a href=\"https:\/\/www.iuliustown.ro\/ro\/winter-sale\" target=\"_blank\"><img decoding=\"async\" width=\"610\" height=\"260\" loading=\"lazy\" title=\"Banner Iulius Town - Winter Sales - ianuarie 2025 - 610x260\" class=\"slider-56545 slide-61078 lazyload\" src=\"https:\/\/analyse.optim.biz\/wp-content\/uploads\/2026\/01\/banner-iulius-town-winter-sales-ianuarie-2025-610x260-1-160.png\"><img decoding=\"async\" width=\"610\" height=\"260\" src=\"https:\/\/analyse.optim.biz\/wp-content\/uploads\/2026\/01\/banner-iulius-town-winter-sales-ianuarie-2025-610x260-1-160.png\" class=\"slider-56545 slide-61078\" loading=\"lazy\" title=\"Banner Iulius Town - Winter Sales - ianuarie 2025 - 610x260\"><\/a><\/li>\n<\/ul>\n<\/div>\n<\/div>\n<div class=\"printfriendly pf-alignright\"><a href=\"https:\/\/timpolis.ro\/tanar-cautat-pentru-o-crima-comisa-cu-zece-luni-in-urma-gasit-in-timisoara\/\" rel=\"nofollow\" title=\"Printer Friendly, PDF &amp; Email\"><img decoding=\"async\" alt=\"Print Friendly, PDF &amp; Email\" class=\"lazyload\" src=\"https:\/\/analyse.optim.biz\/wp-content\/uploads\/2026\/01\/print-button-160.png\" title=\"print-button-160\"><img decoding=\"async\" src=\"https:\/\/analyse.optim.biz\/wp-content\/uploads\/2026\/01\/print-button-160.png\" alt=\"Print Friendly, PDF &amp; Email\" title=\"print-button-160\"><\/a><\/div>\n<\/div>\n<p> Source URL: https:\/\/timpolis.ro\/tanar-cautat-pentru-o-crima-comisa-cu-zece-luni-in-urma-gasit-in-timisoara\/<\/p>\n","protected":false},"excerpt":{"rendered":"<p>Un d\u00e2mbovi\u0163ean dat \u00een urm\u0103rire na\u0163ional\u0103 \u015fi interna\u0163ional\u0103 pentru o crim\u0103 comis\u0103 cu aproximativ zece luni \u00een urm\u0103, \u00eempreun\u0103 cu un alt b\u0103rbat prins luna trecut\u0103 la T\u00e2rgovi\u015fte, a fost g\u0103sit de poli\u0163i\u015fti \u00eentr-o sal\u0103 de sport din Timi\u015foara. \u00a0 Purt\u0103torul de cuv\u00e2nt al Inspectoratului de Poli\u0163ie al jude\u0163ului Timi\u015f, Mirela Dr\u0103ghicioiu, anun\u0163\u0103 c\u0103 b\u0103rbatul, [&hellip;]<\/p>\n","protected":false},"author":1,"featured_media":0,"comment_status":"open","ping_status":"","sticky":false,"template":"","format":"standard","meta":{"footnotes":""},"categories":[89],"tags":[202],"class_list":["post-1468529","post","type-post","status-publish","format-standard","hentry","category-romania","tag-timpolis-ro"],"_links":{"self":[{"href":"https:\/\/analyse.optim.biz\/index.php?rest_route=\/wp\/v2\/posts\/1468529","targetHints":{"allow":["GET"]}}],"collection":[{"href":"https:\/\/analyse.optim.biz\/index.php?rest_route=\/wp\/v2\/posts"}],"about":[{"href":"https:\/\/analyse.optim.biz\/index.php?rest_route=\/wp\/v2\/types\/post"}],"author":[{"embeddable":true,"href":"https:\/\/analyse.optim.biz\/index.php?rest_route=\/wp\/v2\/users\/1"}],"replies":[{"embeddable":true,"href":"https:\/\/analyse.optim.biz\/index.php?rest_route=%2Fwp%2Fv2%2Fcomments&post=1468529"}],"version-history":[{"count":0,"href":"https:\/\/analyse.optim.biz\/index.php?rest_route=\/wp\/v2\/posts\/1468529\/revisions"}],"wp:attachment":[{"href":"https:\/\/analyse.optim.biz\/index.php?rest_route=%2Fwp%2Fv2%2Fmedia&parent=1468529"}],"wp:term":[{"taxonomy":"category","embeddable":true,"href":"https:\/\/analyse.optim.biz\/index.php?rest_route=%2Fwp%2Fv2%2Fcategories&post=1468529"},{"taxonomy":"post_tag","embeddable":true,"href":"https:\/\/analyse.optim.biz\/index.php?rest_route=%2Fwp%2Fv2%2Ftags&post=1468529"}],"curies":[{"name":"wp","href":"https:\/\/api.w.org\/{rel}","templated":true}]}}