{"id":1467788,"date":"2026-01-27T22:00:16","date_gmt":"2026-01-27T19:00:16","guid":{"rendered":"https:\/\/analyse.optim.biz\/?p=1467788"},"modified":"2026-01-27T22:00:16","modified_gmt":"2026-01-27T19:00:16","slug":"liga-florilor-astazi-de-la-17-30-scm-ramnicu-valcea-rapid-bucuresti","status":"publish","type":"post","link":"https:\/\/analyse.optim.biz\/?p=1467788","title":{"rendered":"LIGA FLORILOR. AST\u0102ZI, DE LA 17.30, SCM R\u00c2MNICU V\u00c2LCEA \u2013 RAPID BUCURE\u0218TI."},"content":{"rendered":"<article id=\"196090\" class=\"post-196090 post type-post status-publish format-standard has-post-thumbnail hentry category-handbal category-headlines category-sport\">\n<header class=\"post-header\">\n<ul class=\"breadcrumbs\">\n<li><a href=\"https:\/\/www.curierul.ro\">Home<\/a><\/li>\n<li class=\"breadcrumbs-active .category-handbal\"><a href=\"https:\/\/www.curierul.ro\/index.php?cat=4\">Handbal<\/a><\/li>\n<li class=\"breadcrumbs-active .category-handbal\">LIGA FLORILOR. AST\u0102ZI, DE LA 17.30, SCM R\u00c2MNICU V\u00c2LCEA \u2013 RAPID BUCURE\u0218TI.<\/li>\n<\/ul>\n<div class=\"featured-photo\"><img loading=\"lazy\" decoding=\"async\" width=\"1220\" height=\"1140\" src=\"https:\/\/analyse.optim.biz\/wp-content\/uploads\/2026\/01\/img-20260127-wa0005-1.jpg\" class=\"attachment-single size-single wp-post-image\" title=\"img-20260127-wa0005-1\"><\/div>\n<h1 class=\"headline\">LIGA FLORILOR. AST\u0102ZI, DE LA 17.30, SCM R\u00c2MNICU V\u00c2LCEA \u2013 RAPID BUCURE\u0218TI.<\/h1>\n<p class=\"byline\">\n\t\tScris de<a href=\"https:\/\/www.curierul.ro\/author\/gabi\/\">Gabriel S\u0103ndulescu<\/a>, \t\t28 ianuarie 2026\t\t\t\t<\/p>\n<hr>\n<\/header>\n<p>\u00cei este dat echipei de handbal SCM R\u00e2mnicu V\u00e2lcea s\u0103 tr\u0103iasc\u0103 la cote de tensiune \u00eenalte fiecare partid\u0103 din Liga Florilor, \u00een acest sezon. A\u0219adar, nu face excep\u021bie meciul de ast\u0103zi cu Rapid, anun\u021bat de un echilibru major. Mai ales c\u0103 v\u00e2lcencele nu au mai c\u00e2\u0219tigat \u00eempotriva rapidistelor tocmai din octombrie 2022.<\/p>\n<p>\u27a1\ufe0fRapidul vine dup\u0103 o serie de \u0219ase partide f\u0103r\u0103 \u00eenfr\u00e2ngere, cu trei remize, \u00eentre care, totu\u0219i, cele cu Tertnes \u0219i Locomotiva Zagreb mai degrab\u0103 dezam\u0103gitoare. Kassoma r\u0103m\u00e2ne pericolul etern, dar \u0219i centrii Polman \u0219i Lopes sunt juc\u0103toare care pot face diferen\u021ba oric\u00e2nd, de asemenea extrema Korsos, un valoros punct fix al echipei \u00een ultimii ani. \u00cen prezent pe locul 7, cu o partid\u0103 \u00een minus, rapidistele alc\u0103tuiesc o forma\u021bie imprevizibil\u0103, parc\u0103 \u00een cre\u0219tere de form\u0103 \u00een ultimele s\u0103pt\u0103m\u00e2ni. Rapid nu este \u00eens\u0103 invincibil\u0103, vezi mai ales meciurile amintite mai sus, cu echipe mai slab cotate.<\/p>\n<p>\u27a1\ufe0fV\u00e2lcea a avut un antrenament bun la T\u00e2rgu Mure\u0219 \u00een Cupa Rom\u00e2niei, balansat poate de oboseala deplas\u0103rii. Dar are proasp\u0103t\u0103 amintirea victoriei cu Br\u0103ila, o infuzie de moral binevenit\u0103, ob\u021binut\u0103 cu voin\u021b\u0103 \u0219i determinare. \u00centr-o aren\u0103 plin\u0103 \u0219i fierbinte, cum trebuie s\u0103 fie ast\u0103zi Polivalenta, v\u00e2lcencele se pot scutura de negativul ultimelor rezultate cu giule\u0219tencele, pentru a rupe seria favorabil\u0103 a acestora. \u0218i pentru a mai face un pas spre Europa sezonului viitor.<\/p>\n<p>\u203c\ufe0fO s\u0103 repet mereu: f\u0103r\u0103 locuri libere \u00een tribune \u0219i atmosfer\u0103 senza\u021bional\u0103! Pentru c\u0103 vrem, dar trebuie s\u0103 \u0219i d\u0103m !<\/p>\n<p>\ud83d\udcccSCM R\u00e2mnicu V\u00e2lcea \u2013 Rapid Bucure\u0219ti, ora 17.30, sala Traian.<br \/>\ud83d\udcfaMeciul nu este televizat.<\/p>\n<div class=\"sharedaddy sd-sharing-enabled\">\n<div class=\"robots-nocontent sd-block sd-social sd-social-official sd-sharing\">\n<h3 class=\"sd-title\">Distribuie pe:<\/h3>\n<div class=\"sd-content\">\n<ul>\n<li class=\"share-facebook\">\n<li class=\"share-twitter\"><a href=\"https:\/\/twitter.com\/share\" class=\"twitter-share-button\" data-url=\"https:\/\/www.curierul.ro\/liga-florilor-astazi-de-la-17-30-scm-ramnicu-valcea-rapid-bucuresti\/\" data-text=\"LIGA FLORILOR. AST\u0102ZI, DE LA 17.30, SCM R\u00c2MNICU V\u00c2LCEA - RAPID BUCURE\u0218TI.\" data-via=\"curierulvl\">Tweet<\/a><\/li>\n<li class=\"share-jetpack-whatsapp\"><a rel=\"nofollow noopener noreferrer\" data-shared=\"sharing-whatsapp-196090\" class=\"share-jetpack-whatsapp sd-button\" href=\"https:\/\/www.curierul.ro\/liga-florilor-astazi-de-la-17-30-scm-ramnicu-valcea-rapid-bucuresti\/?share=jetpack-whatsapp\" target=\"_blank\" aria-labelledby=\"sharing-whatsapp-196090\"><span id=\"sharing-whatsapp-196090\" hidden>D\u0103 clic pentru partajare pe WhatsApp(Se deschide \u00eentr-o fereastr\u0103 nou\u0103)<\/span><span>WhatsApp<\/span><\/a><\/li>\n<li><a href=\"https:\/\/www.curierul.ro\/liga-florilor-astazi-de-la-17-30-scm-ramnicu-valcea-rapid-bucuresti\/\" class=\"sharing-anchor sd-button share-more\"><span>Mai mult<\/span><\/a><\/li>\n<li class=\"share-end\"><\/ul>\n<div class=\"sharing-hidden\">\n<div class=\"inner\">\n<ul>\n<li class=\"share-email\"><a rel=\"nofollow noopener noreferrer\" data-shared=\"sharing-email-196090\" class=\"share-email sd-button\" href=\"mailto:?subject=%5BArticol%20partajat%5D%20LIGA%20FLORILOR.%20AST%C4%82ZI%2C%20DE%20LA%2017.30%2C%20SCM%20R%C3%82MNICU%20V%C3%82LCEA%20-%20RAPID%20BUCURE%C8%98TI.&amp;body=https%3A%2F%2Fwww.curierul.ro%2Fliga-florilor-astazi-de-la-17-30-scm-ramnicu-valcea-rapid-bucuresti%2F&amp;share=email\" target=\"_blank\" aria-labelledby=\"sharing-email-196090\" data-email-share-error-title=\"\u021ai-ai configurat emailul?\" data-email-share-error-text=\"Dac\u0103 ai probleme la partajarea prin email, probabil nu ai configurat emailul pentru navigator. Poate trebuie s\u0103 creezi singur un email nou.\" data-email-share-nonce=\"6f836666cc\" data-email-share-track-url=\"https:\/\/www.curierul.ro\/liga-florilor-astazi-de-la-17-30-scm-ramnicu-valcea-rapid-bucuresti\/?share=email\"><span id=\"sharing-email-196090\" hidden>D\u0103 clic pentru a trimite o leg\u0103tur\u0103 prin email unui prieten(Se deschide \u00eentr-o fereastr\u0103 nou\u0103)<\/span><span>Email<\/span><\/a><\/li>\n<li class=\"share-print\"><a rel=\"nofollow noopener noreferrer\" data-shared=\"sharing-print-196090\" class=\"share-print sd-button\" href=\"https:\/\/www.curierul.ro\/liga-florilor-astazi-de-la-17-30-scm-ramnicu-valcea-rapid-bucuresti\/#print?share=print\" target=\"_blank\" aria-labelledby=\"sharing-print-196090\"><span id=\"sharing-print-196090\" hidden>D\u0103 clic pentru a imprima(Se deschide \u00eentr-o fereastr\u0103 nou\u0103)<\/span><span>Imprimare<\/span><\/a><\/li>\n<li class=\"share-end\"><\/ul>\n<\/div>\n<\/div>\n<\/div>\n<\/div>\n<\/div>\n<div id=\"jp-relatedposts\" class=\"jp-relatedposts\">\n<h3 class=\"jp-relatedposts-headline\"><em>Similare<\/em><\/h3>\n<\/div>\n<footer class=\"post-footer\">\n<div class=\"post-navigation clearfix\">\n<div class=\"previous-post\">\n<div class=\"featured-photo\"><img loading=\"lazy\" decoding=\"async\" width=\"1219\" height=\"1106\" src=\"https:\/\/analyse.optim.biz\/wp-content\/uploads\/2026\/01\/img-20260127-wa0010-2.jpg\" class=\"attachment-post-thumbnail size-post-thumbnail wp-post-image\" title=\"img-20260127-wa0010-2\"><\/div>\n<p class=\"paginate-title\">\u00ab\u00ab <a href=\"https:\/\/www.curierul.ro\/baschet-masculin-cs-valcea-1924-csm-oradea-derby-de-la-ora-20\/\" rel=\"prev\">BASCHET MASCULIN. CS V\u00c2LCEA 1924 \u2013 CSM ORADEA, DERBY DE LA ORA 20.<\/a><\/p>\n<\/div>\n<\/div>\n<div id=\"comments\" class=\"comments-area\">\n<div id=\"respond\" class=\"comment-respond\">\n<h3 id=\"reply-title\" class=\"comment-reply-title\">Po\u021bi comenta aici<small><a rel=\"nofollow\" id=\"cancel-comment-reply-link\" href=\"https:\/\/www.curierul.ro\/liga-florilor-astazi-de-la-17-30-scm-ramnicu-valcea-rapid-bucuresti\/#respond\">Anuleaz\u0103 r\u0103spunsul<\/a><\/small><\/h3>\n<\/div>\n<p class=\"akismet_comment_form_privacy_notice\">Acest site folose\u0219te Akismet pentru a reduce spamul. <a href=\"https:\/\/akismet.com\/privacy\/\" target=\"_blank\" rel=\"nofollow noopener\">Afl\u0103 cum sunt procesate datele comentariilor tale<\/a>.<\/p>\n<\/div>\n<section class=\"latest-category clearfix\">\n<h2 class=\"title\">More Stories From Handbal<\/h2>\n<div class=\"stories-container\">\n<article id=\"related-196052\" class=\"story post-196052 post type-post status-publish format-standard has-post-thumbnail hentry category-handbal category-headlines category-sport\">\n<div class=\"photo\"><img decoding=\"async\" width=\"735\" height=\"440\" src=\"https:\/\/analyse.optim.biz\/wp-content\/uploads\/2026\/01\/junioare-handbal-5.jpeg\" class=\"attachment-giornalismo-single size-giornalismo-single wp-post-image\" loading=\"lazy\" title=\"junioare-handbal-5\"><\/div>\n<p class=\"headline\"><a href=\"https:\/\/www.curierul.ro\/scm-ramnicu-valcea-csm-targu-mures-50-19-in-cupa-romaniei-victorie-si-la-junioare\/\">SCM R\u00c2MNICU V\u00c2LCEA \u2013 CSM T\u00c2RGU MURE\u0218 50-19, \u00ceN CUPA ROM\u00c2NIEI. VICTORIE \u0218I LA JUNIOARE<\/a><\/p>\n<\/article>\n<article id=\"related-195996\" class=\"story post-195996 post type-post status-publish format-standard has-post-thumbnail hentry category-handbal category-sport\">\n<div class=\"photo\"><img decoding=\"async\" width=\"735\" height=\"440\" src=\"https:\/\/analyse.optim.biz\/wp-content\/uploads\/2026\/01\/img-20260118-wa0003-9.jpg\" class=\"attachment-giornalismo-single size-giornalismo-single wp-post-image\" loading=\"lazy\" title=\"img-20260118-wa0003-9\"><\/div>\n<p class=\"headline\"><a href=\"https:\/\/www.curierul.ro\/liga-florilor-declaratii-dupa-valcea-braila-29-28-florentin-pera-soren-norgaard-si-valeria-kirdiasheva\/\">LIGA FLORILOR. DECLARA\u021aII DUP\u0102 V\u00c2LCEA \u2013 BR\u0102ILA 29-28. FLORENTIN PERA, SOREN NORGAARD \u0218I VALERIA KIRDIASHEVA<\/a><\/p>\n<\/article>\n<article id=\"related-195993\" class=\"story post-195993 post type-post status-publish format-standard has-post-thumbnail hentry category-handbal category-headlines category-sport\">\n<div class=\"photo\"><img decoding=\"async\" width=\"735\" height=\"440\" src=\"https:\/\/analyse.optim.biz\/wp-content\/uploads\/2026\/01\/img-20260118-wa0001-16.jpg\" class=\"attachment-giornalismo-single size-giornalismo-single wp-post-image\" loading=\"lazy\" title=\"img-20260118-wa0001-16\"><\/div>\n<p class=\"headline\"><a href=\"https:\/\/www.curierul.ro\/liga-florilor-valcea-braila-29-28-victorie-importanta-in-lupta-pentru-europa\/\">LIGA FLORILOR. V\u00c2LCEA \u2013 BR\u0102ILA 29-28. VICTORIE IMPORTANT\u0102 \u00ceN LUPTA PENTRU EUROPA<\/a><\/p>\n<\/article>\n<\/div>\n<\/section>\n<section class=\"author-bio clearfix\">\n<div class=\"mug-shot\"><img decoding=\"async\" src=\"https:\/\/analyse.optim.biz\/wp-content\/uploads\/2026\/01\/38348b3eaa7d589402948e297c539169e25c956b894b08c27e56c621c3536fa4-32.jpg\" class=\"avatar avatar-96 photo\" height=\"96\" width=\"96\" loading=\"lazy\" title=\"38348b3eaa7d589402948e297c539169e25c956b894b08c27e56c621c3536fa4-32\"><\/div>\n<div class=\"author-info\">\n<p class=\"title\">About Gabriel S\u0103ndulescu, <\/p>\n<div class=\"author-social-area\"><a href=\"mailto:gbrlsandulescu@yahoo.com\"><span class=\"fal fa-envelope\"><span class=\"screen-reader-text\">Email the Author<\/span><\/span><\/a><\/div>\n<\/div>\n<\/section>\n<\/footer>\n<\/article>\n<article id=\"related-196052\" class=\"story post-196052 post type-post status-publish format-standard has-post-thumbnail hentry category-handbal category-headlines category-sport\">\n<div class=\"photo\"><img decoding=\"async\" width=\"735\" height=\"440\" src=\"https:\/\/analyse.optim.biz\/wp-content\/uploads\/2026\/01\/junioare-handbal-5.jpeg\" class=\"attachment-giornalismo-single size-giornalismo-single wp-post-image\" loading=\"lazy\" title=\"junioare-handbal-5\"><\/div>\n<p class=\"headline\"><a href=\"https:\/\/www.curierul.ro\/scm-ramnicu-valcea-csm-targu-mures-50-19-in-cupa-romaniei-victorie-si-la-junioare\/\">SCM R\u00c2MNICU V\u00c2LCEA \u2013 CSM T\u00c2RGU MURE\u0218 50-19, \u00ceN CUPA ROM\u00c2NIEI. VICTORIE \u0218I LA JUNIOARE<\/a><\/p>\n<\/article>\n<article id=\"related-195996\" class=\"story post-195996 post type-post status-publish format-standard has-post-thumbnail hentry category-handbal category-sport\">\n<div class=\"photo\"><img decoding=\"async\" width=\"735\" height=\"440\" src=\"https:\/\/analyse.optim.biz\/wp-content\/uploads\/2026\/01\/img-20260118-wa0003-9.jpg\" class=\"attachment-giornalismo-single size-giornalismo-single wp-post-image\" loading=\"lazy\" title=\"img-20260118-wa0003-9\"><\/div>\n<p class=\"headline\"><a href=\"https:\/\/www.curierul.ro\/liga-florilor-declaratii-dupa-valcea-braila-29-28-florentin-pera-soren-norgaard-si-valeria-kirdiasheva\/\">LIGA FLORILOR. DECLARA\u021aII DUP\u0102 V\u00c2LCEA \u2013 BR\u0102ILA 29-28. FLORENTIN PERA, SOREN NORGAARD \u0218I VALERIA KIRDIASHEVA<\/a><\/p>\n<\/article>\n<article id=\"related-195993\" class=\"story post-195993 post type-post status-publish format-standard has-post-thumbnail hentry category-handbal category-headlines category-sport\">\n<div class=\"photo\"><img decoding=\"async\" width=\"735\" height=\"440\" src=\"https:\/\/analyse.optim.biz\/wp-content\/uploads\/2026\/01\/img-20260118-wa0001-16.jpg\" class=\"attachment-giornalismo-single size-giornalismo-single wp-post-image\" loading=\"lazy\" title=\"img-20260118-wa0001-16\"><\/div>\n<p class=\"headline\"><a href=\"https:\/\/www.curierul.ro\/liga-florilor-valcea-braila-29-28-victorie-importanta-in-lupta-pentru-europa\/\">LIGA FLORILOR. V\u00c2LCEA \u2013 BR\u0102ILA 29-28. VICTORIE IMPORTANT\u0102 \u00ceN LUPTA PENTRU EUROPA<\/a><\/p>\n<\/article>\n<p> Source URL: https:\/\/www.curierul.ro\/liga-florilor-astazi-de-la-17-30-scm-ramnicu-valcea-rapid-bucuresti\/<\/p>\n","protected":false},"excerpt":{"rendered":"<p>Home Handbal LIGA FLORILOR. AST\u0102ZI, DE LA 17.30, SCM R\u00c2MNICU V\u00c2LCEA \u2013 RAPID BUCURE\u0218TI. LIGA FLORILOR. AST\u0102ZI, DE LA 17.30, SCM R\u00c2MNICU V\u00c2LCEA \u2013 RAPID BUCURE\u0218TI. Scris deGabriel S\u0103ndulescu, 28 ianuarie 2026 \u00cei este dat echipei de handbal SCM R\u00e2mnicu V\u00e2lcea s\u0103 tr\u0103iasc\u0103 la cote de tensiune \u00eenalte fiecare partid\u0103 din Liga Florilor, \u00een acest [&hellip;]<\/p>\n","protected":false},"author":1,"featured_media":1467789,"comment_status":"open","ping_status":"","sticky":false,"template":"","format":"standard","meta":{"footnotes":""},"categories":[89],"tags":[213],"class_list":["post-1467788","post","type-post","status-publish","format-standard","has-post-thumbnail","hentry","category-romania","tag-curierul-ro"],"_links":{"self":[{"href":"https:\/\/analyse.optim.biz\/index.php?rest_route=\/wp\/v2\/posts\/1467788","targetHints":{"allow":["GET"]}}],"collection":[{"href":"https:\/\/analyse.optim.biz\/index.php?rest_route=\/wp\/v2\/posts"}],"about":[{"href":"https:\/\/analyse.optim.biz\/index.php?rest_route=\/wp\/v2\/types\/post"}],"author":[{"embeddable":true,"href":"https:\/\/analyse.optim.biz\/index.php?rest_route=\/wp\/v2\/users\/1"}],"replies":[{"embeddable":true,"href":"https:\/\/analyse.optim.biz\/index.php?rest_route=%2Fwp%2Fv2%2Fcomments&post=1467788"}],"version-history":[{"count":0,"href":"https:\/\/analyse.optim.biz\/index.php?rest_route=\/wp\/v2\/posts\/1467788\/revisions"}],"wp:featuredmedia":[{"embeddable":true,"href":"https:\/\/analyse.optim.biz\/index.php?rest_route=\/wp\/v2\/media\/1467789"}],"wp:attachment":[{"href":"https:\/\/analyse.optim.biz\/index.php?rest_route=%2Fwp%2Fv2%2Fmedia&parent=1467788"}],"wp:term":[{"taxonomy":"category","embeddable":true,"href":"https:\/\/analyse.optim.biz\/index.php?rest_route=%2Fwp%2Fv2%2Fcategories&post=1467788"},{"taxonomy":"post_tag","embeddable":true,"href":"https:\/\/analyse.optim.biz\/index.php?rest_route=%2Fwp%2Fv2%2Ftags&post=1467788"}],"curies":[{"name":"wp","href":"https:\/\/api.w.org\/{rel}","templated":true}]}}