{"id":146683,"date":"2017-02-16T20:06:13","date_gmt":"2017-02-16T17:06:13","guid":{"rendered":"https:\/\/analyse.optim.biz\/?p=146683"},"modified":"2017-02-16T20:06:13","modified_gmt":"2017-02-16T17:06:13","slug":"s-grindeanu-la-bruxelles-iau-in-calcul-extrem-de-serios-o-persoana-apolitica-la-justitie","status":"publish","type":"post","link":"https:\/\/analyse.optim.biz\/?p=146683","title":{"rendered":"S. Grindeanu, la Bruxelles: Iau \u00een calcul extrem de serios o persoan\u0103 apolitic\u0103 la Justi\u0163ie"},"content":{"rendered":"<div class=\"entry data-app-meta data-app-meta-article\" data-embed-base-url-canonical=\"https:\/\/www.digi24.ro\/embed\/stiri\/actualitate\/politica\/grindeanu-iau-in-calcul-extrem-de-serios-o-persoana-apolitica-la-justitie-671348\">\n<p data-index=\"1\"><strong>Premierul Sorin Grindeanu a declarat, joi, la Bruxelles, c\u0103 se g\u00e2nde\u015fte \u201dextrem de serios\u201d s\u0103 numeasc\u0103 la Ministerul Justi\u0163iei o persoan\u0103 neafiliat\u0103 politic, el preciz\u00e2nd c\u0103 a avut discu\u0163ii cu unele persoane, iar acestea vor continua astfel \u00eenc\u00e2t o decizie s\u0103 fie luat\u0103, cel mai t\u00e2rziu, la mijlocul s\u0103pt\u0103m\u00e2nii.<\/strong><\/p>\n<p data-index=\"2\">\u201dIau extrem de \u00een serios s\u0103 propun o persoan\u0103 neimplicat\u0103 politic. Am avut discu\u0163ii cu unele persoane cu un background profesional dincolo de orice contestare. \u00cent\u00e2lnirile cu persoanele pe care le consider eligibile continu\u0103 \u00een zilele urm\u0103toare, inclusiv \u00een weekend. Cel t\u00e2rziu la mijlocul s\u0103pt\u0103m\u00e2nii viitoare o s\u0103 fac o propunere \u015fi ar putea fi o persoan\u0103 apolitic\u0103\u201d, a declarat Sorin Grindeanu.<\/p>\n<p data-index=\"3\">Sorin Grindeanu a declarat, mar\u0163i, la un post de televiziune, c\u0103 a discutat cu liderii PSD \u015fi ALDE chestiunea desemn\u0103rii noilor mini\u015ftri de la portofoliile Justi\u0163iei \u015fi Mediului de Afaceri astfel \u00eenc\u00e2t propunerile care vor fi \u00eenaintate pre\u015fedintelui Klaus Iohannis s\u0103 fie \u201dde nerefuzat\u201d. Grindeanu preciza atunci c\u0103 este posibil\u0103 \u015fi numirea unei persoane apolitice la Justi\u0163ie.<\/p>\n<p data-index=\"4\">Printre persoanele apolitice care au fost vehiculate pentru portofoliul Justi\u0163iei \u00een ultimele zile se afl\u0103 fostul pre\u015fedinte al Consiliului Superior al Magistraturii, Dan Lupa\u015fcu \u015fi pre\u015fedintele Uniunii Na\u0163ionale a Judec\u0103torilor din Rom\u00e2nia, Dana G\u00eerbovan.<\/p>\n<\/div>\n<p> Source URL: https:\/\/www.digi24.ro\/stiri\/actualitate\/politica\/grindeanu-iau-in-calcul-extrem-de-serios-o-persoana-apolitica-la-justitie-671348<\/p>\n","protected":false},"excerpt":{"rendered":"<p>Premierul Sorin Grindeanu a declarat, joi, la Bruxelles, c\u0103 se g\u00e2nde\u015fte \u201dextrem de serios\u201d s\u0103 numeasc\u0103 la Ministerul Justi\u0163iei o persoan\u0103 neafiliat\u0103 politic, el preciz\u00e2nd c\u0103 a avut discu\u0163ii cu unele persoane, iar acestea vor continua astfel \u00eenc\u00e2t o decizie s\u0103 fie luat\u0103, cel mai t\u00e2rziu, la mijlocul s\u0103pt\u0103m\u00e2nii. \u201dIau extrem de \u00een serios s\u0103 [&hellip;]<\/p>\n","protected":false},"author":1,"featured_media":146684,"comment_status":"open","ping_status":"","sticky":false,"template":"","format":"standard","meta":{"footnotes":""},"categories":[2],"tags":[11],"class_list":["post-146683","post","type-post","status-publish","format-standard","has-post-thumbnail","hentry","category-politics","tag-digi24"],"_links":{"self":[{"href":"https:\/\/analyse.optim.biz\/index.php?rest_route=\/wp\/v2\/posts\/146683","targetHints":{"allow":["GET"]}}],"collection":[{"href":"https:\/\/analyse.optim.biz\/index.php?rest_route=\/wp\/v2\/posts"}],"about":[{"href":"https:\/\/analyse.optim.biz\/index.php?rest_route=\/wp\/v2\/types\/post"}],"author":[{"embeddable":true,"href":"https:\/\/analyse.optim.biz\/index.php?rest_route=\/wp\/v2\/users\/1"}],"replies":[{"embeddable":true,"href":"https:\/\/analyse.optim.biz\/index.php?rest_route=%2Fwp%2Fv2%2Fcomments&post=146683"}],"version-history":[{"count":0,"href":"https:\/\/analyse.optim.biz\/index.php?rest_route=\/wp\/v2\/posts\/146683\/revisions"}],"wp:featuredmedia":[{"embeddable":true,"href":"https:\/\/analyse.optim.biz\/index.php?rest_route=\/wp\/v2\/media\/146684"}],"wp:attachment":[{"href":"https:\/\/analyse.optim.biz\/index.php?rest_route=%2Fwp%2Fv2%2Fmedia&parent=146683"}],"wp:term":[{"taxonomy":"category","embeddable":true,"href":"https:\/\/analyse.optim.biz\/index.php?rest_route=%2Fwp%2Fv2%2Fcategories&post=146683"},{"taxonomy":"post_tag","embeddable":true,"href":"https:\/\/analyse.optim.biz\/index.php?rest_route=%2Fwp%2Fv2%2Ftags&post=146683"}],"curies":[{"name":"wp","href":"https:\/\/api.w.org\/{rel}","templated":true}]}}