{"id":146672,"date":"2017-02-16T20:26:28","date_gmt":"2017-02-16T17:26:28","guid":{"rendered":"https:\/\/analyse.optim.biz\/?p=146672"},"modified":"2017-02-16T20:26:28","modified_gmt":"2017-02-16T17:26:28","slug":"senatorul-usr-care-doarme-in-plen-da-explicatii-pentru-al-doilea-episod","status":"publish","type":"post","link":"https:\/\/analyse.optim.biz\/?p=146672","title":{"rendered":"Senatorul USR care doarme \u00een plen d\u0103 explica\u0163ii pentru al doilea episod"},"content":{"rendered":"<div class=\"entry data-app-meta data-app-meta-article\" data-embed-base-url-canonical=\"https:\/\/www.digi24.ro\/embed\/stiri\/actualitate\/politica\/senatorul-usr-care-doarme-in-plen-da-explicatii-pentru-al-doilea-episod-671368\">\n<p data-index=\"1\"><strong>O fotografie cu unul dintre vicepre\u015fedin\u0163ii Senatului dormind \u00een plen face \u00eenconjurul internetului, sub titlul \u201eSenatorul USR recidiveaz\u0103&#8221;. Protagonistul, Mihai Go\u0163iu, sus\u0163ine c\u0103 fotografia nu este real\u0103. Este pentru a doua oar\u0103 c\u00e2nd e pus \u00een aceast\u0103 situa\u0163ie. Prima dat\u0103 a recunoscut c\u0103 a a\u0163ipit. A dat vina pe nop\u0163ile petrecute \u00een Parlament, \u00een semn de solidaritate cu protestatatrii din Pia\u0163a Victoriei, \u015fi pe dezbaterile lungi la legea bugetului.<\/strong><\/p>\n<p data-index=\"2\">A doua fotografie cu Mihai Go\u0163iu a\u0163ipit \u00een plen a fost postat\u0103 de senator pe pagina sa de socializare. Explica\u0163iile le-a dat tot pe Facebook. Ar fi clipit exact \u00een momentul \u00een care s-a f\u0103cut captura foto de pe un monitor \u00een care rulau imagini din timpul \u015fedin\u0163ei.<\/p>\n<p data-index=\"3\">\u201ePentru c\u0103 nu m-am <span lang=\"en-US\">&lt;&lt;<\/span>cumin\u021bit<span lang=\"en-US\">&gt;&gt;<\/span> \u0219i m-am b\u0103tut ca <span lang=\"en-US\">L<\/span>egea de adoptare a Ordonan\u021bei 13 s\u0103 fie respins\u0103 \u00eenaintea Legii de adoptare a Ordonan\u021bei 14, \u0219i pentru c\u0103 luni seara mi-am <span lang=\"en-US\">&lt;&lt;<\/span>permis<span lang=\"en-US\">&gt;&gt;<\/span> s\u0103-i interpelez pe mini\u0219trii Educa\u021biei \u0219i Cercet\u0103rii pe tema <span lang=\"en-US\">&lt;&lt;<\/span>reorganiz\u0103rii<span lang=\"en-US\">&gt;&gt;<\/span> consiliilor consultative, am devenit \u021binta unui nou atac<span lang=\"en-US\">\u201d<\/span>, a scris Mihai Go\u0163iu pe Facebook.<\/p>\n<p data-index=\"4\">Acum, senatorul a revenit cu explica\u0163iile. A postat \u015fi o dovad\u0103 video din timpul \u015fedin\u0163ei de miercuri, cu interpelarea f\u0103cut\u0103 la adresa ministrului Educa\u0163iei \u015fi a ministrului Cercet\u0103rii. Parlamentarul sus\u0163ine c\u0103 \u015fi-a f\u0103cut treaba \u015fi c\u0103 nu a dormit la locul de munc\u0103. \u015ei a atras aten\u0163ia c\u0103 problema care ar trebui s\u0103 preocupe lumea e alta &#8211; cea a chiulangiilor.<\/p>\n<p data-index=\"5\">\u201e&#8230;pentru c\u0103 \u00een sal\u0103 erau maximum 20 (dou\u0103zeci) de senatori (din 136), majoritatea de la USR. Dar chiulitul \u00een mas\u0103 al senatorilor (de\u0219i prezen\u021ba este semnat\u0103 pentru toat\u0103 ziua!) nu pare s\u0103 le fi atras aten\u021bia&#8221;\u201d, comenteaz\u0103 acesta.<\/p>\n<p data-index=\"6\">S\u0103pt\u0103m\u00e2na trecut\u0103, senatorul USR a fost fotografiat c\u00e2nd a\u0163ipise \u00een timpul dezbaterilor asupra proiectului de buget, \u00een plenul comun al Parlamenrului. Fapt\u0103 pe care \u015fi-a recunoscut-o \u015fi pentru care a decis s\u0103 doneze indemniza\u0163ia de parlamentar pe o s\u0103pt\u0103m\u00e2n\u0103.<\/p>\n<p data-index=\"7\">\u201eDomnule pre\u015fedinte, stimati colegi, inainte de a continua cu amendamentele as propune sa vbim mai incet sa nu il trezim pe colegul nostru, Go\u0163iu\u201d, l-a ironizat atunci, de la tribun\u0103, deputatul PNL Pavel Popescu.<\/p>\n<\/div>\n<p> Source URL: https:\/\/www.digi24.ro\/stiri\/actualitate\/politica\/senatorul-usr-care-doarme-in-plen-da-explicatii-pentru-al-doilea-episod-671368<\/p>\n","protected":false},"excerpt":{"rendered":"<p>O fotografie cu unul dintre vicepre\u015fedin\u0163ii Senatului dormind \u00een plen face \u00eenconjurul internetului, sub titlul \u201eSenatorul USR recidiveaz\u0103&#8221;. Protagonistul, Mihai Go\u0163iu, sus\u0163ine c\u0103 fotografia nu este real\u0103. Este pentru a doua oar\u0103 c\u00e2nd e pus \u00een aceast\u0103 situa\u0163ie. Prima dat\u0103 a recunoscut c\u0103 a a\u0163ipit. A dat vina pe nop\u0163ile petrecute \u00een Parlament, \u00een semn [&hellip;]<\/p>\n","protected":false},"author":1,"featured_media":146673,"comment_status":"open","ping_status":"","sticky":false,"template":"","format":"standard","meta":{"footnotes":""},"categories":[2],"tags":[11],"class_list":["post-146672","post","type-post","status-publish","format-standard","has-post-thumbnail","hentry","category-politics","tag-digi24"],"_links":{"self":[{"href":"https:\/\/analyse.optim.biz\/index.php?rest_route=\/wp\/v2\/posts\/146672","targetHints":{"allow":["GET"]}}],"collection":[{"href":"https:\/\/analyse.optim.biz\/index.php?rest_route=\/wp\/v2\/posts"}],"about":[{"href":"https:\/\/analyse.optim.biz\/index.php?rest_route=\/wp\/v2\/types\/post"}],"author":[{"embeddable":true,"href":"https:\/\/analyse.optim.biz\/index.php?rest_route=\/wp\/v2\/users\/1"}],"replies":[{"embeddable":true,"href":"https:\/\/analyse.optim.biz\/index.php?rest_route=%2Fwp%2Fv2%2Fcomments&post=146672"}],"version-history":[{"count":0,"href":"https:\/\/analyse.optim.biz\/index.php?rest_route=\/wp\/v2\/posts\/146672\/revisions"}],"wp:featuredmedia":[{"embeddable":true,"href":"https:\/\/analyse.optim.biz\/index.php?rest_route=\/wp\/v2\/media\/146673"}],"wp:attachment":[{"href":"https:\/\/analyse.optim.biz\/index.php?rest_route=%2Fwp%2Fv2%2Fmedia&parent=146672"}],"wp:term":[{"taxonomy":"category","embeddable":true,"href":"https:\/\/analyse.optim.biz\/index.php?rest_route=%2Fwp%2Fv2%2Fcategories&post=146672"},{"taxonomy":"post_tag","embeddable":true,"href":"https:\/\/analyse.optim.biz\/index.php?rest_route=%2Fwp%2Fv2%2Ftags&post=146672"}],"curies":[{"name":"wp","href":"https:\/\/api.w.org\/{rel}","templated":true}]}}