{"id":146628,"date":"2017-02-21T09:37:38","date_gmt":"2017-02-21T06:37:38","guid":{"rendered":"https:\/\/analyse.optim.biz\/?p=146628"},"modified":"2017-02-21T09:37:38","modified_gmt":"2017-02-21T06:37:38","slug":"confuzie-privind-oug-13-nicolicea-a-spus-ca-se-amana-votul-apoi-s-a-razgandit","status":"publish","type":"post","link":"https:\/\/analyse.optim.biz\/?p=146628","title":{"rendered":"Confuzie privind OUG 13 | Nicolicea a spus c\u0103 se am\u00e2n\u0103 votul, apoi s-a r\u0103zg\u00e2ndit"},"content":{"rendered":"<div class=\"entry data-app-meta data-app-meta-article\" data-embed-base-url-canonical=\"https:\/\/www.digi24.ro\/embed\/stiri\/actualitate\/politica\/se-amana-votul-final-pentru-oug-13-in-plenul-reunit-673694\">\n<p data-index=\"1\"><strong>Comisia Juridic\u0103 din Camera Deputa\u021bilor a aprobat legea de respingere a controversatei ordonan\u021be 13 de modificare a Codurilor Penale. Votul a venit dup\u0103 c\u00e2teva momente de confuzie, mar\u021bi diminea\u021b\u0103, c\u00e2nd d<span lang=\"en-US\">e\u015fi se \u015ftia c\u0103 va intra \u00een dezbatere \u015fi va primi votul final azi, s-a vorbit de am\u00e2nare. Pentru ca ulterior s\u0103 se decid\u0103 totu\u015fi introducerea textului pe ordinea de zi a Comisiei juridice din Camera Deputa\u0163ilor \u015fi trimiterea lui la plen. Totul, dup\u0103 ce ieri senatorii au respins proiectul abrogat de guvern.<\/span><\/strong><\/p>\n<figure class=\"article-thumb\"><img decoding=\"async\" src=\"https:\/\/analyse.optim.biz\/wp-content\/uploads\/2024\/09\/ptq4njzjymyznzm0ytdjode4otrimdqxywq2ytk1odjk-thumb_.jpg\" alt=\"Plenul Parlamentului_170104_PLEN_CABINET_GRINDEANU_13_INQUAM_Octav_Ganea\" data-skip-htmlfix=\"1\" title=\"ptq4njzjymyznzm0ytdjode4otrimdqxywq2ytk1odjk-thumb_\"><figcaption> Foto: Inquam\/ Octav Ganea <\/figcaption><\/figure>\n<p data-index=\"2\"><strong>ACTUALIZARE 11.13:<\/strong> Legea de respingere a Ordonan\u021bei 13 privind modificarea Codurilor Penale a fost aprobat\u0103 de Comisia Juridic\u0103 din Camera Deputa\u021bilor. \u00a0Raportul favorabil Legii de respingere a OUG 13 a fost adoptat \u00een comisie cu 21 de voturi \u201epentru\u201d \u015fi 3 ab\u0163ineri. <strong>Legea urmeaz\u0103 s\u0103 mearg\u0103 \u00een plen, unde va primi votul final.<\/strong><\/p>\n<hr>\n<p data-index=\"3\">\u00a0<\/p>\n<p data-index=\"4\"><strong>ACTUALIZARE 10.10:<\/strong> Pre\u0219edintele Comisiei Juridice, Eugen Nicolicea, a anun\u021bat c\u0103 votul final pe OUG 13 se va am\u00e2na deoarece nu a primit aprobare s\u0103 lucreze \u00een paralel cu plenul. Ulterior, a revenit asupra acestei declara\u021bii \u0219i a anun\u021bat c\u0103 a primit aprobarea, iar <strong>votul final pe OUG 13 se va da ast\u0103zi,<\/strong> odat\u0103 cu cel pe OUG 14.\u00a0<\/p>\n<p data-index=\"5\"><em>\u201eAm solicitat s\u0103 lucr\u0103m \u00een paralel cu plenul pentru c\u0103 a venit \u015fi OUG 13 de la Senat. O s\u0103 convoc \u015fedin\u0163a la 10.30, o s\u0103 termin\u0103m p\u00e2n\u0103 \u00een 11.00 maxim, o s\u0103 intre pe ordinea de zi \u015fi se va vota odat\u0103 cu cealalt\u0103 (cu OUG 14 \u2013 n.r.) sau una dup\u0103 alta. Altfel, aveam \u015fedin\u0163a de la 15.30s. Dar noi depindeam de \u015fedin\u0163a Biroului Permanent \u015fi nu puteam s\u0103 anticipez ce se va \u00eent\u00e2mpla\u201d<\/em>, a declarat pre\u015fedintele Comisiei Juridice, Eugen Nicolicea.<\/p>\n<p data-index=\"6\">Ini\u0163ial, proiectul de respingere a OUG 13 trebuia s\u0103 intre \u00een Comisia Juridic\u0103 a Camerei Deputa\u0163ilor la 9.30, \u015fedin\u0163a fiind am\u00e2nat\u0103 din cauz\u0103 c\u0103 Senatul nu a trimis, \u00een timp util, raportul \u00een acest sens.\u00a0<\/p>\n<p data-index=\"7\"><strong>Camera Deputa\u0163ilor este forul decizional at\u00e2t pentru proiectul de respingere a OUG 13, c\u00e2t \u015fi pentru Legea de aprobare a OUG 14.<\/strong><\/p>\n<hr>\n<p data-index=\"8\">\u00a0<\/p>\n<p data-index=\"9\">Votul final \u00een comisia Juridic\u0103 a Camerei Deputa\u021bilor\u00a0pentru ordonan\u021ba de urgen\u021b\u0103 13 privind modificarea Codurilor Penale se am\u00e2n\u0103.\u00a0Ordonan\u021ba 13 ar fi trebuit s\u0103 intre odat\u0103 cu Ordonan\u021ba de abrogare 14 \u00een plenul reunit pentru a fi votat\u0103.\u00a0<\/p>\n<p data-index=\"10\">OUG 13 nu va mai ajunge la vot \u00een plen mar\u021bi, ci doar OUG 14, care se afl\u0103 pe ordinea de zi din cauza unei \u00eencurc\u0103turi procedurale. \u0218edin\u021ba fusese programat\u0103 la ora 9:30 pentru a discuta OUG 13, care a fost luni sear\u0103 votat\u0103 \u00een Senat. Biroul Permanent, \u00eens\u0103, \u0219edin\u021ba conducerii Camerei Deputa\u021bilor a fost programat\u0103 la 9:45, astfel c\u0103 la 9:30, comisia Juridic\u0103 a constatat c\u0103 nu are actele necesare de la Senat de respingere a OUG 13, a\u0219a c\u0103 \u0219edin\u021ba a fost am\u00e2nat\u0103 pentru ora 15:30, dup\u0103 plen.<\/p>\n<p data-index=\"11\">Senatul a votat, luni, \u00eempotriva Ordonan\u0163ei chiar dac\u0103 pre\u015fedintele Camerei Superioare a refuzat s\u0103 conduc\u0103 \u015fedin\u0163a, iar parlamentarii din partidul lui Traian B\u0103sescu s-au ab\u0163inut de la vot.\u00a0<\/p>\n<p data-index=\"12\"><strong>Citi\u0163i \u015fi:<\/strong><\/p>\n<p data-index=\"13\"><strong><a href=\"http:\/\/www.digi24.ro\/stiri\/actualitate\/politica\/marturisiri-surprinzatoare-ale-premierului-grindeanu-la-bruxelles-672201\" target=\"_blank\" data-skip-linkfix=\"1\" rel=\"noopener\">M\u0103rturisiri surprinz\u0103toare ale premierului Grindeanu la Bruxelles<\/a><\/strong><\/p>\n<p class=\"card-title\" data-index=\"14\"><strong><a title=\"title\" href=\"http:\/\/www.digi24.ro\/stiri\/actualitate\/politica\/de-la-avem-voie-la-am-gresit-cum-si-a-schimbat-discursul-premierul-grindeanu-672366\" data-skip-linkfix=\"1\">De la \u201eavem voie\u201d la \u201eam gre\u0219it\u201d. Cum \u0219i-a schimbat discursul premierul Grindeanu<\/a><\/strong><\/p>\n<\/div>\n<p> Source URL: https:\/\/www.digi24.ro\/stiri\/actualitate\/politica\/se-amana-votul-final-pentru-oug-13-in-plenul-reunit-673694<\/p>\n","protected":false},"excerpt":{"rendered":"<p>Comisia Juridic\u0103 din Camera Deputa\u021bilor a aprobat legea de respingere a controversatei ordonan\u021be 13 de modificare a Codurilor Penale. Votul a venit dup\u0103 c\u00e2teva momente de confuzie, mar\u021bi diminea\u021b\u0103, c\u00e2nd de\u015fi se \u015ftia c\u0103 va intra \u00een dezbatere \u015fi va primi votul final azi, s-a vorbit de am\u00e2nare. Pentru ca ulterior s\u0103 se decid\u0103 totu\u015fi [&hellip;]<\/p>\n","protected":false},"author":1,"featured_media":146629,"comment_status":"open","ping_status":"","sticky":false,"template":"","format":"standard","meta":{"footnotes":""},"categories":[2],"tags":[11],"class_list":["post-146628","post","type-post","status-publish","format-standard","has-post-thumbnail","hentry","category-politics","tag-digi24"],"_links":{"self":[{"href":"https:\/\/analyse.optim.biz\/index.php?rest_route=\/wp\/v2\/posts\/146628","targetHints":{"allow":["GET"]}}],"collection":[{"href":"https:\/\/analyse.optim.biz\/index.php?rest_route=\/wp\/v2\/posts"}],"about":[{"href":"https:\/\/analyse.optim.biz\/index.php?rest_route=\/wp\/v2\/types\/post"}],"author":[{"embeddable":true,"href":"https:\/\/analyse.optim.biz\/index.php?rest_route=\/wp\/v2\/users\/1"}],"replies":[{"embeddable":true,"href":"https:\/\/analyse.optim.biz\/index.php?rest_route=%2Fwp%2Fv2%2Fcomments&post=146628"}],"version-history":[{"count":0,"href":"https:\/\/analyse.optim.biz\/index.php?rest_route=\/wp\/v2\/posts\/146628\/revisions"}],"wp:featuredmedia":[{"embeddable":true,"href":"https:\/\/analyse.optim.biz\/index.php?rest_route=\/wp\/v2\/media\/146629"}],"wp:attachment":[{"href":"https:\/\/analyse.optim.biz\/index.php?rest_route=%2Fwp%2Fv2%2Fmedia&parent=146628"}],"wp:term":[{"taxonomy":"category","embeddable":true,"href":"https:\/\/analyse.optim.biz\/index.php?rest_route=%2Fwp%2Fv2%2Fcategories&post=146628"},{"taxonomy":"post_tag","embeddable":true,"href":"https:\/\/analyse.optim.biz\/index.php?rest_route=%2Fwp%2Fv2%2Ftags&post=146628"}],"curies":[{"name":"wp","href":"https:\/\/api.w.org\/{rel}","templated":true}]}}