{"id":146625,"date":"2017-02-21T09:44:59","date_gmt":"2017-02-21T06:44:59","guid":{"rendered":"https:\/\/analyse.optim.biz\/?p=146625"},"modified":"2017-02-21T09:44:59","modified_gmt":"2017-02-21T06:44:59","slug":"grindeanu-politicieni-au-fost-parte-activa-a-protestelor-poate-ca-unii-au-fost-invatati-sa-guverneze-fara-alegeri","status":"publish","type":"post","link":"https:\/\/analyse.optim.biz\/?p=146625","title":{"rendered":"Grindeanu: Politicieni au fost parte activ\u0103 a protestelor; poate c\u0103 unii au fost \u00eenv\u0103\u0163a\u0163i s\u0103 guverneze f\u0103r\u0103 alegeri"},"content":{"rendered":"<div class=\"entry data-app-meta data-app-meta-article\" data-embed-base-url-canonical=\"https:\/\/www.digi24.ro\/embed\/stiri\/actualitate\/politica\/grindeanu-politicieni-au-fost-parte-activa-a-protestelor-poate-ca-unii-au-fost-invatati-sa-guverneze-fara-alegeri-673700\">\n<p data-index=\"1\"><strong>Continuarea protestelor din Pia\u0163a Victoriei chiar \u015fi dup\u0103 abrogarea Ordonan\u0163ei de Urgen\u0163\u0103 13\/2017, reprezint\u0103 \u201eo miz\u0103 politic\u0103\u201d, a declarat, luni la un post de televiziune, premierul Sorin Grindeanu. Potrivit <a href=\"http:\/\/www.news.ro\/politic-intern\/grindeanu-politicieni-au-fost-parte-activa-a-protestelor-poate-ca-unii-au-fost-invatati-sa-guverneze-fara-alegeri-1922405720252017022316657769\" target=\"_blank\" data-skip-linkfix=\"1\" rel=\"noopener\">News.ro<\/a>, el a precizat c\u0103 sunt \u201dfoarte mul\u0163i\u201d care \u00ee\u015fi doresc s\u0103 foloseasc\u0103 acest moment pentru a face politic\u0103 afirm\u00e2nd c\u0103 \u201dpoate c\u0103 unii au fost \u00eenv\u0103\u0163a\u0163i s\u0103 vin\u0103 s\u0103 guverneze f\u0103r\u0103 alegeri\u201d.<\/strong><\/p>\n<figure class=\"article-thumb\"><img decoding=\"async\" src=\"https:\/\/analyse.optim.biz\/wp-content\/uploads\/2024\/09\/emm9mszoyxnoptflymm0ngrjzjy3yjblmdzjymfmyzjlytq4zddlzjjk-thumb_.jpg\" alt=\"170118_SED_GUVERN_GRINDEANU_IORDACE_04_INQUAM_Octav_Ganea\" data-skip-htmlfix=\"1\" title=\"emm9mszoyxnoptflymm0ngrjzjy3yjblmdzjymfmyzjlytq4zddlzjjk-thumb_\"><figcaption> Foto: Inquam Photos \/ Octav Ganea <\/figcaption><\/figure>\n<p data-index=\"2\">\u201dAm luat aceste decizii de abrogare, am mers, am explicat \u015fi la Comisia European\u0103, facem lucrurile \u00een Parlament c\u00e2t se poate de transparent \u015fi legal. Continu\u0103 s\u0103 fie (proteste &#8211; n.r.) \u015fi nu v\u0103d, \u00een perioada asta, dec\u00e2t o miz\u0103 politic\u0103. Poate c\u0103 unii au fost \u00eenv\u0103\u0163a\u0163i s\u0103 vin\u0103 s\u0103 guverneze f\u0103r\u0103 alegeri. \u015ei am avut o experien\u0163\u0103 de acest tip\u201d, a declarat Sorin Grindeanu.<\/p>\n<p data-index=\"3\">Premierul a subliniat c\u0103 sunt unii politicieni care \u201dau fost parte activ\u0103\u201d a protestelor.<\/p>\n<p data-index=\"4\">\u201dDar eu vorbesc de acea parte mic\u0103. Foarte mul\u0163i \u00ee\u015fi doresc s\u0103 foloseasc\u0103 acest moment pentru a face politic\u0103. Eu cred c\u0103 este evident pentru toat\u0103 lumea lucrul acesta. Noi \u2013 coali\u0163ia, apoi- Guvernul, continu\u0103m s\u0103 punem \u00een aplicare ceea ce au votat rom\u00e2nii &#8211; programul de guvernare. \u015ei asta \u00ee\u015fi doresc rom\u00e2nii\u201d, a ar\u0103tat \u015feful Executivului.<\/p>\n<p data-index=\"5\">\u00a0<\/p>\n<\/div>\n<p> Source URL: https:\/\/www.digi24.ro\/stiri\/actualitate\/politica\/grindeanu-politicieni-au-fost-parte-activa-a-protestelor-poate-ca-unii-au-fost-invatati-sa-guverneze-fara-alegeri-673700<\/p>\n","protected":false},"excerpt":{"rendered":"<p>Continuarea protestelor din Pia\u0163a Victoriei chiar \u015fi dup\u0103 abrogarea Ordonan\u0163ei de Urgen\u0163\u0103 13\/2017, reprezint\u0103 \u201eo miz\u0103 politic\u0103\u201d, a declarat, luni la un post de televiziune, premierul Sorin Grindeanu. Potrivit News.ro, el a precizat c\u0103 sunt \u201dfoarte mul\u0163i\u201d care \u00ee\u015fi doresc s\u0103 foloseasc\u0103 acest moment pentru a face politic\u0103 afirm\u00e2nd c\u0103 \u201dpoate c\u0103 unii au fost [&hellip;]<\/p>\n","protected":false},"author":1,"featured_media":146626,"comment_status":"open","ping_status":"","sticky":false,"template":"","format":"standard","meta":{"footnotes":""},"categories":[2],"tags":[11],"class_list":["post-146625","post","type-post","status-publish","format-standard","has-post-thumbnail","hentry","category-politics","tag-digi24"],"_links":{"self":[{"href":"https:\/\/analyse.optim.biz\/index.php?rest_route=\/wp\/v2\/posts\/146625","targetHints":{"allow":["GET"]}}],"collection":[{"href":"https:\/\/analyse.optim.biz\/index.php?rest_route=\/wp\/v2\/posts"}],"about":[{"href":"https:\/\/analyse.optim.biz\/index.php?rest_route=\/wp\/v2\/types\/post"}],"author":[{"embeddable":true,"href":"https:\/\/analyse.optim.biz\/index.php?rest_route=\/wp\/v2\/users\/1"}],"replies":[{"embeddable":true,"href":"https:\/\/analyse.optim.biz\/index.php?rest_route=%2Fwp%2Fv2%2Fcomments&post=146625"}],"version-history":[{"count":0,"href":"https:\/\/analyse.optim.biz\/index.php?rest_route=\/wp\/v2\/posts\/146625\/revisions"}],"wp:featuredmedia":[{"embeddable":true,"href":"https:\/\/analyse.optim.biz\/index.php?rest_route=\/wp\/v2\/media\/146626"}],"wp:attachment":[{"href":"https:\/\/analyse.optim.biz\/index.php?rest_route=%2Fwp%2Fv2%2Fmedia&parent=146625"}],"wp:term":[{"taxonomy":"category","embeddable":true,"href":"https:\/\/analyse.optim.biz\/index.php?rest_route=%2Fwp%2Fv2%2Fcategories&post=146625"},{"taxonomy":"post_tag","embeddable":true,"href":"https:\/\/analyse.optim.biz\/index.php?rest_route=%2Fwp%2Fv2%2Ftags&post=146625"}],"curies":[{"name":"wp","href":"https:\/\/api.w.org\/{rel}","templated":true}]}}