{"id":146526,"date":"2017-02-22T11:03:19","date_gmt":"2017-02-22T08:03:19","guid":{"rendered":"https:\/\/analyse.optim.biz\/?p=146526"},"modified":"2017-02-22T11:03:19","modified_gmt":"2017-02-22T08:03:19","slug":"razboiul-lui-tutuianu-cu-multinationalele-toata-familia-senatorului-angajata-la-stat","status":"publish","type":"post","link":"https:\/\/analyse.optim.biz\/?p=146526","title":{"rendered":"R\u0103zboiul lui \u021au\u021buianu cu multina\u021bionalele. Toat\u0103 familia senatorului, angajat\u0103 la stat"},"content":{"rendered":"<div class=\"entry data-app-meta data-app-meta-article\" data-embed-base-url-canonical=\"https:\/\/www.digi24.ro\/embed\/stiri\/actualitate\/politica\/razboiul-lui-tutuianu-cu-multinationalele-toata-familia-senatorului-angajata-la-stat-674509\">\n<p data-index=\"1\"><strong>De la izbucnirea <a href=\"https:\/\/www.digi24.ro\/stiri\/actualitate\/politica\/psd-si-alde-anunta-astazi-propunerile-de-ministri-674414\" target=\"_blank\" data-skip-linkfix=\"1\" rel=\"noopener\">protestelor fa\u021b\u0103 de OUG 13<\/a>, Adrian \u021au\u021buianu a criticat multina\u021bionalele, pe care le-a acuzat c\u0103 au scos angaja\u021bii la proteste \u0219i c\u0103 scot profiturile pe care le ob\u021bin din Rom\u00e2nia. Fost antreprenor, acum Adrian \u021au\u021buianu este senator \u0219i pre\u0219edintele Comisiei de monitorizare a activit\u0103\u021bii SRI. De altfel, toat\u0103 familia \u021au\u021buianu este angajat\u0103 la stat.<\/strong><strong>\u00a0Carmen Elena \u021au\u021buianu, so\u021bia senatorului, este inspector\u00a0din 2010 la Prefectura D\u00e2mbovi\u021ba \u0219i la Consiliul Jude\u021bean D\u00e2mbovi\u021ba, iar Ruxandra \u021au\u021buianu, fiica celor doi, este jurist la Prim\u0103ria Capitalei, potrivit <a href=\"http:\/\/bn24.ro\/tutuianu-cap-de-familie-bugetara-nevasta-angajata-la-consiliul-judetean-si-la-prefectura-fiica-la-primaria-capitalei\/\" target=\"_blank\" data-skip-linkfix=\"1\" rel=\"noopener\">bn24.ro<\/a>.<\/strong><\/p>\n<figure class=\"article-thumb\"><img decoding=\"async\" src=\"https:\/\/analyse.optim.biz\/wp-content\/uploads\/2024\/09\/oty0ytexytrjngfimjlkmwrkm2ixnze4nduwm2jhy2y-thumb_.jpg\" alt=\"Adrian Tutuianu, comisie de control SRI in Parlament_inquam george calin\" data-skip-htmlfix=\"1\" title=\"oty0ytexytrjngfimjlkmwrkm2ixnze4nduwm2jhy2y-thumb_\"><figcaption> Foto: Inquam Photos\/ Octav Ganea <\/figcaption><\/figure>\n<p data-index=\"2\">Potrivit <a href=\"http:\/\/www.senat.ro\/Declaratii\/Senatori\/2016\/av_tutuianu_adrian-03_01_2017.PDF\" target=\"_blank\" data-skip-linkfix=\"1\" rel=\"noopener\">declara\u021biei de avere<\/a>, semnat\u0103 de Adrian \u021au\u021buianu la data de 3 ianuarie 2017, so\u021bia acestuia a ob\u021binut venituri, \u00een 2016, de 27.825 de lei de la Prefectura D\u00e2mbovi\u021ba \u0219i de la Consiliul Jude\u021bean D\u00e2mbovi\u021ba. Informa\u021bia este confirmat\u0103 \u0219i de <a href=\"http:\/\/www.prefecturadambovita.ro\/uploadfiles\/2016\/declaratii\/prefectura\/1%20(20).pdf\" target=\"_blank\" data-skip-linkfix=\"1\" rel=\"noopener\">declara\u021bie de avere a lui Carmen Elena \u021au\u021buianu<\/a> de pe site-ul Prefecturii D\u00e2mbovi\u021ba.<\/p>\n<figure class=\"article-thumb\"><img decoding=\"async\" src=\"https:\/\/analyse.optim.biz\/wp-content\/uploads\/2024\/09\/mwi5m2u5nzzhymzlmjczotbkmwvlmwm5mte3ztrmzty-thumb_.jpg\" alt=\"venituri familia tutuianu\" data-skip-htmlfix=\"1\" title=\"mwi5m2u5nzzhymzlmjczotbkmwvlmwm5mte3ztrmzty-thumb_\"><figcaption> Sursa: Captur\u0103 declara\u021bie de avere <\/figcaption><\/figure>\n<p data-index=\"3\">\u0218i fiica senatorului, care s-a remarcat dup\u0103 ce a scris pe Facebook c\u0103 <a href=\"https:\/\/www.digi24.ro\/stiri\/actualitate\/politica\/fiica-unui-important-lider-psd-isi-manifesta-scarba-fata-de-protestatari-663840\" target=\"_blank\" data-skip-linkfix=\"1\" rel=\"noopener\">\u00eei este \u201esc\u00e2rb\u0103\u201d de \u201eoile\u201d care ies la proteste<\/a>, este angajat\u0103 tot la stat. Potrivit <a href=\"http:\/\/doc.pmb.ro\/declaratii_PMB\/decl17\/noi\/avere\/d_avere_tutuianu_ruxandra_andreea.pdf\" target=\"_blank\" data-skip-linkfix=\"1\" rel=\"noopener\">declara\u021biei sale de avere<\/a>, Ruxandra \u021au\u021buianu lucreaz\u0103 la Direc\u021bia Juridic\u0103 Serviciul Legisla\u021bie din cadrul Prim\u0103riei Capitalei de la \u00eenceputul acestui an.\u00a0<\/p>\n<figure class=\"article-thumb\"><img decoding=\"async\" src=\"https:\/\/analyse.optim.biz\/wp-content\/uploads\/2024\/09\/odawjnpjptemagfzad1hytg5ytq3zdm2nzczognhmdfmzdniyza0nwi5otg5na-thumb_.jpg\" alt=\"captura decl de avere ruxandra tutuianu\" data-skip-htmlfix=\"1\" title=\"odawjnpjptemagfzad1hytg5ytq3zdm2nzczognhmdfmzdniyza0nwi5otg5na-thumb_\"><figcaption> Surs\u0103: Captur\u0103 declara\u021bie de avere <\/figcaption><\/figure>\n<p data-index=\"4\">Dup\u0103 ce a declarat c\u0103 va cere de la SRI r\u0103spunsuri cu privire la suspiciunile sale c\u0103 multina\u0163ionalele ar fi sprijinit protestele antiguvernamentale din Rom\u00e2nia, explic\u00e2nd c\u0103 acest lucru ar \u00eenc\u0103lca legea securit\u0103\u0163ii na\u0163ionale, Adrian \u021au\u021buianu a acuzat companiile cu capital str\u0103in c\u0103 scot profiturile din \u021bar\u0103.\u00a0<\/p>\n<p data-index=\"5\"><em>\u201eSunt publice cifrele, multina\u021bionalele produc cam 80% din cifra de afaceri \u0219i pl\u0103tesc cam 3 miliarde de euro profit, ceilal\u021bi, \u00eentreprinderi mici \u0219i mijlocii produc 20% din cifra de afaceri \u0219i pl\u0103tesc 56 de miliarde de euro impozite&#8221;,<\/em> a declarat Adrian \u021au\u021buianu.<\/p>\n<p data-index=\"6\">Potrivit <a href=\"http:\/\/www.factual.ro\/declaratii\/adrian-tutuianu-sunt-publice-cifrele-multinationalele-produc-cam-80-din-cifra-de-afaceri-si-platesc-cam-3-miliarde-de-euro-profit-ceilalti-intreprinderi-mici-si-mijlocii-produc-20-din-ci\/\" target=\"_blank\" data-skip-linkfix=\"1\" rel=\"noopener\">factual.ro<\/a>, declara\u021bia lui \u021au\u021buianu este fals\u0103, iar cifrele \u00eenaintate de acesta sunt eronate.\u00a0<\/p>\n<\/div>\n<p> Source URL: https:\/\/www.digi24.ro\/stiri\/actualitate\/politica\/razboiul-lui-tutuianu-cu-multinationalele-toata-familia-senatorului-angajata-la-stat-674509<\/p>\n","protected":false},"excerpt":{"rendered":"<p>De la izbucnirea protestelor fa\u021b\u0103 de OUG 13, Adrian \u021au\u021buianu a criticat multina\u021bionalele, pe care le-a acuzat c\u0103 au scos angaja\u021bii la proteste \u0219i c\u0103 scot profiturile pe care le ob\u021bin din Rom\u00e2nia. Fost antreprenor, acum Adrian \u021au\u021buianu este senator \u0219i pre\u0219edintele Comisiei de monitorizare a activit\u0103\u021bii SRI. De altfel, toat\u0103 familia \u021au\u021buianu este angajat\u0103 [&hellip;]<\/p>\n","protected":false},"author":1,"featured_media":146527,"comment_status":"open","ping_status":"","sticky":false,"template":"","format":"standard","meta":{"footnotes":""},"categories":[2],"tags":[11],"class_list":["post-146526","post","type-post","status-publish","format-standard","has-post-thumbnail","hentry","category-politics","tag-digi24"],"_links":{"self":[{"href":"https:\/\/analyse.optim.biz\/index.php?rest_route=\/wp\/v2\/posts\/146526","targetHints":{"allow":["GET"]}}],"collection":[{"href":"https:\/\/analyse.optim.biz\/index.php?rest_route=\/wp\/v2\/posts"}],"about":[{"href":"https:\/\/analyse.optim.biz\/index.php?rest_route=\/wp\/v2\/types\/post"}],"author":[{"embeddable":true,"href":"https:\/\/analyse.optim.biz\/index.php?rest_route=\/wp\/v2\/users\/1"}],"replies":[{"embeddable":true,"href":"https:\/\/analyse.optim.biz\/index.php?rest_route=%2Fwp%2Fv2%2Fcomments&post=146526"}],"version-history":[{"count":0,"href":"https:\/\/analyse.optim.biz\/index.php?rest_route=\/wp\/v2\/posts\/146526\/revisions"}],"wp:featuredmedia":[{"embeddable":true,"href":"https:\/\/analyse.optim.biz\/index.php?rest_route=\/wp\/v2\/media\/146527"}],"wp:attachment":[{"href":"https:\/\/analyse.optim.biz\/index.php?rest_route=%2Fwp%2Fv2%2Fmedia&parent=146526"}],"wp:term":[{"taxonomy":"category","embeddable":true,"href":"https:\/\/analyse.optim.biz\/index.php?rest_route=%2Fwp%2Fv2%2Fcategories&post=146526"},{"taxonomy":"post_tag","embeddable":true,"href":"https:\/\/analyse.optim.biz\/index.php?rest_route=%2Fwp%2Fv2%2Ftags&post=146526"}],"curies":[{"name":"wp","href":"https:\/\/api.w.org\/{rel}","templated":true}]}}