{"id":146515,"date":"2017-02-22T11:25:56","date_gmt":"2017-02-22T08:25:56","guid":{"rendered":"https:\/\/analyse.optim.biz\/?p=146515"},"modified":"2017-02-22T11:25:56","modified_gmt":"2017-02-22T08:25:56","slug":"reactia-lui-chirica-la-informatia-ca-ar-ramane-fara-functii-in-psd","status":"publish","type":"post","link":"https:\/\/analyse.optim.biz\/?p=146515","title":{"rendered":"Reac\u021bia lui Chirica la informa\u021bia c\u0103 ar r\u0103m\u00e2ne f\u0103r\u0103 func\u021bii \u00een PSD"},"content":{"rendered":"<div class=\"entry data-app-meta data-app-meta-article\" data-embed-base-url-canonical=\"https:\/\/www.digi24.ro\/embed\/stiri\/actualitate\/politica\/reactia-lui-chirica-la-informatia-ca-ar-ramane-fara-functii-in-psd-674561\">\n<p data-index=\"1\"><strong>Mihai Chirica a declarat, referitor la informa\u021bia c\u0103 va fi exclus din func\u021biile de conducere din partid, c\u0103 \u00eenc\u0103 nu \u0219tie dac\u0103 se va \u00eent\u00e2mpla acest lucru \u0219i c\u0103 dac\u0103 informa\u021bia este real\u0103 ar fi o \u201einjuste\u021be moral\u0103\u201d fa\u021b\u0103 de el, deoarece tot ce a f\u0103cut a fost s\u0103 se \u201eexprime \u00eentr-o modalitate corect\u0103 f\u0103r\u0103 s\u0103 prejudicieze imaginea partidului\u201d.<\/strong><\/p>\n<p data-index=\"2\"><em>\u201eNu \u015ftiu nimic, a\u015ftept rezultatul \u015fedin\u0163ei unde s\u0103 m\u0103 exprim \u015fi s\u0103-mi sus\u021bin punctul de vedere. Sunt convins c\u0103 nu am avut o reac\u021bie care s\u0103 vizeze un deficit de imagine c\u0103tre PSD, dimpotriv\u0103. Am reu\u015fit s\u0103 punctez cu lucruri care s-au dovedit a fi adev\u0103ruri\u201d,<\/em> a spus Mihai Chirica.\u00a0<\/p>\n<p data-index=\"3\">\u00centrebat cum ar cataloga decizia de a-i fi retrase func\u021biile din partid dac\u0103 s-ar ajunge la ea, primarul Ia\u0219ului a spus c\u0103 ar fi o \u201einjuste\u021be moral\u0103\u201d.\u00a0<\/p>\n<p data-index=\"4\"><em>\u201eConsider c\u0103 ar fi o injuste\u0163e moral\u0103 fa\u0163\u0103 de un om care n-a venit dec\u00e2t s\u0103 se exprime \u00eentr-o modalitatea corect\u0103 f\u0103r\u0103 s\u0103 prejudicieze imaginea partidului. E\u00a0injuste\u0163e \u015fi imoralitate c\u00e2nd colegii din filiale jude\u0163ene, altele dec\u00e2t Ia\u015fi, se pronun\u0163\u0103 fa\u0163\u0103 de prezen\u021ba mea sau nu \u00een PSD. M\u0103 a\u015ftept la orice. Sunt convins c\u0103 ce am zis e un lucru la care \u0163in. Exprimarea democratic\u0103 \u00eentr-un partid este absolut fireasc\u0103\u201d,<\/em> a spus edilul.\u00a0<\/p>\n<p data-index=\"5\"><a href=\"https:\/\/www.digi24.ro\/stiri\/actualitate\/mihai-chirica-ramane-fara-functii-de-conducere-in-psd-674538\" data-skip-linkfix=\"1\">Mihai Chirica va r\u0103m\u00e2ne f\u0103r\u0103 func\u021bie de conducere \u00een partid<\/a>, potrivit informa\u021bilor de\u021binute de Digi24.\u00a0El este \u00een prezent vicepre\u0219edinte PSD dar \u0219i \u0219ef al filialei Ia\u0219i a partidului.<\/p>\n<p data-index=\"6\">Primarul Ia\u0219iului\u00a0a criticat Guvernul pentru<a href=\"http:\/\/www.digi24.ro\/stiri\/actualitate\/justitie\/legea-gratierii\/victoria-strazii-in-lupta-cu-politicienii-cele-20-de-zile-ale-oug-13-674235\" target=\"_blank\" data-skip-linkfix=\"1\" rel=\"noopener\"> adoptarea Ordonan\u0163ei 13<\/a> \u015fi a spus c\u0103 Liviu Dragnea ar trebui s\u0103 renun\u0163e la modul dictatorial \u00een care conduce partidul. Comentatorii politici spun c\u0103 este foarte probabil ca <a href=\"http:\/\/www.digi24.ro\/stiri\/actualitate\/politica\/psd-va-lua-o-decizie-inteleapta-dar-ferma-in-privinta-lui-chirica-672818\" target=\"_blank\" data-skip-linkfix=\"1\" rel=\"noopener\">\u201edisidentul&#8221; Chirica<\/a>\u00a0chiar s\u0103 fie exclus din PSD.<\/p>\n<\/div>\n<p> Source URL: https:\/\/www.digi24.ro\/stiri\/actualitate\/politica\/reactia-lui-chirica-la-informatia-ca-ar-ramane-fara-functii-in-psd-674561<\/p>\n","protected":false},"excerpt":{"rendered":"<p>Mihai Chirica a declarat, referitor la informa\u021bia c\u0103 va fi exclus din func\u021biile de conducere din partid, c\u0103 \u00eenc\u0103 nu \u0219tie dac\u0103 se va \u00eent\u00e2mpla acest lucru \u0219i c\u0103 dac\u0103 informa\u021bia este real\u0103 ar fi o \u201einjuste\u021be moral\u0103\u201d fa\u021b\u0103 de el, deoarece tot ce a f\u0103cut a fost s\u0103 se \u201eexprime \u00eentr-o modalitate corect\u0103 f\u0103r\u0103 [&hellip;]<\/p>\n","protected":false},"author":1,"featured_media":146516,"comment_status":"open","ping_status":"","sticky":false,"template":"","format":"standard","meta":{"footnotes":""},"categories":[2],"tags":[11],"class_list":["post-146515","post","type-post","status-publish","format-standard","has-post-thumbnail","hentry","category-politics","tag-digi24"],"_links":{"self":[{"href":"https:\/\/analyse.optim.biz\/index.php?rest_route=\/wp\/v2\/posts\/146515","targetHints":{"allow":["GET"]}}],"collection":[{"href":"https:\/\/analyse.optim.biz\/index.php?rest_route=\/wp\/v2\/posts"}],"about":[{"href":"https:\/\/analyse.optim.biz\/index.php?rest_route=\/wp\/v2\/types\/post"}],"author":[{"embeddable":true,"href":"https:\/\/analyse.optim.biz\/index.php?rest_route=\/wp\/v2\/users\/1"}],"replies":[{"embeddable":true,"href":"https:\/\/analyse.optim.biz\/index.php?rest_route=%2Fwp%2Fv2%2Fcomments&post=146515"}],"version-history":[{"count":0,"href":"https:\/\/analyse.optim.biz\/index.php?rest_route=\/wp\/v2\/posts\/146515\/revisions"}],"wp:featuredmedia":[{"embeddable":true,"href":"https:\/\/analyse.optim.biz\/index.php?rest_route=\/wp\/v2\/media\/146516"}],"wp:attachment":[{"href":"https:\/\/analyse.optim.biz\/index.php?rest_route=%2Fwp%2Fv2%2Fmedia&parent=146515"}],"wp:term":[{"taxonomy":"category","embeddable":true,"href":"https:\/\/analyse.optim.biz\/index.php?rest_route=%2Fwp%2Fv2%2Fcategories&post=146515"},{"taxonomy":"post_tag","embeddable":true,"href":"https:\/\/analyse.optim.biz\/index.php?rest_route=%2Fwp%2Fv2%2Ftags&post=146515"}],"curies":[{"name":"wp","href":"https:\/\/api.w.org\/{rel}","templated":true}]}}