{"id":146512,"date":"2017-02-22T12:15:34","date_gmt":"2017-02-22T09:15:34","guid":{"rendered":"https:\/\/analyse.optim.biz\/?p=146512"},"modified":"2017-02-22T12:15:34","modified_gmt":"2017-02-22T09:15:34","slug":"vladimir-tismaneanu-protestele-de-la-bucuresti-au-pus-capacul-peste-cosciugul-in-care-zace-sistemul-iliescu","status":"publish","type":"post","link":"https:\/\/analyse.optim.biz\/?p=146512","title":{"rendered":"Vladimir Tism\u0103neanu: Protestele de la Bucure\u015fti au pus capacul peste co\u015fciugul \u00een care zace sistemul Iliescu"},"content":{"rendered":"<div class=\"entry data-app-meta data-app-meta-article\" data-embed-base-url-canonical=\"https:\/\/www.digi24.ro\/embed\/stiri\/actualitate\/politica\/vladimir-tismaneanu-protestele-de-la-bucuresti-au-pus-capacul-peste-cosciugul-in-care-zace-sistemul-iliescu-674602\">\n<p data-index=\"1\"><strong>Declarat cuv\u00e2ntul anului 2016 \u015fi investit cu for\u0163a de a defini epoca pe care o travers\u0103m, post-adev\u0103rul r\u0103m\u00e2ne o minciun\u0103, de felul celei pe care se \u00eentemeiau, de altfel, limbajele totalitare, argumenteaz\u0103 politologul Vladimir Tism\u0103neanu, pentru care minciuna trebuie desemnat\u0103 \u00een continuare ca minciun\u0103, nu ca \u201cpost-adev\u0103r\u201d. \u00centr-un interviu acordat agen\u0163iei de pres\u0103 <a href=\"http:\/\/www.news.ro\/\" target=\"_blank\" data-skip-linkfix=\"1\" rel=\"noopener\">News.ro<\/a>, Tism\u0103neanu se arat\u0103 convins c\u0103 societatea american\u0103 nu va abdica de la moralitate, nici m\u0103car \u00een fa\u0163a unor eventuale abuzuri de putere ale noului pre\u015fedinte, pe care prefer\u0103 s\u0103 \u00eel numeasc\u0103 \u201d45\u201d. \u00cen vreme ce \u00een America \u201dtrumpismul\u201d pierde teren, Rom\u00e2nia marcheaz\u0103 un moment istoric, prin \u201drevolu\u0163ia celularelor\u201d, protestele care \u201dau pus capacul peste co\u015fciugul \u00een care zace putredul sistem Iliescu\u201d \u015fi care ar putea rena\u015fte \u00een alte locuri ale lumii.<\/strong><\/p>\n<p data-index=\"2\"><img loading=\"lazy\" decoding=\"async\" class=\"alignnone size-full wp-image-552951\" src=\"https:\/\/analyse.optim.biz\/wp-content\/uploads\/2024\/09\/c2g9yzazztuxotaxodu1nwuyotfjotzjzdrjnzayndixztm-thumb_.jpg\" alt=\"Vladimir-Tism\u0103neanu_avatar_1472041576\" width=\"336\" height=\"336\" data-skip-htmlfix=\"1\" title=\"c2g9yzazztuxotaxodu1nwuyotfjotzjzdrjnzayndixztm-thumb_\"><\/p>\n<p data-index=\"3\">Vladimir Tism\u0103neanu vorbe\u015fte at\u00e2t despre America, \u201da doua zi\u201d dup\u0103 alegerea lui Donald Trump pre\u015fedinte, c\u00e2t \u015fi depre mecanismul fricii, speculat de totalitarisme. Politologul analizeaz\u0103 \u015fi protestele din Rom\u00e2nia ultimelor luni, \u00een care vede geneza unei noi genera\u0163ii, care denun\u0163\u0103 corup\u0163ia \u015fi care este capabil\u0103 s\u0103 imprime un nou model de societate.<\/p>\n<p data-index=\"4\"><strong>Reporter<\/strong>:\u00a0Epoca pe care o travers\u0103m a fost a\u015fezat\u0103 sub semnul unui nou fenomen, post-adev\u0103rul. Ce \u00een\u0163elege\u0163i dumneavostr\u0103 prin acest post-adev\u0103r \u015fi c\u00e2t de potrivit vi se pare? Unde \u015fi cum s-a \u201dn\u0103scut\u201d \u015fi ce anume desemneaz\u0103\u00a0?\u00a0<\/p>\n<p data-index=\"5\"><strong>Vladimir Tism\u0103neanu<\/strong>\u00a0:\u00a0Nu \u00een\u0163eleg de ce ne trebuie conceptul de post-adev\u0103r. Orwell a spus limpede c\u0103 limbajele totalitare (Ingsoc) se \u00eentemeiaz\u0103 pe minciun\u0103. Relativizarea, plasticizarea p\u00e2n\u0103 la extinc\u0163ie a adev\u0103rului fac parte din situa\u0163ia spiritual\u0103 contemporan\u0103, derutant\u0103 \u015fi paradoxal\u0103. Pledez, prin urmare, pentru desemnarea minciunii ca minciun\u0103, nu ca \u201cpost-adev\u0103r\u201d.<\/p>\n<p data-index=\"6\"><strong>Reporter<\/strong>\u00a0:\u00a0Au trecut deja primele zile de mandat preziden\u0163ial ale lui Donald Trump si pare c\u0103 pre\u015fedintele american a preluat \u015fi \u00een discursul preziden\u0163ial, institu\u0163ional, temele electorale, cele care, de altfel, i-au adus victoria. Este acesta un lucru bun, faptul c\u0103 pre\u015fedintele nu a l\u0103sat deoparte discursul electoral, ori, din contra, un lucru mai pu\u0163in bun, o prelungire a st\u0103rii de campanie\u00a0?<\/p>\n<p data-index=\"7\"><strong>Vladimir Tism\u0103neanu<\/strong>\u00a0:\u00a0Perseverare diabolicum, cum \u015ftim. Personajul este o combina\u0163ie de clown \u015fi demagog, are pu\u0163ine idei, mestec\u0103 vorbele precum un chewing gum, agit\u0103 spiritele \u015fi creeaz\u0103, zi de zi \u015fi ceas de ceas, anxietate, frustr\u0103ri, nevroze. C\u00e2nd 50 de pre\u015fedin\u0163i de universit\u0103\u0163i ajung s\u0103-i cear\u0103 anularea ori modificarea unui absurd \u015fi nociv ordin executiv, Trump se preface c\u0103 nu aude. Este un \u015farlatan politic, legat direct de cercurile unei extreme drepte pline de resentimente ataviste, xenofobe, rasiste.<\/p>\n<p data-index=\"8\"><strong>Reporter<\/strong>: S\u0103 sintetiz\u0103m pu\u0163in: ce au avut de ales, de fapt, americanii, \u00een termeni de ofert\u0103 (politic\u0103 \u015fi societal\u0103)\u00a0?<\/p>\n<p data-index=\"9\"><strong>Vladimir Tism\u0103neanu<\/strong>\u00a0:\u00a0\u00a0Liberalism politic, cre\u015ftere economic\u0103 \u015fi patriotism constitu\u0163ional\u00a0versus\u00a0aventurism isteroid, diletantism arogant \u015fi dispre\u0163 pentru minorit\u0103\u0163i. Simplu spus, ca \u015fi \u00een Europa, democra\u0163ie sau etnocra\u0163ie.<\/p>\n<p data-index=\"10\"><strong>Reporter<\/strong>\u00a0:\u00a0Se vorbe\u015fte \u00een ultima vreme despre o speculare politic\u0103 a fricii. A fricilor, mai degrab\u0103. Putem pune ultimele mari evenimente politice interna\u0163ionale pe seama aceste specul\u0103ri a fricii: Brexit-ul, alegerea lui Donald Trump\u00a0?<\/p>\n<p data-index=\"11\"><strong>Vladimir Tism\u0103neanu<\/strong>\u00a0:\u00a0\u00a0Cu decenii \u00een urm\u0103, Erich Fromm a scris despre frica de libertate. Autoritarismele de varii culori \u015fi inclina\u0163ii ideologice manipuleaz\u0103 emo\u0163iile individuale \u015fi angoasele colective. Marele scriitor iugloslav Danilo Kis avea dreptate: na\u0163ionalismul este paranoia, individual\u0103 \u015fi colectiv\u0103. \u00cen epoca maselor, asemenea obsesii devin dinamit\u0103 politic\u0103. Este ceea ce a explorat \u015fi a diagnosticat Dostoievski \u00een \u00ab\u00a0Demonii\u00a0\u00bb&#8230;<\/p>\n<p data-index=\"12\"><strong>Reporter<\/strong>\u00a0:\u00a0Sunte\u0163i unul dintre observatorii rafina\u0163i ai totalitarismelor. Regimurile totalitare reu\u015feau s\u0103 se insinueze \u015fi s\u0103 controleze societ\u0103\u0163ile utiliz\u00e2nd tot frica, nu-i a\u015fa\u00a0? Care sunt, atunci, diferen\u0163ele\u00a0?<\/p>\n<p data-index=\"13\"><strong>Vladimir Tism\u0103neanu<\/strong>:\u00a0\u00a0Totalitarismele au \u015ftiut \u015fi \u015ftiu s\u0103 exploateze sentimentele de izolare, dezr\u0103d\u0103cinare, atomizare. F\u0103r\u0103 aceast\u0103 alienare care distruge persoana moral\u0103 \u015fi pe aceea juridic\u0103, scria Hannah Arendt, totalitarismele nu ar fi putut s\u0103 ajung\u0103 la putere \u015fi s\u0103-\u015fi impun\u0103 domina\u0163ia absolut\u0103 asupra cet\u0103\u0163enilor transforma\u0163i \u00een supu\u015fi. Societ\u0103\u0163ile democratice pot include dimensiuni dezagreabile, dar nu au ca finalitate lichidarea acestor dou\u0103 ipostaze ale subiectivit\u0103\u0163ii: cea moral\u0103 \u015fi cea juridic\u0103.<\/p>\n<p data-index=\"14\"><strong>Reporter<\/strong>: Este frica aceasta cu dublu t\u0103i\u015f\u00a0? Au \u015fi politicienii, cei de la putere, fricile lor\u00a0? Unde duce frica\u00a0?<\/p>\n<p data-index=\"15\"><strong>Vladimir Tism\u0103neanu<\/strong>:\u00a0\u00a0Condi\u0163ia uman\u0103 a inclus, din timpuri imemoriale, frica. \u00cemi amintesc de acel vers din Eminescu citat de Constantin Noica\u00a0: \u00abCa o spaim\u0103 \u00eempietrit\u0103, ca un vis \u00eencremenit\u00a0\u00bb. Dar, \u00een egal\u0103 m\u0103sur\u0103, exist\u0103 speran\u0163a ca antidot al fricii, \u00eencrederea \u00een \u015fansele noastre, ca specie, de a ne ridica, vorba lui Mihail Sebastian, cu un cap mai sus de zoologie&#8230;<\/p>\n<p data-index=\"16\"><strong>Reporter<\/strong>: \u00centorc\u00e2ndu-ne la prezent. Cum arat\u0103 America ast\u0103zi, dup\u0103 decizia pre\u015fedintelui privindu-i pe refugia\u0163i\u00a0?<\/p>\n<p data-index=\"17\"><strong>Vladimir Tism\u0103neanu<\/strong>: Mai unit\u0103 dec\u00e2t \u00eenainte \u00een a sus\u0163ine valorile care o definesc: hr\u0103ne\u015fte-l pe cel \u00eenfometat, \u00eembrac\u0103-l pe cel gol \u015fi deschide por\u0163ile pentru cel f\u0103r\u0103 ad\u0103post. Rezisten\u0163a cre\u015fte, trumpismul pierde teren. Accidentul istoric numit Trump nu poate schimba natura moral\u0103 a acestei societ\u0103\u0163i.<\/p>\n<p data-index=\"18\"><strong>Reporter<\/strong>:\u00a0\u00cen mod tradi\u0163ional, presa american\u0103 \u00ee\u015fi asum\u0103, \u00een alegeri, un partizanat politic. De ast\u0103-dat\u0103, \u00een propor\u0163ie cov\u00e2r\u015fitoare, presa a fost de partea lui Hillary Clinton \u015fi anti-Donald Trump. S\u0103 interpret\u0103m aceste alegeri, rezultatul lor, ca o \u00eenfr\u00e2ngere \u015fi a presei mainstream, s\u0103 \u00eei spunem a\u015fa?<\/p>\n<p data-index=\"19\"><strong>Vladimir Tism\u0103neanu<\/strong>\u00a0: Au contat imens re\u0163elele de socializare, dar, s\u0103 nu uit\u0103m, Hillary Clinton a c\u00e2\u015ftigat votul popular.\u00a0 Presa mainstream \u015fi-a spus cuv\u00e2ntul insistent asupra ireponsbilit\u0103\u0163ii flagrante a candidatului Trump. Nu \u015ftiu c\u00e2t de pro-Hillary a fost (citi\u0163i-o pe Maureen Dowd), dar, f\u0103r\u0103 dubiu, a existat o reac\u0163ie masiv\u0103 \u00eempotriva unui candidat perceput ca un posibil dictator fascistoid.<\/p>\n<p data-index=\"20\"><strong>Reporter<\/strong>: Sistemul politic american este bazat pe acest mecanism\u00a0 al controlului reciproc, &#8220;checks and balances&#8221;.\u00a0 Este acest mecanism suficient de puternic \u00eenc\u00e2t s\u0103 reziste \u015fi unor eventuale abuzuri de putere? Aceste abuzuri vi se par posibile\u00a0sau mai degrab\u0103 temerile sunt exagerate\u00a0?<\/p>\n<p data-index=\"21\"><strong>Vladimir Tism\u0103neanu<\/strong>: Temerile sunt perfect justificate, Trump va continua s\u0103 preseze pentru a-\u015fi impune \u0163elurile. Dar judiciarul este puternic \u015fi va rezista, sunt convins. Nici Congresul nu va mar\u015fa la diversele puseuri nes\u0103buite ale unui pre\u015fedinte tot mai bizar, mai straniu, mai ira\u0163ional&#8230;<\/p>\n<p data-index=\"22\"><strong>Reporter<\/strong>: Care este opozi\u0163ia la Donald Trump? Pre\u015fedintele american a declarat r\u0103zboi f\u0103\u0163i\u015f presei. Dac\u0103 presa devine opozi\u0163ie, atunci nu abdic\u0103 de la rolul ei de interval, devenind actor politic?<\/p>\n<p data-index=\"23\"><strong>Vladimir Tism\u0103neanu<\/strong>: Cel pe care prefer s\u0103-l numesc 45 joac\u0103 o carte peronist\u0103, dar America nu e Argentina. Este limpede c\u0103 personajul nu pricepe ce \u00eenseamn\u0103 institu\u0163iile unei republici constitu\u0163ionale. Conferin\u0163a de pres\u0103 \u00een care a vorbit despre &#8220;du\u015fmanii poporului&#8221; a fost o dovad\u0103 c\u0103 avem de-a face cu o agresivitate narcisist\u0103 dus\u0103 la extrem.<\/p>\n<p data-index=\"24\"><strong>Reporter<\/strong>:\u00a0P\u0103r\u0103sind tabloul american \u015fi mut\u00e2ndu-ne privirea c\u0103tre Bucure\u015fti, cum arat\u0103 mandatul guvernului PSD-ALDE, dup\u0103 un an de mandat tehnocrat\u00a0?<\/p>\n<p data-index=\"25\"><strong>Vladimir Tism\u0103neanu<\/strong>\u00a0:\u00a0E\u015fec pe toate liniile \u015fi \u00een toate direc\u0163iile. Un fiasco sordid. Am scris c\u0103 e vorba de un guvern felon, moron \u015fi poltron. \u00cemi men\u0163in diagnosticul.<\/p>\n<p data-index=\"26\"><strong>Reporter<\/strong>:\u00a0\u015ei la alegerile locale, \u015fi la cele generale au fost vota\u0163i, totu\u015fi, \u015fi candida\u0163i urm\u0103ri\u0163i penal sau trimi\u015fi \u00een judecat\u0103. Care este explica\u0163ia? A devenit corup\u0163ia un fenomen acceptat de o parte a electoratului\u00a0?<\/p>\n<p data-index=\"27\"><strong>Vladimir Tism\u0103neanu<\/strong>: \u00a0Aici e vorba despre manipul\u0103ri masive prin televiziuni ancilare \u015fi despre mesaje deliberat mincinoase propagate cu maxim\u0103 perfidie. Atacurile \u00eempotriva lui George Soros, n\u0103scociri delirante, au fost \u015fi r\u0103m\u00e2n ilustra\u0163ii deplorabile ale unor patologii xenofobe proprii PSD \u015fi ALDE. Demonstra\u0163iile de protest au probat c\u0103 sute de mii de cet\u0103\u0163eni detest\u0103, resping, repudiaz\u0103 corup\u0163ia. Cred c\u0103 vorbim de milioane.<\/p>\n<p data-index=\"28\"><strong>Reporter\u00a0<\/strong>:\u00a0A\u0163i urm\u0103rit, a\u015fadar, protestele de la Bucure\u015fti. V\u0103 \u00eentreb dac\u0103 vede\u0163i \u00een ele na\u015fterea unei noi genera\u0163ii, pentru care, iat\u0103, e important\u0103 o tem\u0103 \u00eendeob\u015fte abstract\u0103, cum e cea a justi\u0163iei.<\/p>\n<p data-index=\"29\"><strong>Vladimir\u00a0Tism\u0103neanu<\/strong> :\u00a0Am scris un articol, \u00eempreun\u0103 cu politologul Marius Stan, \u00een Politico.eu, \u00een care ne-am ocupat de aceast\u0103 tem\u0103. Da, este vorba de o nou\u0103 genera\u0163ie pentru care vechile metehne \u015fi infamii nu mai sunt tolerabile. UE \u00eenseamn\u0103 transparen\u0163\u0103, \u00eencredere, norme, reguli, proceduri. Pesedismul este exact opusul: clientelism, cinism, jaf la drumul mare sau pe ascuns, manopere dolosive. Pentru mine, aceste demonstra\u0163ii au pus capacul peste co\u015fciugul \u00een care zace putredul sistem Iliescu.<\/p>\n<p data-index=\"30\"><strong>Reporter<\/strong>:\u00a0S-a vorbit despre puterea de exemplu a protestelor din Rom\u00e2nia \u00eentr-o lume \u00een care populismul a devenit aproape paradigm\u0103. Poate Rom\u00e2nia s\u0103 joace un rol, un altfel de rol, \u00een lume\u00a0?<\/p>\n<p data-index=\"31\"><strong>Vladimir Tism\u0103neanu\u00a0<\/strong>: Exist\u0103, \u00eentotdeauna, fenomene de difuziune a unor experien\u0163e politice. Revolu\u0163ia civic\u0103 din Rom\u00e2nia, cea pe care am numit-o revolu\u0163ia celularelor, este un asemenea fenomen. Nu m-a\u015f mira s\u0103-l vedem reluat, ren\u0103scut \u00een locuri nea\u015fteptate, inclusiv \u00een China. Autoritarismul populist nu poate rezolva niciuna dintre problemele pe care le denun\u0163\u0103 cu justi\u0163iar\u0103 pasiune. Partidul peronist \u00ee\u015fi zicea justicialist. Avea o pseudo-ideologie salva\u0163ionist\u0103, dar peronismul nu a salvat nimc. A distrus \u00een schimb multe lucruri, a aruncat de dou\u0103 ori Argentina \u00een haos \u015fi mizerie&#8230;<\/p>\n<p data-index=\"32\"><strong>Reporter\u00a0<\/strong>:\u00a0Odata cu politica partinic\u0103, \u015fi presa s-a delegitimat constant \u00een Rom\u00e2nia. Protestele din ultima vreme au acuzat direct presa de manipulare, propagand\u0103, lin\u015faje, distorsion\u0103ri. Mai e posibil, \u00een era informa\u0163ional\u0103 pe care o tr\u0103im, ca presa s\u0103 r\u0103m\u00e2n\u0103 \u00een interval, \u00eentre politic \u015fi social?<\/p>\n<p data-index=\"33\"><strong>Vladimir Tism\u0103neanu<\/strong>: Presa scris\u0103 este \u00een declin \u015fi nu doar \u00een Rom\u00e2nia. Tr\u0103im \u00een era FB, a twitter-ului, a blogurilor etc. \u00a0S-ar putea s\u0103 fie un fenomen pasager, tot a\u015fa cum e-books nu au \u00eenlocuit c\u0103r\u0163ile tip\u0103rite, \u00een pofida at\u00e2tor predic\u0163ii. Din p\u0103cate, televiziunile din Rom\u00e2nia se men\u0163in, cu discrete excep\u0163ii, \u00een zona tenebroas\u0103, chiar mocirloas\u0103, a dezinform\u0103rii deliberate. La care trebuie ad\u0103ugat un alt element, extrem de alarmant \u015fi dezolant\u00a0: incultura, siluirea limbii rom\u00e2ne, geneza unei noi limbi de lemn v\u0103duvit\u0103 de imagina\u0163ie \u015fi gem\u00e2nd de o cli\u015feit\u0103 galopant\u0103.<\/p>\n<p data-index=\"34\"><strong>Reporter<\/strong>: Dup\u0103 moartea lui Fidel Castro, s-a vorbit mai degrab\u0103 despre portretul de revolu\u0163ionar dec\u00e2t despre cel de dictator. \u00cen spa\u0163iul est-european, \u00eenc\u0103 exist\u0103 nostalgia dup\u0103 comunism, din care, iar\u0103\u015fi, se re\u0163ine mai degrab\u0103 egalizarea economic\u0103, s\u0103 \u00eei spunem a\u015fa, dec\u00e2t crimele. Este vorba despre o banalizare a r\u0103ului\u00a0? \u00a0<\/p>\n<p data-index=\"35\"><strong>Vladimir Tism\u0103neanu<\/strong>\u00a0:\u00a0Oamenii care regret\u0103 &#8220;egalitatea&#8221; din regimurile leniniste sunt fie prost informa\u0163i, fie de rea-credin\u0163\u0103. Societ\u0103\u0163ile nomenclaturiste erau, de fapt, experimente profitocratice, se bazau pe un rigid sistem de tip caste. Nomenclatura beneficia de privilegii la care muritorii de r\u00e2nd nici m\u0103car nu puteau visa. Niciodat\u0103 nu a fost clasa muncitoare mai batjocorit\u0103 \u015fi mai oprimat\u0103 dec\u00e2t \u00een regimurile care pretindeau c\u0103 guverneaz\u0103 \u00een numele ei. Este o ignorare, \u015fi pe cale de consecin\u0163\u0103, o banalizare a r\u0103ului totalitar.<\/p>\n<p data-index=\"36\"><strong>Reporter<\/strong>: Care este, ast\u0103zi, cea mai mare provocare a lumii occidentale\u00a0?<\/p>\n<p data-index=\"37\"><strong>Vladimir Tism\u0103neanu<\/strong>\u00a0:\u00a0Redob\u00e2ndirea \u00eencrederii \u00een sine, dep\u0103\u015firea momentului actual \u00een care tot ceea ce p\u0103rea cert \u015fi stabil se clatin\u0103, identificarea pericolelor la adresa valorilor care definesc proiectul civiliza\u0163ional al democra\u0163iei liberale, asigurarea unui echilibru \u00eentre datoria libert\u0103\u0163ii \u015fi necesitatea securit\u0103\u0163ii, a ap\u0103r\u0103rii \u00eempotriva atacurilor teroriste.<\/p>\n<p data-index=\"38\"><strong>Reporter<\/strong>:\u00a0\u00a0Dac\u0103 a\u0163i fi vrut s\u0103 r\u0103spunde\u0163i la o \u00eentrebare, iar eu am ratat-o.<\/p>\n<p data-index=\"39\"><strong>Vladimir Tism\u0103neanu<\/strong>:\u00a0Ce-i de f\u0103cut\u00a0? S\u0103 nu capitul\u0103m, s\u0103 nu disper\u0103m, s\u0103 nu ced\u0103m.<\/p>\n<p data-index=\"40\">Vladimir Tism\u0103neanu este politolog, profesor de \u015ftiin\u0163e politice la Universitatea Maryland, din 1990.\u00a0 A studiat sociologia \u015fi \u015fi-a sus\u0163inut \u00een 1980 doctoratul \u00een filozofie la Universitatea din Bucure\u015fti cu o tez\u0103 despre teoria critic\u0103 a \u015ecolii de la Frankfurt. A p\u0103r\u0103sit Rom\u00e2nia \u00een septembrie 1981 \u015fi a locuit un timp la Paris \u015fi la Caracas.<\/p>\n<p data-index=\"41\">Din septembrie 1982 tr\u0103ie\u015fte \u00een Statele Unite. \u00centre 1982 \u015fi 1990 a fost cercet\u0103tor la Foreign Policy Research Institute din Philadelphia. \u00cen anii 1985-1990 a predat \u015ftiin\u0163e politice la Universitatea Pennsylvania. \u00cen perioada martie-decembrie 2006 a fost pre\u015fedintele Comisiei Preziden\u0163iale pentru Analiza Dictaturii Comuniste din Rom\u00e2nia (CPADCR. \u00cen 2007 a primit din partea Universit\u0103\u0163ii Maryland Distinguished International Service Award, iar Asocia\u0163ia American\u0103 de \u015etiin\u0163e Politice i-a acordat certificatul pentru merite excep\u0163ionale \u00een predarea \u015ftiin\u0163elor politice.<\/p>\n<p data-index=\"42\">A publicat, printre altele\u00a0: \u201dReinventarea politicului. Europa R\u0103s\u0103ritean\u0103 de la Stalin la Havel \u201d(Free Press, 1992 \u015fi 1993; Polirom, 1997 \u015fi 2007); \u201dFantasmele salv\u0103rii. Democra\u0163ie, na\u0163ionalism \u015fi mit \u00een Europa postcomunist\u0103\u201d (Princeton University Press, 1998 \u015fi 2009; Polirom, 1999); \u201dStalinism pentru eternitate. O istorie politic\u0103 a comunismului rom\u00e2nesc \u201d(University of California Press, 2003; Polirom, 2005; \u00een 2004, Premiul Barbara Jelavich din partea American Association for the Advancement of Slavic Studies, ca lucrare excep\u0163ional\u0103 \u00een domeniul istoriei Europei de R\u0103s\u0103rit \u015fi Centrale); \u201dThe Devil in History: Communism, Fascism, and Some Lessons of the Twentieth Century\u201d (University of California Press, 2012).<\/p>\n<\/div>\n<p> Source URL: https:\/\/www.digi24.ro\/stiri\/actualitate\/politica\/vladimir-tismaneanu-protestele-de-la-bucuresti-au-pus-capacul-peste-cosciugul-in-care-zace-sistemul-iliescu-674602<\/p>\n","protected":false},"excerpt":{"rendered":"<p>Declarat cuv\u00e2ntul anului 2016 \u015fi investit cu for\u0163a de a defini epoca pe care o travers\u0103m, post-adev\u0103rul r\u0103m\u00e2ne o minciun\u0103, de felul celei pe care se \u00eentemeiau, de altfel, limbajele totalitare, argumenteaz\u0103 politologul Vladimir Tism\u0103neanu, pentru care minciuna trebuie desemnat\u0103 \u00een continuare ca minciun\u0103, nu ca \u201cpost-adev\u0103r\u201d. \u00centr-un interviu acordat agen\u0163iei de pres\u0103 News.ro, Tism\u0103neanu [&hellip;]<\/p>\n","protected":false},"author":1,"featured_media":146513,"comment_status":"open","ping_status":"","sticky":false,"template":"","format":"standard","meta":{"footnotes":""},"categories":[2],"tags":[11],"class_list":["post-146512","post","type-post","status-publish","format-standard","has-post-thumbnail","hentry","category-politics","tag-digi24"],"_links":{"self":[{"href":"https:\/\/analyse.optim.biz\/index.php?rest_route=\/wp\/v2\/posts\/146512","targetHints":{"allow":["GET"]}}],"collection":[{"href":"https:\/\/analyse.optim.biz\/index.php?rest_route=\/wp\/v2\/posts"}],"about":[{"href":"https:\/\/analyse.optim.biz\/index.php?rest_route=\/wp\/v2\/types\/post"}],"author":[{"embeddable":true,"href":"https:\/\/analyse.optim.biz\/index.php?rest_route=\/wp\/v2\/users\/1"}],"replies":[{"embeddable":true,"href":"https:\/\/analyse.optim.biz\/index.php?rest_route=%2Fwp%2Fv2%2Fcomments&post=146512"}],"version-history":[{"count":0,"href":"https:\/\/analyse.optim.biz\/index.php?rest_route=\/wp\/v2\/posts\/146512\/revisions"}],"wp:featuredmedia":[{"embeddable":true,"href":"https:\/\/analyse.optim.biz\/index.php?rest_route=\/wp\/v2\/media\/146513"}],"wp:attachment":[{"href":"https:\/\/analyse.optim.biz\/index.php?rest_route=%2Fwp%2Fv2%2Fmedia&parent=146512"}],"wp:term":[{"taxonomy":"category","embeddable":true,"href":"https:\/\/analyse.optim.biz\/index.php?rest_route=%2Fwp%2Fv2%2Fcategories&post=146512"},{"taxonomy":"post_tag","embeddable":true,"href":"https:\/\/analyse.optim.biz\/index.php?rest_route=%2Fwp%2Fv2%2Ftags&post=146512"}],"curies":[{"name":"wp","href":"https:\/\/api.w.org\/{rel}","templated":true}]}}