{"id":146509,"date":"2017-02-22T12:17:34","date_gmt":"2017-02-22T09:17:34","guid":{"rendered":"https:\/\/analyse.optim.biz\/?p=146509"},"modified":"2017-02-22T12:17:34","modified_gmt":"2017-02-22T09:17:34","slug":"tariceanu-despre-propunerea-psd-la-justitie-pare-o-solutie-buna","status":"publish","type":"post","link":"https:\/\/analyse.optim.biz\/?p=146509","title":{"rendered":"T\u0103riceanu despre propunerea PSD la Justi\u021bie: \u201ePare o solu\u021bie bun\u0103\u201d"},"content":{"rendered":"<div class=\"entry data-app-meta data-app-meta-article\" data-embed-base-url-canonical=\"https:\/\/www.digi24.ro\/embed\/stiri\/actualitate\/politica\/tariceanu-despre-propunerea-psd-la-justitie-pare-o-solutie-buna-674665\">\n<p data-index=\"1\"><strong>La \u00eencheierea \u0219edin\u021bei coali\u021biei de guvernare, co-pre\u0219edintele ALDE, C\u0103lin Popescu T\u0103riceanu, a ar\u0103tat c\u0103, de\u0219i ar fi vrut ca Executivul s\u0103 con\u021bin\u0103 doar mini\u0219tri politici, solu\u021bia propus\u0103 de PSD, de a avea un ministru tehnocrat la Justi\u021bie, \u201epare o solu\u021bie bun\u0103\u201d. T\u0103riceanu spune, totodat\u0103, c\u0103 nu se pune problema \u00eenlocuirii lui Toma Petcu de la \u0219efia Ministerului Energiei.<\/strong><\/p>\n<p data-index=\"2\"><img loading=\"lazy\" decoding=\"async\" class=\"alignnone size-full wp-image-485244\" src=\"https:\/\/analyse.optim.biz\/wp-content\/uploads\/2024\/09\/agfzad0wntlhmzvjyza4mdy3nmq1zjfhzdcwnwjjmtkzymrjmq-thumb_.jpg\" alt=\"alde tariceanu constantin 09 09 2015\" width=\"800\" height=\"532\" data-skip-htmlfix=\"1\" title=\"agfzad0wntlhmzvjyza4mdy3nmq1zjfhzdcwnwjjmtkzymrjmq-thumb_\"><\/p>\n<p data-index=\"3\">\u201e<strong>R\u0103m\u00e2n la convingerea mea c\u0103 un Guvern politic trebuie s\u0103 aib\u0103 \u00een exclusivitate mini\u0219tri politici, dar solu\u021bia pe care a propus-o PSD mi se pare o solu\u021bie bun\u0103<\/strong>\u201d, a declarat T\u0103riceanu, invoc\u00e2nd \u0219i tensiunile din societate generate de scandalul OUG 13.<\/p>\n<p data-index=\"4\">Co-pre\u0219edintele ALDE a refuzat \u00eens\u0103 s\u0103 confirme dac\u0103 la ministerul Justi\u021biei va fi numit, a\u0219a cum s-a comunicat pe surse, fostul judec\u0103tor al Cur\u021bii Constitu\u021bionale Tudorel Toader.<\/p>\n<p data-index=\"5\">Co-liderul ALDE Daniel Constantin s-a mul\u021bumit s\u0103 arate, referindu-se la propunerile pe care PSD le va face la Justi\u021bie \u0219i Mediul de afaceri, c\u0103 sunt \u201epropuneri foarte bune, care vor eficientiza activitatea Guvernului\u201d.<\/p>\n<p data-index=\"6\">\u00centrebat despre situa\u021bia ministrului Energiei, Toma Petcu, a c\u0103rui \u00eenlocuire ar fi fost cerut\u0103, potrivit unor surse, de premierul Grindeanu \u0219i pre\u0219edintele PSD, Liviu Dragnea, T\u0103riceanu a fost categoric: \u201e<strong>Nu avem de ce s\u0103 discut\u0103m situa\u021bia de la Ministerul Energiei<\/strong>. Deocamdat\u0103, ministrul Toma Petcu este sub tratament, a fost \u0219i spitalizat. Ast\u0103zi, voi avea o \u00eent\u00e2lnire cu el pentru a discuta probleme legate de domeniul energetic\u201d.<\/p>\n<p data-index=\"7\">C\u00e2t despre \u0219edin\u021ba de ast\u0103zi a coali\u021biei la guvernare, co-liderul ALDE Daniel Constantin a confirmat c\u0103 astfel de \u00eent\u00e2lniri vor fi frecvente \u0219i au rolul de a controla activitatea Guvernului Grindeanu. \u201eRegulamentul pe care l-am propus acum dou\u0103 s\u0103pt\u0103m\u00e2ni a \u00eenceput s\u0103 func\u021bioneze. Vom avea \u00eent\u00e2lniri periodice. <strong>Deciziile importante pentru \u021bar\u0103 pe care le ia Guvernul trebuie s\u0103 treac\u0103 prin aceast\u0103 \u0219edin\u021b\u0103 a coali\u021biei. Cred c\u0103 coali\u021bia va \u00eencepe s\u0103 func\u021bioneze mult mai bine<\/strong>\u201d, a declarat Constantin.<\/p>\n<p data-index=\"8\">Acum dou\u0103 s\u0103pt\u0103m\u00e2ni, la semnarea Regulamentului de func\u021bionare a coali\u021biei la guvernare, ministrul Mediului preciza: \u201eEu \u015fi o parte din colegii mei din ALDE am sim\u0163it nevoia s\u0103 avem ceea ce cred c\u0103 to\u0163i g\u00e2ndeam, s\u0103 avem a\u015fternut pe h\u00e2rtie un Regulament prin care s\u0103 spunem foarte clar cum se \u00eent\u00e2lne\u015fte coali\u0163ia de guvernare, din cine este format\u0103, cum se iau deciziile, cine semneaz\u0103 procesele-verbale pe baza c\u0103rora ac\u0163ion\u0103m la nivelul Legislativului \u015fi la nivelul actului de guvernare\u201d. Anterior, pe surse, a fost transmis\u0103 informa\u021bia c\u0103 liderii ALDE ar fi nemul\u021bumi\u021bi de faptul c\u0103 doar pre\u0219edintele PSD, Liviu Dragnea, avea un cuv\u00e2nt de spus \u00een privin\u021ba ac\u021biunilor Cabinetului Grindeanu.<\/p>\n<\/div>\n<p> Source URL: https:\/\/www.digi24.ro\/stiri\/actualitate\/politica\/tariceanu-despre-propunerea-psd-la-justitie-pare-o-solutie-buna-674665<\/p>\n","protected":false},"excerpt":{"rendered":"<p>La \u00eencheierea \u0219edin\u021bei coali\u021biei de guvernare, co-pre\u0219edintele ALDE, C\u0103lin Popescu T\u0103riceanu, a ar\u0103tat c\u0103, de\u0219i ar fi vrut ca Executivul s\u0103 con\u021bin\u0103 doar mini\u0219tri politici, solu\u021bia propus\u0103 de PSD, de a avea un ministru tehnocrat la Justi\u021bie, \u201epare o solu\u021bie bun\u0103\u201d. T\u0103riceanu spune, totodat\u0103, c\u0103 nu se pune problema \u00eenlocuirii lui Toma Petcu de la [&hellip;]<\/p>\n","protected":false},"author":1,"featured_media":146510,"comment_status":"open","ping_status":"","sticky":false,"template":"","format":"standard","meta":{"footnotes":""},"categories":[2],"tags":[11],"class_list":["post-146509","post","type-post","status-publish","format-standard","has-post-thumbnail","hentry","category-politics","tag-digi24"],"_links":{"self":[{"href":"https:\/\/analyse.optim.biz\/index.php?rest_route=\/wp\/v2\/posts\/146509","targetHints":{"allow":["GET"]}}],"collection":[{"href":"https:\/\/analyse.optim.biz\/index.php?rest_route=\/wp\/v2\/posts"}],"about":[{"href":"https:\/\/analyse.optim.biz\/index.php?rest_route=\/wp\/v2\/types\/post"}],"author":[{"embeddable":true,"href":"https:\/\/analyse.optim.biz\/index.php?rest_route=\/wp\/v2\/users\/1"}],"replies":[{"embeddable":true,"href":"https:\/\/analyse.optim.biz\/index.php?rest_route=%2Fwp%2Fv2%2Fcomments&post=146509"}],"version-history":[{"count":0,"href":"https:\/\/analyse.optim.biz\/index.php?rest_route=\/wp\/v2\/posts\/146509\/revisions"}],"wp:featuredmedia":[{"embeddable":true,"href":"https:\/\/analyse.optim.biz\/index.php?rest_route=\/wp\/v2\/media\/146510"}],"wp:attachment":[{"href":"https:\/\/analyse.optim.biz\/index.php?rest_route=%2Fwp%2Fv2%2Fmedia&parent=146509"}],"wp:term":[{"taxonomy":"category","embeddable":true,"href":"https:\/\/analyse.optim.biz\/index.php?rest_route=%2Fwp%2Fv2%2Fcategories&post=146509"},{"taxonomy":"post_tag","embeddable":true,"href":"https:\/\/analyse.optim.biz\/index.php?rest_route=%2Fwp%2Fv2%2Ftags&post=146509"}],"curies":[{"name":"wp","href":"https:\/\/api.w.org\/{rel}","templated":true}]}}