{"id":146506,"date":"2017-02-22T13:24:22","date_gmt":"2017-02-22T10:24:22","guid":{"rendered":"https:\/\/analyse.optim.biz\/?p=146506"},"modified":"2017-02-22T13:24:22","modified_gmt":"2017-02-22T10:24:22","slug":"victor-ponta-in-acest-moment-la-comanda-executivului-se-afla-patru-piloti","status":"publish","type":"post","link":"https:\/\/analyse.optim.biz\/?p=146506","title":{"rendered":"Victor Ponta: \u00cen acest moment la comanda Executivului se afl\u0103 patru \u201epilo\u021bi\u201d"},"content":{"rendered":"<div class=\"entry data-app-meta data-app-meta-article\" data-embed-base-url-canonical=\"https:\/\/www.digi24.ro\/embed\/stiri\/actualitate\/politica\/victor-ponta-in-acest-moment-la-comanda-executivului-se-afla-patru-piloti-674710\">\n<p data-index=\"1\"><strong>Victor Ponta explic\u0103, \u00eentr-o postare pe pagina de Facebook, c\u0103 sus\u021bine interpretarea recent\u0103 a afirma\u021biilor sale recente, potrivit c\u0103rora la conducerea Guvernului s-ar afla, \u00een acest moment, patru \u201epilo\u021bi\u201d.<\/strong><\/p>\n<figure class=\"article-thumb\"><img decoding=\"async\" src=\"https:\/\/analyse.optim.biz\/wp-content\/uploads\/2024\/09\/yxnopwiwmzllzwy0ztrhmdu3zjawodq0zty0zjfmzmqzyze2-thumb_.jpg\" alt=\"PONTA\" data-skip-htmlfix=\"1\" title=\"yxnopwiwmzllzwy0ztrhmdu3zjawodq0zty0zjfmzmqzyze2-thumb_\"><figcaption> Foto: Digi24 <\/figcaption><\/figure>\n<p data-index=\"2\">\u201e\u00cemi sus\u021bin cu t\u0103rie opinia\/\u0219i simt nevoia s\u0103 mai adaug c\u00e2teva elemente despre ce \u00eenseamn\u0103 un act de guvernare eficient \u0219i coerent \u0219i pericolele care pot ap\u0103rea \/ z\u0103u c\u0103 \u0219tiu foarte bine despre ce vorbesc!<\/p>\n<p data-index=\"3\">Am facut parte din 3 Guverne:<\/p>\n<p data-index=\"4\">1. Guvernul \u201eN\u0103stase\u201d unde \u201eman\u0219a\u201d era la Primul Ministru &#8211; \u0219i cred ca a fost un act de guvernare foarte bun pentru Romania (crestere economica, pace sociala, acces in NATO si in UE, etc)!<\/p>\n<p data-index=\"5\">2. Guvernul \u201eBoc\u201d unde mansa era oficial la Primul Ministru dar \u00eel avea mereu pe Traian B\u0103sescu d\u00e2nd indicatii, luand decizii, impunand masuri &#8211; a fost un dezastru guvernamental<\/p>\n<p data-index=\"6\">3. Guvernul \u201ePonta\u201d unde m-am consultat cu multi oameni, am respectat imperative politice dar decizia si viziunea guvernamentala mi-au apartinut &#8211; cu bune si cu rele! Tocmai pentru a folosi toate resursele mele pentru succesul actului de guvernare am dorit si agreat ca activitatea zilnica a PSD sa fie condusa in mod real in 2012-2015 de catre Liviu Dragnea (eu pastrand doar un rol de ponderare si reprezentare publica)!<\/p>\n<p data-index=\"7\">Am vazut si am criticat Guvernul \u201eCiolos\u201d unde mansa a fost impartita in mod haotic de Presedintele Iohannis cu Premierul Ciolos si cu \u201eSistemul\u201d &#8211; deja 3 pilo\u021bi !!! Catastrofa era previzibila si inevitabila!<\/p>\n<p data-index=\"8\">Acum vad Guvernul &#8220;Grindeanu&#8221; (pe care l-am votat si al carui succes m-ar face foarte fericit si linistit) cum are deja 4 piloti ! Langa Premier trage de mansa cu toata puterea si presedintele Iohannis (instalarea cu forta in capul mesei de la Palatul Victoria sau somatiile legate de buget sunt elemente evidente) \/ trage vizibil si Presedintele PSD Liviu Dragnea (care nu doar ca a anuntat la inceput membrii Cabinetului dar ii si coordoneaza direct si prezinta public toate lucrurile pozitive &#8211; cele negative le lasa pentru bietii ministri) \/ exista din ce in ce mai vizibil si public si a patra &#8220;mana&#8221; pe mansa &#8211; cea a Sistemului care transmite prin vocea Procurorului General sau al Procurorului Sef DNA ce ordonante sau legi trebuie sa adopte sau sa nu adopte Guvernul, cine poate sau nu poate sa fie Ministru sau Secretar de Stat &#8211; ba chiar si cate salarii se pot mari din ipoteticele si fantezistele &#8220;prejudicii&#8221; ( nu are rost sa va spun ca in 2016 cu Guvernul Tehnocrat procentul real de recuperare a atins minimul istoric de sub 10%)!<\/p>\n<p data-index=\"9\">O intrebare simpla : dvs vedeti un avion si in cabina sunt 4 piloti care se imbrancesc si tipa unul la altul va mai urcati in el? Sau daca deja sunteti inauntru va uitati dupa &#8220;Iesirea de Urgenta&#8221; sau va rugati la Dumnezeu sa ajungeti cat mai repede la aterizare ca sa fugiti mancand pamantul bucurosi ca ati scapat?<br \/>Adaugati la acest tablou sumbru inca doua elemente :<\/p>\n<p data-index=\"10\">1. In jurul &#8220;avionului&#8221; Romania este o furtuna teribila &#8211; Rusia, Ucraina, Turcia, Siria, Grecia , etc \/ iar &#8220;controlorii de zbor&#8221; de la Washington si Bruxelles au atat de multe probleme interne incat Romania este ultima lor preocupare<\/p>\n<p data-index=\"11\">2. Romania inca mai are &#8220;combustibil&#8221; economic din perioada foarte buna 2013-2015 !!! O mare parte insa a fost deja consumat in 2016 si acum deja acul indicator se apropie de zona rosie!<br \/>Imi fac datoria sa spun aceste lucruri pentru ca imi pasa de Romania si pentru ca stiu foarte bine despre ce vorbesc!<\/p>\n<p data-index=\"12\">Ma adresez oamenilor care gandesc cu mintea lor &#8211; manipularile propagandistice de tipul &#8220;iata si Ponta spune ca e rau Guvernul PSD&#8221; sau &#8220;Ponta simte schimbarea si vrea sa-i ia locul lui Dragnea&#8221; sunt pentru securisti si prosti care ma lasa deja indiferent!\u201d, a scris Victor Ponta pe Facebook.<\/p>\n<\/div>\n<p> Source URL: https:\/\/www.digi24.ro\/stiri\/actualitate\/politica\/victor-ponta-in-acest-moment-la-comanda-executivului-se-afla-patru-piloti-674710<\/p>\n","protected":false},"excerpt":{"rendered":"<p>Victor Ponta explic\u0103, \u00eentr-o postare pe pagina de Facebook, c\u0103 sus\u021bine interpretarea recent\u0103 a afirma\u021biilor sale recente, potrivit c\u0103rora la conducerea Guvernului s-ar afla, \u00een acest moment, patru \u201epilo\u021bi\u201d. Foto: Digi24 \u201e\u00cemi sus\u021bin cu t\u0103rie opinia\/\u0219i simt nevoia s\u0103 mai adaug c\u00e2teva elemente despre ce \u00eenseamn\u0103 un act de guvernare eficient \u0219i coerent \u0219i pericolele [&hellip;]<\/p>\n","protected":false},"author":1,"featured_media":146507,"comment_status":"open","ping_status":"","sticky":false,"template":"","format":"standard","meta":{"footnotes":""},"categories":[2],"tags":[11],"class_list":["post-146506","post","type-post","status-publish","format-standard","has-post-thumbnail","hentry","category-politics","tag-digi24"],"_links":{"self":[{"href":"https:\/\/analyse.optim.biz\/index.php?rest_route=\/wp\/v2\/posts\/146506","targetHints":{"allow":["GET"]}}],"collection":[{"href":"https:\/\/analyse.optim.biz\/index.php?rest_route=\/wp\/v2\/posts"}],"about":[{"href":"https:\/\/analyse.optim.biz\/index.php?rest_route=\/wp\/v2\/types\/post"}],"author":[{"embeddable":true,"href":"https:\/\/analyse.optim.biz\/index.php?rest_route=\/wp\/v2\/users\/1"}],"replies":[{"embeddable":true,"href":"https:\/\/analyse.optim.biz\/index.php?rest_route=%2Fwp%2Fv2%2Fcomments&post=146506"}],"version-history":[{"count":0,"href":"https:\/\/analyse.optim.biz\/index.php?rest_route=\/wp\/v2\/posts\/146506\/revisions"}],"wp:featuredmedia":[{"embeddable":true,"href":"https:\/\/analyse.optim.biz\/index.php?rest_route=\/wp\/v2\/media\/146507"}],"wp:attachment":[{"href":"https:\/\/analyse.optim.biz\/index.php?rest_route=%2Fwp%2Fv2%2Fmedia&parent=146506"}],"wp:term":[{"taxonomy":"category","embeddable":true,"href":"https:\/\/analyse.optim.biz\/index.php?rest_route=%2Fwp%2Fv2%2Fcategories&post=146506"},{"taxonomy":"post_tag","embeddable":true,"href":"https:\/\/analyse.optim.biz\/index.php?rest_route=%2Fwp%2Fv2%2Ftags&post=146506"}],"curies":[{"name":"wp","href":"https:\/\/api.w.org\/{rel}","templated":true}]}}