{"id":146407,"date":"2017-02-20T23:09:13","date_gmt":"2017-02-20T20:09:13","guid":{"rendered":"https:\/\/analyse.optim.biz\/?p=146407"},"modified":"2017-02-20T23:09:13","modified_gmt":"2017-02-20T20:09:13","slug":"ministrii-isi-fac-temele-vor-iesi-pe-rand-sa-prezinte-greaua-mostenire","status":"publish","type":"post","link":"https:\/\/analyse.optim.biz\/?p=146407","title":{"rendered":"Mini\u0219trii \u00ee\u0219i fac temele: Vor ie\u0219i, pe r\u00e2nd, s\u0103 prezinte \u201egreaua mo\u0219tenire\u201d"},"content":{"rendered":"<div class=\"entry data-app-meta data-app-meta-article\" data-embed-base-url-canonical=\"https:\/\/www.digi24.ro\/embed\/stiri\/actualitate\/politica\/ministrii-isi-fac-temele-vor-iesi-pe-rand-sa-prezinte-greaua-mostenire-673594\">\n<p data-index=\"1\"><strong>Premierul Sorin Grideanu a declarat c\u0103 \u00een perioada urm\u0103toare, mini\u015ftrii vor ie\u015fi cu o analiz\u0103 la zi a situa\u0163iei pe care au g\u0103sit-o la ministere dup\u0103 ce s-au instalat \u015fi obiectivele lor pe perioada mandatului, afirm\u00e2nd c\u0103 absorb\u0163ia de fonduri europene este \u00een acest moment prioritatea principal\u0103 a Guvernului dup\u0103 ce \u201danumite \u00eent\u00e2rzieri \u015fi ceea ce s-a pierdut \u00een 2016 nu mai poate fi recuperat\u201d.<\/strong><\/p>\n<p data-index=\"2\"><img loading=\"lazy\" decoding=\"async\" class=\"alignnone size-full wp-image-673597\" src=\"https:\/\/analyse.optim.biz\/wp-content\/uploads\/2024\/09\/jnc9odawjmhhc2g9zmy5yzgwntbhnja2yzjlytrjody0mzawnzbhzjy4ody-thumb_.jpg\" alt=\"guvern2\" width=\"1195\" height=\"721\" data-skip-htmlfix=\"1\" title=\"jnc9odawjmhhc2g9zmy5yzgwntbhnja2yzjlytrjody0mzawnzbhzjy4ody-thumb_\"><\/p>\n<p data-index=\"3\"><strong>\u201eNici eu, nici colegii mei nu am vorbit de mo\u015ftenirea grea, dar este nevoie \u015fi se va \u00eent\u00e2mpla \u00een perioada urm\u0103toare ca fiecare minister trebuie s\u0103 ias\u0103 cu o radiografie la zi a situa\u0163iei a\u015fa cum a g\u0103sit-o \u015fi unde vrem s\u0103 ajungem. E absolut necesar \u015fi se va \u00eent\u00e2mpla acest lucru\u201d<\/strong>, a declarat premierul Sorin Grindeanu.<\/p>\n<p data-index=\"4\">\u015eeful Executivului a afirmat c\u0103 <strong>\u201e\u00eent\u00e2rzierile \u015fi pierderile\u201d<\/strong> legate de absorb\u0163ia de fonduri europene pe care Guvernul Ciolo\u015f le-a l\u0103sat <strong>\u201enu mai pot fi recuperate\u201d<\/strong>, preciz\u00e2nd c\u0103 \u00een opinia sa acesta este de fapt drama cu care Rom\u00e2nia se confrunt\u0103 atunci c\u00e2nd <strong>\u201eexist\u0103 guverne care nu au aplecare spre binele cet\u0103\u0163eanului\u201d<\/strong>.<\/p>\n<p data-index=\"5\"><strong>\u201eAnul acesta 5,2 miliarde de euro (absorb\u0163ie fonduri europene &#8211; n.r.) \u015fi pentru asta trebuie s\u0103 pornim motoarele (&#8230;) Sunt anumite lucruri \u015fi vor fi spuse \u00een perioada urm\u0103toare care nu mai pot fi recuperate, din p\u0103cate, datorit\u0103 lui 2016 \u015fi o s\u0103 ie\u015fim cu o situa\u0163ie la zi din acest punct de vedere pe fonduri europene. Anumite \u00eent\u00e2rzieri \u015fi ceea ce s-a pierdut \u00een 2016, din p\u0103cate, nu mai poate fi recuperat. Eu cred c\u0103 asta e de fapt drama, dincolo de altceva, pe care noi continu\u0103m de la un exerci\u0163iu bugetar la altul s-o tr\u0103im atunci c\u00e2nd exist\u0103 guverne care nu au aplecare spre binele cet\u0103\u0163eanului\u201d<\/strong>, a afirmat Grindeanu.<\/p>\n<p data-index=\"6\">Premierul a subliniat c\u0103 absorb\u0163ia de fonduri europene este \u00een acest moment <strong>\u201eprioritatea num\u0103rul unu\u201d<\/strong> a cabinetului s\u0103u.<\/p>\n<p data-index=\"7\"><em>Sursa: News.ro<\/em><\/p>\n<\/div>\n<p> Source URL: https:\/\/www.digi24.ro\/stiri\/actualitate\/politica\/ministrii-isi-fac-temele-vor-iesi-pe-rand-sa-prezinte-greaua-mostenire-673594<\/p>\n","protected":false},"excerpt":{"rendered":"<p>Premierul Sorin Grideanu a declarat c\u0103 \u00een perioada urm\u0103toare, mini\u015ftrii vor ie\u015fi cu o analiz\u0103 la zi a situa\u0163iei pe care au g\u0103sit-o la ministere dup\u0103 ce s-au instalat \u015fi obiectivele lor pe perioada mandatului, afirm\u00e2nd c\u0103 absorb\u0163ia de fonduri europene este \u00een acest moment prioritatea principal\u0103 a Guvernului dup\u0103 ce \u201danumite \u00eent\u00e2rzieri \u015fi ceea [&hellip;]<\/p>\n","protected":false},"author":1,"featured_media":146408,"comment_status":"open","ping_status":"","sticky":false,"template":"","format":"standard","meta":{"footnotes":""},"categories":[2],"tags":[11],"class_list":["post-146407","post","type-post","status-publish","format-standard","has-post-thumbnail","hentry","category-politics","tag-digi24"],"_links":{"self":[{"href":"https:\/\/analyse.optim.biz\/index.php?rest_route=\/wp\/v2\/posts\/146407","targetHints":{"allow":["GET"]}}],"collection":[{"href":"https:\/\/analyse.optim.biz\/index.php?rest_route=\/wp\/v2\/posts"}],"about":[{"href":"https:\/\/analyse.optim.biz\/index.php?rest_route=\/wp\/v2\/types\/post"}],"author":[{"embeddable":true,"href":"https:\/\/analyse.optim.biz\/index.php?rest_route=\/wp\/v2\/users\/1"}],"replies":[{"embeddable":true,"href":"https:\/\/analyse.optim.biz\/index.php?rest_route=%2Fwp%2Fv2%2Fcomments&post=146407"}],"version-history":[{"count":0,"href":"https:\/\/analyse.optim.biz\/index.php?rest_route=\/wp\/v2\/posts\/146407\/revisions"}],"wp:featuredmedia":[{"embeddable":true,"href":"https:\/\/analyse.optim.biz\/index.php?rest_route=\/wp\/v2\/media\/146408"}],"wp:attachment":[{"href":"https:\/\/analyse.optim.biz\/index.php?rest_route=%2Fwp%2Fv2%2Fmedia&parent=146407"}],"wp:term":[{"taxonomy":"category","embeddable":true,"href":"https:\/\/analyse.optim.biz\/index.php?rest_route=%2Fwp%2Fv2%2Fcategories&post=146407"},{"taxonomy":"post_tag","embeddable":true,"href":"https:\/\/analyse.optim.biz\/index.php?rest_route=%2Fwp%2Fv2%2Ftags&post=146407"}],"curies":[{"name":"wp","href":"https:\/\/api.w.org\/{rel}","templated":true}]}}