{"id":146385,"date":"2017-02-23T16:29:44","date_gmt":"2017-02-23T13:29:44","guid":{"rendered":"https:\/\/analyse.optim.biz\/?p=146385"},"modified":"2017-02-23T16:29:44","modified_gmt":"2017-02-23T13:29:44","slug":"turcan-despre-viitorul-pnl-usr-alianta-sau-fuziune-reactia-lui-nicusor-dan","status":"publish","type":"post","link":"https:\/\/analyse.optim.biz\/?p=146385","title":{"rendered":"Turcan despre viitorul PNL-USR: Alian\u021b\u0103 sau fuziune. Reac\u021bia lui Nicu\u0219or Dan"},"content":{"rendered":"<div class=\"entry data-app-meta data-app-meta-article\" data-embed-base-url-canonical=\"https:\/\/www.digi24.ro\/embed\/stiri\/actualitate\/politica\/turcan-despre-viitorul-pnl-usr-alianta-sau-fuziune-675601\">\n<p data-index=\"1\"><strong>Pre\u0219edintele interimar al PNL, Raluca Turcan, a vorbit despre colaborarea cu USR, ar\u0103t\u00e2nd c\u0103 \u201epe termen lung\u201d cele dou\u0103 partide pot intra \u00eentr-o alian\u021b\u0103. Nici varianta fuziunii nu este exclus\u0103 de liderul interimar al liberalilor.<\/strong><\/p>\n<p data-index=\"2\"><img loading=\"lazy\" decoding=\"async\" class=\"alignnone size-full wp-image-646822\" src=\"https:\/\/analyse.optim.biz\/wp-content\/uploads\/2024\/09\/pwyzztu2m2rhzdyyngy3otywzmy4nwm1yjjjytnmyjm1-thumb_.jpg\" alt=\"TURCAN sursa pnl.ro\" width=\"1200\" height=\"800\" data-skip-htmlfix=\"1\" title=\"pwyzztu2m2rhzdyyngy3otywzmy4nwm1yjjjytnmyjm1-thumb_\"><\/p>\n<p data-index=\"3\">\u201eEu nu privesc USR ca pe un adversar politic, ci mai degrab\u0103 ca pe un competitor pe un anumit segment de electorat, un segment care a fost destul de dezam\u0103git de sistemul politic de p\u00e2n\u0103 acum. <strong>Cred \u00eens\u0103 c\u0103 dac\u0103 PNL va deveni acel vector politic din scena politic\u0103 credibil, cu idei sus\u021binute de dreapta, USR poate s\u0103 vin\u0103 natural al\u0103turi de PNL fie \u00eentr-o alian\u021b\u0103, fie dac\u0103 nu, la un moment dat, printr-o fuziune<\/strong>. Asta este solu\u021bia pe termen lung, pentru c\u0103 PNL are organiza\u021bii jude\u021bene, are nuclee dure cu oameni foarte corec\u021bi \u0219i foarte buni \u0219i implica\u021bi \u0219i cu deschidere pentru a le da oamenilor solu\u021bii\u201d, a declarat Raluca Turcan, la <a href=\"http:\/\/adevarul.ro\/news\/politica\/adevarul-live-ora-1300-raluca-turcan-despre-lupta-putere-pnl-1_58aea9355ab6550cb8bc9c59\/index.html\" target=\"_blank\" data-skip-linkfix=\"1\" rel=\"noopener\">Adev\u0103rul live<\/a>.<\/p>\n<p data-index=\"4\">\u201ePNL nu este un adversar, eu colaborez foarte bine cu colegii din USR, \u00eens\u0103 PNL are program, are echip\u0103, are valori, are aceast\u0103 \u015fans\u0103 de a restructura intern \u015fi cred c\u0103 pe termen lung putem colabora foarte bine\u201d, a mai spus Turcan.<\/p>\n<p data-index=\"5\">C\u00e2t despre scorul ob\u021binut de PNL la alegerile parlamentare din decembrie 2011, pre\u0219edintele interimar al liberalilor a ar\u0103tat: \u201eAm ajuns la 20% pentru c\u0103 a existat un dublu limbaj \u00eentre ceea ce spuneam \u0219i ceea ce se \u00eent\u00e2mpla\u201d.<\/p>\n<p data-index=\"6\">Referitor la congresul PNL, Turcan a declarat, la <a href=\"http:\/\/adevarul.ro\/news\/politica\/adevarul-live-ora-1300-raluca-turcan-despre-lupta-putere-pnl-1_58aea9355ab6550cb8bc9c59\/index.html\" target=\"_blank\" data-skip-linkfix=\"1\" rel=\"noopener\">Adev\u0103rul live<\/a>, c\u0103 o preocup\u0103 \u201emult mai pu\u021bin acum\u201d cine va fi viitorul pre\u0219edinte al partidului. \u201eM\u0103 intereseaz\u0103 proiectul PNL \u0219i vreau s\u0103 v\u0103d ac\u021biune parlamentar\u0103 consistent\u0103, serioas\u0103, nu doar critic\u0103 la PSD, ci alternativ\u0103 \u00een Parlament. Vreau s\u0103 v\u0103d oameni de calitate \u00een decizia politic\u0103 a PNL \u0219i c\u00e2nd spun calitate m\u0103 refer la integritate, implicare \u0219i profesionalism, dup\u0103 aceea va rezulta \u0219i cel care \u00eei va putea \u021bine al\u0103turi pe to\u021bi ace\u0219ti oameni\u201d, a ar\u0103tat pre\u0219edintele interimar al liberalilor.<\/p>\n<p class=\"gdpr-placeholder gdpr-social-media gdpr-iframe-fix\" data-index=\"8\"> Setarile tale privind cookie-urile nu permit afisarea continutul din aceasta sectiune. Poti actualiza setarile modulelor coookie direct din browser sau de <a class=\"ot-sdk-show-settings\" data-skip-linkfix=\"1\">aici<\/a> \u2013 e nevoie sa accepti cookie-urile social media<\/p>\n<p data-index=\"9\">\u00a0<\/p>\n<\/div>\n<p> Source URL: https:\/\/www.digi24.ro\/stiri\/actualitate\/politica\/turcan-despre-viitorul-pnl-usr-alianta-sau-fuziune-675601<\/p>\n","protected":false},"excerpt":{"rendered":"<p>Pre\u0219edintele interimar al PNL, Raluca Turcan, a vorbit despre colaborarea cu USR, ar\u0103t\u00e2nd c\u0103 \u201epe termen lung\u201d cele dou\u0103 partide pot intra \u00eentr-o alian\u021b\u0103. Nici varianta fuziunii nu este exclus\u0103 de liderul interimar al liberalilor. \u201eEu nu privesc USR ca pe un adversar politic, ci mai degrab\u0103 ca pe un competitor pe un anumit segment [&hellip;]<\/p>\n","protected":false},"author":1,"featured_media":146386,"comment_status":"open","ping_status":"","sticky":false,"template":"","format":"standard","meta":{"footnotes":""},"categories":[2],"tags":[11],"class_list":["post-146385","post","type-post","status-publish","format-standard","has-post-thumbnail","hentry","category-politics","tag-digi24"],"_links":{"self":[{"href":"https:\/\/analyse.optim.biz\/index.php?rest_route=\/wp\/v2\/posts\/146385","targetHints":{"allow":["GET"]}}],"collection":[{"href":"https:\/\/analyse.optim.biz\/index.php?rest_route=\/wp\/v2\/posts"}],"about":[{"href":"https:\/\/analyse.optim.biz\/index.php?rest_route=\/wp\/v2\/types\/post"}],"author":[{"embeddable":true,"href":"https:\/\/analyse.optim.biz\/index.php?rest_route=\/wp\/v2\/users\/1"}],"replies":[{"embeddable":true,"href":"https:\/\/analyse.optim.biz\/index.php?rest_route=%2Fwp%2Fv2%2Fcomments&post=146385"}],"version-history":[{"count":0,"href":"https:\/\/analyse.optim.biz\/index.php?rest_route=\/wp\/v2\/posts\/146385\/revisions"}],"wp:featuredmedia":[{"embeddable":true,"href":"https:\/\/analyse.optim.biz\/index.php?rest_route=\/wp\/v2\/media\/146386"}],"wp:attachment":[{"href":"https:\/\/analyse.optim.biz\/index.php?rest_route=%2Fwp%2Fv2%2Fmedia&parent=146385"}],"wp:term":[{"taxonomy":"category","embeddable":true,"href":"https:\/\/analyse.optim.biz\/index.php?rest_route=%2Fwp%2Fv2%2Fcategories&post=146385"},{"taxonomy":"post_tag","embeddable":true,"href":"https:\/\/analyse.optim.biz\/index.php?rest_route=%2Fwp%2Fv2%2Ftags&post=146385"}],"curies":[{"name":"wp","href":"https:\/\/api.w.org\/{rel}","templated":true}]}}