{"id":146379,"date":"2017-02-23T17:14:35","date_gmt":"2017-02-23T14:14:35","guid":{"rendered":"https:\/\/analyse.optim.biz\/?p=146379"},"modified":"2017-02-23T17:14:35","modified_gmt":"2017-02-23T14:14:35","slug":"un-specialist-angajat-de-ponta-la-guvern-dat-afara-de-grindeanu-pentru-ca-a-colaborat-cu-tehnocratii","status":"publish","type":"post","link":"https:\/\/analyse.optim.biz\/?p=146379","title":{"rendered":"Un specialist angajat de Ponta la Guvern, dat afar\u0103 de Grindeanu pentru c\u0103 \u201ea colaborat cu tehnocra\u021bii\u201d"},"content":{"rendered":"<div class=\"entry data-app-meta data-app-meta-article\" data-embed-base-url-canonical=\"https:\/\/www.digi24.ro\/embed\/stiri\/actualitate\/politica\/un-specialist-angajat-de-ponta-la-guvern-dat-afara-de-grindeanu-pentru-ca-a-colaborat-cu-tehnocratii-675617\">\n<p data-index=\"1\"><strong>Cristian Botan, un t\u00e2n\u0103r care a fost cooptat \u00een echipa guvernamental\u0103 a lui Victor Ponta, dup\u0103 ce a creat un site de recrutare \u00een administra\u021bie, a r\u0103mas f\u0103r\u0103 serviciu. Acesta a ocupat p\u00e2n\u0103 \u00een data de 4 ianuarie 2017 func\u021bia de consilier \u00een cadrul Cancelariei Prim-ministrului. At\u00e2t de tare a deranjat \u00eenc\u00e2t a fost \u201epus pe liber\u201d\u00a0chiar \u00een seara zilei c\u00e2nd Guvernul Grindeanu a depus jur\u0103m\u00e2ntul.<\/strong><\/p>\n<p data-index=\"2\"><img loading=\"lazy\" decoding=\"async\" class=\"alignnone size-full wp-image-675620\" src=\"https:\/\/analyse.optim.biz\/wp-content\/uploads\/2024\/09\/mzuymtawodziy2vkoduynwy2ntg1yzbmzgvi-thumb_.jpg\" alt=\"cristian botan\" width=\"960\" height=\"860\" data-skip-htmlfix=\"1\" title=\"mzuymtawodziy2vkoduynwy2ntg1yzbmzgvi-thumb_\"><\/p>\n<p data-index=\"3\">De\u0219i ar mai fi fost nevoie de experien\u021ba lui \u00een echipa guvernamental\u0103, noul secretar general al Guvernului, Mihai Busuioc, a considerat c\u0103 Botan este \u201ecolabora\u021bionist\u201d, \u00een sensul c\u0103 \u201ea colaborat cu tehnocra\u021bii\u201d \u0219i \u00een consecin\u021b\u0103 este \u201eomul lui Ciolo\u0219\u201d.<\/p>\n<p data-index=\"4\">Pentru a l\u0103muri situa\u021bia, <a href=\"https:\/\/www.facebook.com\/cristianbotan.ro\/posts\/666107840242523?__mref=message_bubble\" target=\"_blank\" data-skip-linkfix=\"1\" rel=\"noopener\">Cristian Botan a postat pe Facebook<\/a> \u201eaventura\u201d sa de patru ani la Guvern, p\u00e2n\u0103 \u00een\u00a0momentul \u00eenvestirii lui Grindeanu. Red\u0103m \u00een continuare \u00eentreaga postare.<\/p>\n<p data-index=\"5\"><strong>Cristian Botan, pe Facebook:<\/strong> \u201eMul\u021bi colaboratori \u0219i prieteni apropia\u021bi m-au \u00eentrebat cum e atmosfera la Palatul Victoria \u00een ultima vreme \u0219i dac\u0103 sunt \u00een regul\u0103. Pentru clarificare, \u00een data de 4 ianuarie 2017, prin ordinul noului secretar general al Guvernului, domnul Mihai Busuioc, am fost revocat din func\u021bia de consilier \u00een cadrul Cancelariei Prim-ministrului. Sunt cumva onorat de importan\u021ba pe care mi-au acordat-o, lu\u00e2nd decizia respectiv\u0103 chiar \u00een seara depunerii jur\u0103m\u00e2ntului la Cotroceni.<\/p>\n<p data-index=\"6\">Am purtat discu\u021bii cu mai mul\u021bi colegi imediat dup\u0103 decizie, primind asigur\u0103ri c\u0103 situa\u021bia se va a\u0219eza \u0219i c\u0103 \u00eemi voi putea continua proiectele. Dup\u0103 mai multe s\u0103pt\u0103m\u00e2ni de a\u0219teptare, \u00een final mi s-a transmis off the record c\u0103, \u00een ciuda eforturilor depuse, problema nu se va rezolva din pricina faptului c\u0103 \u00een timpul guvernului anterior am \u201ecolaborat cu tehnocra\u021bii\u201d \u0219i c\u0103 sunt de fapt \u201eomul lui Ciolo\u0219\u201d.<\/p>\n<p data-index=\"7\">Am l\u0103sat la Guvern un proiect pentru noul site al posturilor vacante din sectorul public, cel actual fiind deja perimat. Noul proiect include facilitatea \u00eenscrierii online la concursuri, un sistem de alert\u0103 instant\u0103 prin e-mail pe criteriile stabilite de utilizator, filtrarea anun\u021burilor \u00een func\u021bie de studii \/ vechime \/ abilit\u0103\u021bi lingvistice \/ competen\u021be IT, publicarea salariului pentru fiecare post scos la concurs, publicarea fi\u0219ei postului \u0219.a. Sunt lucruri perfect normale pentru epoca digital\u0103 \u00een care ne afl\u0103m, \u00eens\u0103 cumva \u0219tiin\u021bifico-fantastice pentru noi \u0219i administra\u021bia noastr\u0103.<\/p>\n<p data-index=\"8\">Accesul meu la proiectul noului site a fost restric\u021bionat \u00eentre timp \u0219i acesta a fost ascuns de publicul larg. C\u00e2t prive\u0219te site-ul actual, ve\u021bi remarca c\u0103 Guvernul actual a \u0219ters de pe prima pagin\u0103 men\u021biunea c\u0103 el reprezint\u0103 continuarea portalului PublicJob.ro, precum \u0219i numele meu, ad\u0103ug\u00e2nd \u00een schimb textul \u201e\u00a9 Secretariatul General al Guvernului. Toate drepturile rezervate\u201d. Pentru c\u0103 dac\u0103 tot vorbim de transparen\u021b\u0103, organizare corect\u0103 a concursurilor \u0219i accesul c\u00e2t mai larg la acestea, atunci e cumva firesc ca Guvernul s\u0103 declare c\u0103 un site \u00eentre\u021binut din bani publici se afl\u0103 sub drepturi de autor, iar con\u021binutul nu poate fi distribuit mai departe.<\/p>\n<p data-index=\"9\">Cu ceva timp \u00een urm\u0103 i-am transmis premierului Sorin Grindeanu o scrisoare \u00een care am sintetizat unde suntem cu posturi.gov.ro \u0219i ce avem de f\u0103cut mai departe. N-am primit niciun r\u0103spuns, \u00eens\u0103 uneori absen\u021ba unui r\u0103spuns constituie un r\u0103spuns \u00een sine. Am petrecut 4 ani la Guvern, timp \u00een care a trebuit s\u0103 \u00een\u021beleg &#8216;the hard way&#8217; c\u0103 schimbarea cu adev\u0103rat substan\u021bial\u0103 nu se produce doar modific\u00e2nd legi sau reguli, ci educ\u00e2nd mentalit\u0103\u021bi. Despre ace\u0219ti ani m\u0103 angajez s\u0103 v\u0103 povestesc cu alt\u0103 ocazie.<\/p>\n<p data-index=\"10\">M\u0103 voi rezuma acum \u00een a mul\u021bumi premierului Victor Ponta \u0219i echipei VP pentru \u00eencrederea pe care mi-au acordat-o \u0219i lucrurile faine pe care le-am construit \u00eempreun\u0103. Mi-au oferit un cec \u00een alb \u00een 2012, iar pentru acest lucru le sunt recunosc\u0103tor. \u0218tiu c\u0103 nu se practic\u0103 neap\u0103rat la noi, \u00eens\u0103 voi mul\u021bumi \u0219i premierului Dacian Ciolo\u015f \u0219i echipei pentru un an \u00een care, f\u0103r\u0103 a colabora direct, m-am bucurat de libertatea de-a lucra la proiectele mele \u00een ciuda faptului c\u0103 eram \u201eomul lui Ponta\u201d.<\/p>\n<p data-index=\"11\">Plec din Palatul Victoria m\u00e2hnit de faptul c\u0103 n-am realizat tot ce mi-a\u0219 fi dorit, \u00eens\u0103 \u00eemp\u0103cat c\u0103 am reu\u0219it tot ce-a depins numai de mine. R\u0103m\u00e2n \u00een continuare un avocat pentru transparen\u021b\u0103, integritate \u0219i combaterea nepotismului din administra\u021bie\u201d.<\/p>\n<\/div>\n<p> Source URL: https:\/\/www.digi24.ro\/stiri\/actualitate\/politica\/un-specialist-angajat-de-ponta-la-guvern-dat-afara-de-grindeanu-pentru-ca-a-colaborat-cu-tehnocratii-675617<\/p>\n","protected":false},"excerpt":{"rendered":"<p>Cristian Botan, un t\u00e2n\u0103r care a fost cooptat \u00een echipa guvernamental\u0103 a lui Victor Ponta, dup\u0103 ce a creat un site de recrutare \u00een administra\u021bie, a r\u0103mas f\u0103r\u0103 serviciu. Acesta a ocupat p\u00e2n\u0103 \u00een data de 4 ianuarie 2017 func\u021bia de consilier \u00een cadrul Cancelariei Prim-ministrului. At\u00e2t de tare a deranjat \u00eenc\u00e2t a fost \u201epus [&hellip;]<\/p>\n","protected":false},"author":1,"featured_media":146380,"comment_status":"open","ping_status":"","sticky":false,"template":"","format":"standard","meta":{"footnotes":""},"categories":[2],"tags":[11],"class_list":["post-146379","post","type-post","status-publish","format-standard","has-post-thumbnail","hentry","category-politics","tag-digi24"],"_links":{"self":[{"href":"https:\/\/analyse.optim.biz\/index.php?rest_route=\/wp\/v2\/posts\/146379","targetHints":{"allow":["GET"]}}],"collection":[{"href":"https:\/\/analyse.optim.biz\/index.php?rest_route=\/wp\/v2\/posts"}],"about":[{"href":"https:\/\/analyse.optim.biz\/index.php?rest_route=\/wp\/v2\/types\/post"}],"author":[{"embeddable":true,"href":"https:\/\/analyse.optim.biz\/index.php?rest_route=\/wp\/v2\/users\/1"}],"replies":[{"embeddable":true,"href":"https:\/\/analyse.optim.biz\/index.php?rest_route=%2Fwp%2Fv2%2Fcomments&post=146379"}],"version-history":[{"count":0,"href":"https:\/\/analyse.optim.biz\/index.php?rest_route=\/wp\/v2\/posts\/146379\/revisions"}],"wp:featuredmedia":[{"embeddable":true,"href":"https:\/\/analyse.optim.biz\/index.php?rest_route=\/wp\/v2\/media\/146380"}],"wp:attachment":[{"href":"https:\/\/analyse.optim.biz\/index.php?rest_route=%2Fwp%2Fv2%2Fmedia&parent=146379"}],"wp:term":[{"taxonomy":"category","embeddable":true,"href":"https:\/\/analyse.optim.biz\/index.php?rest_route=%2Fwp%2Fv2%2Fcategories&post=146379"},{"taxonomy":"post_tag","embeddable":true,"href":"https:\/\/analyse.optim.biz\/index.php?rest_route=%2Fwp%2Fv2%2Ftags&post=146379"}],"curies":[{"name":"wp","href":"https:\/\/api.w.org\/{rel}","templated":true}]}}